{"id":519799,"date":"2023-04-15T04:12:14","date_gmt":"2023-04-15T04:12:14","guid":{"rendered":"https:\/\/dimensionturistica.com\/es\/?p=519799"},"modified":"2023-04-15T04:12:15","modified_gmt":"2023-04-15T04:12:15","slug":"viajes-al-festival-de-merida-con-el-cit-zafra","status":"publish","type":"post","link":"https:\/\/dimensionturistica.com\/es\/viajes-al-festival-de-merida-con-el-cit-zafra\/","title":{"rendered":"Viajes al Festival de M\u00e9rida con el CIT Zafra"},"content":{"rendered":"<p> <br \/>\n<\/p>\n<div>\n<p>Desde la Junta Directiva del CIT de Zafra comunican que se van a realizar dos salidas culturales para asistir a sendas representaciones del Competition de M\u00e9rida, una en el mes de julio y otra en agosto.<\/p>\n<p>La primera de ellas, \u201cLas nubes\u201d una coproducci\u00f3n del Competition Internacional de Teatro Cl\u00e1sico de M\u00e9rida e Hiperb\u00f3licas Producciones con un reparto compuesto por Pepe Viyuela, Mariano Pe\u00f1a y Cristina Almaz\u00e1n entre otros; es una comedia que nos cuenta una historia muy sencilla: Estreps\u00edades, que va camino de la ruina por culpa de las deudas del holgaz\u00e1n de su hijo, resolve apuntarse en la escuela de S\u00f3crates para aprender ret\u00f3rica, un arte con el que pretende convencer a sus acreedores de que las cosas no son como parecen que son y que, en realidad, no les debe nada. La adaptaci\u00f3n de la compa\u00f1\u00eda tendr\u00e1 gui\u00f1os a M\u00e9rida y su Teatro.<\/p>\n<p>El montaje que se ver\u00e1 en agosto es \u201cLa comedia de los errores\u201d, una coproducci\u00f3n del Competition y Mixtolobo y est\u00e1 protagonizada por Pep\u00f3n Nieto, Antonio Pagudo, Fernando Soto, Avelino Piedad entre otros. La obra empieza con una sentencia de muerte y todo se convierte en una fiesta por error. \u201cPor error cambiamos de pareja creyendo que estamos en lo cierto y por error acabamos en la c\u00e1rcel creyendo ser honestos. De los errores aprendemos, pero es un error pensarlo si aspiramos a no equivocarnos\u201d.<\/p>\n<p>Las entradas para \u201cLas nubes\u201d son para el s\u00e1bado, 29 de julio; y las de la obra \u201cLa comedia de los errores\u201d para el s\u00e1bado, 5 de agosto; el autob\u00fas saldr\u00e1 de la Plaza del Alcazar a las 20.30 horas y regresar\u00e1 una vez finalizada la representaci\u00f3n.<\/p>\n<p>El precio del viaje incluye entrada en cavea lateral a precio reducido por promoci\u00f3n, la plaza de autob\u00fas y seguro de viaje. Las personas que sean socias del CIT podr\u00e1n adquirir cada una de las plazas por 29\u20ac y aquellas personas que no sean socias, pero est\u00e9n interesadas en inscribirse podr\u00e1n hacerlo al precio de 32\u20ac hasta completar las 55 plazas del autocar, cada uno de los viajes deber\u00e1n llegar a un m\u00ednimo de 35 personas para poderse realizar.<\/p>\n<p>El plazo para inscribirse y podernos beneficiar de la promoci\u00f3n es el lunes 22 de mayo y las inscripciones pueden formalizarse a trav\u00e9s del siguiente enlace: https:\/\/types.gle\/83BpFM6GfiVKqP2N8<\/p>\n<p>\u00a0<\/p>\n<\/p><\/div>\n\n<p><em> &#8221; Fuentes infoprovincia.net &#8221; <\/em><\/p>\n","protected":false},"excerpt":{"rendered":"<p>Desde la Junta Directiva del CIT de Zafra comunican que se van a realizar dos salidas culturales para asistir a sendas representaciones del Competition de M\u00e9rida, una en el mes de julio y otra en agosto. La primera de ellas, \u201cLas nubes\u201d una coproducci\u00f3n del Competition Internacional de Teatro Cl\u00e1sico de M\u00e9rida e Hiperb\u00f3licas Producciones [&hellip;]<\/p>\n","protected":false},"author":4,"featured_media":519800,"comment_status":"open","ping_status":"closed","sticky":false,"template":"","format":"standard","meta":{"om_disable_all_campaigns":false,"jnews-multi-image_gallery":[],"jnews_single_post":[],"jnews_primary_category":[],"jnews_social_meta":[],"footnotes":""},"categories":[39],"tags":[662],"class_list":["post-519799","post","type-post","status-publish","format-standard","has-post-thumbnail","hentry","category-viajes","tag-cultura"],"_links":{"self":[{"href":"https:\/\/dimensionturistica.com\/es\/wp-json\/wp\/v2\/posts\/519799","targetHints":{"allow":["GET"]}}],"collection":[{"href":"https:\/\/dimensionturistica.com\/es\/wp-json\/wp\/v2\/posts"}],"about":[{"href":"https:\/\/dimensionturistica.com\/es\/wp-json\/wp\/v2\/types\/post"}],"author":[{"embeddable":true,"href":"https:\/\/dimensionturistica.com\/es\/wp-json\/wp\/v2\/users\/4"}],"replies":[{"embeddable":true,"href":"https:\/\/dimensionturistica.com\/es\/wp-json\/wp\/v2\/comments?post=519799"}],"version-history":[{"count":0,"href":"https:\/\/dimensionturistica.com\/es\/wp-json\/wp\/v2\/posts\/519799\/revisions"}],"wp:featuredmedia":[{"embeddable":true,"href":"https:\/\/dimensionturistica.com\/es\/wp-json\/wp\/v2\/media\/519800"}],"wp:attachment":[{"href":"https:\/\/dimensionturistica.com\/es\/wp-json\/wp\/v2\/media?parent=519799"}],"wp:term":[{"taxonomy":"category","embeddable":true,"href":"https:\/\/dimensionturistica.com\/es\/wp-json\/wp\/v2\/categories?post=519799"},{"taxonomy":"post_tag","embeddable":true,"href":"https:\/\/dimensionturistica.com\/es\/wp-json\/wp\/v2\/tags?post=519799"}],"curies":[{"name":"wp","href":"https:\/\/api.w.org\/{rel}","templated":true}]}}