{"id":518999,"date":"2023-04-13T06:35:02","date_gmt":"2023-04-13T06:35:02","guid":{"rendered":"https:\/\/dimensionturistica.com\/es\/?p=518999"},"modified":"2023-04-13T06:35:03","modified_gmt":"2023-04-13T06:35:03","slug":"echabas-de-menos-un-canal-de-viajes-hay-uno-nuevo-que-acaba-de-despegar","status":"publish","type":"post","link":"https:\/\/dimensionturistica.com\/es\/echabas-de-menos-un-canal-de-viajes-hay-uno-nuevo-que-acaba-de-despegar\/","title":{"rendered":"\u00bfEchabas de menos un canal de viajes? Hay uno nuevo que acaba de despegar"},"content":{"rendered":"<p> <br \/>\n<\/p>\n<div itemprop=\"articleBody\">\n<p class=\"mce\">Tras la desaparici\u00f3n del Canal Viajar el espectro de los canales tem\u00e1ticos se hab\u00eda quedado sin alguna se\u00f1al especializada en el mundo viajero, en la geograf\u00eda m\u00e1s rec\u00f3ndita, los hoteles o los destinos m\u00e1s singulares. Esa especialidad vuelve a ponerse a disposici\u00f3n del mando y <strong class=\"mce\">Movistar Plus +, Vodafone TV, Orange<\/strong> o Jazztel incorporan este jueves 13 un canal que acaba de zarpar: \u00a1Buenviaje!<\/p>\n<p class=\"mce\">AMC Networks Worldwide ha creado esta oferta espa\u00f1ola que conjuga docuseries conocidas de esta tem\u00e1tica, novedades en el \u00e1mbito del universo viajero m\u00e1s curioso y producci\u00f3n propia que se ir\u00e1 incorporando con el sello del grupo de canales como Historia, Decasa o Canal Cocina.<\/p>\n<p><!-- mt = 1681367401 --><br \/>\n<!-- INI: intext advertising --><\/p>\n<p><!-- END: intext advertising --><br \/>\n<!-- \/mt = 1681367401 --><\/p>\n<p class=\"mce\">&#8220;Un canal m\u00e1s para viajeros que para turistas&#8221;\u00a0 apunta<strong class=\"mce\"> Manuel Balsera,<\/strong> director common de AMC en el Sur de Europa. Period un empe\u00f1o y un deseo, como directivo y sobre todo como viajero. Se hab\u00eda quedado en blanco la oferta m\u00e1s &#8216;movida&#8217; y de nuevo hay una se\u00f1al dedicada exclusivamente a hacer las maletas.<\/p>\n<p class=\"mce\">&#8220;\u00a1Buenviaje! se une a nuestro portfolio con el objetivo de aportar a los espectadores nuevas y emocionantes ideas gracias a una gran variedad de contenido actual, exclusivo y prestigioso, proveniente de todo el mundo\u201d, agrega Balsera de la mano de<strong class=\"mce\"> Mandi Ciriza<\/strong>, directora de los canales de producci\u00f3n propia de AMC. Ambos muestran su entusiasmo por la acogida que puede tener un contenedor tan esperado para los espectadores. Tambi\u00e9n se podr\u00e1n ver bajo demanda la producciones que engrosan la parrilla diaria.<\/p>\n<div class=\"inset-auto inset-auto--video\">\n<div class=\"inset-video\">\n<div class=\"inset\">\n<figure class=\"media-image\">\n<div class=\"jeg_video_container jeg_video_content\"><iframe loading=\"lazy\" title=\"\u00a1BUENVIAJE! | El canal de televisi\u00f3n que te lleva m\u00e1s lejos\" width=\"500\" height=\"281\" src=\"https:\/\/www.youtube.com\/embed\/fuPT_i1lktg?feature=oembed\" frameborder=\"0\" allow=\"accelerometer; autoplay; clipboard-write; encrypted-media; gyroscope; picture-in-picture; web-share\" referrerpolicy=\"strict-origin-when-cross-origin\" allowfullscreen><\/iframe><\/div>\n<p><!-- .obj-embed --><br \/>\n        <\/figure>\n<p><!-- .media-embed-video-youtube --><\/div>\n<p><!-- .inset --><figcaption><!-- .footnote --><br \/>\n    <\/figcaption><\/div>\n<\/div>\n<p><!-- .inset --><\/p>\n<p class=\"mce\">Deste cadena se destaca que las docuseries invitan al espectador &#8220;a descubrir y explorar nuevos lugares fomentando las expediciones responsables y respetuosas con otras culturas y con el medio ambiente&#8221;, con &#8220;destinos inspiradores, planes gastron\u00f3micos, alojamientos singulares y nuevas formas de viajar&#8221; para descubrir.<\/p>\n<p class=\"mce\">Entre los formatos con que despega el canal viajero se encuentran\u00a0\u00a0<strong class=\"mce\"><em class=\"mce\">Jap\u00f3n con Sue Perkins, Darcey Bussell y los viajes de la Reina<\/em>,<\/strong> formatos fundamentales como\u00a0<em class=\"mce\">Los hoteles m\u00e1s extraordinarios del mundo<\/em>, rutas enfocadas a lo gastron\u00f3mico como <em class=\"mce\">Sabores de M\u00e9xico con Paul Hollywood<\/em>\u00a0o E<em class=\"mce\">l Cornualles de Rick Stein,<\/em> con el widespread prescriptor de destinos de ensue\u00f1o. Tambi\u00e9n est\u00e1 programada Rock the Park, galardonada con un premio Emmy, que presenta parajes naturales desconocidos; y el recorrido de las grandes urbes, dentro de las propuestas diferentes que se propone la cadena \u00a1Buenviaje!&#8217;, es a vista a\u00e9rea con<strong class=\"mce\"> <em class=\"mce\">En las alturas de las ciudades<\/em><\/strong>.<\/p>\n<p class=\"mce\"><em class=\"mce\">\u00c1frica con Ade Adepitan, El viajero comprometido, Billy Connolly en tren por Estados Unidos<\/em> o <em class=\"mce\">Grandes viajes ferroviarios en Australia,<\/em> son otras de las docuseries de la nueva cadena de AMC que llega este jueves a las principales plataformas de pago OTT.<\/p>\n<\/div>\n\n<p><em> &#8221; Fuentes www.diariodesevilla.es &#8221; <\/em><\/p>\n","protected":false},"excerpt":{"rendered":"<p>Tras la desaparici\u00f3n del Canal Viajar el espectro de los canales tem\u00e1ticos se hab\u00eda quedado sin alguna se\u00f1al especializada en el mundo viajero, en la geograf\u00eda m\u00e1s rec\u00f3ndita, los hoteles o los destinos m\u00e1s singulares. Esa especialidad vuelve a ponerse a disposici\u00f3n del mando y Movistar Plus +, Vodafone TV, Orange o Jazztel incorporan este [&hellip;]<\/p>\n","protected":false},"author":4,"featured_media":519000,"comment_status":"open","ping_status":"closed","sticky":false,"template":"","format":"standard","meta":{"om_disable_all_campaigns":false,"jnews-multi-image_gallery":[],"jnews_single_post":[],"jnews_primary_category":[],"jnews_social_meta":[],"footnotes":""},"categories":[39],"tags":[3491,2474,66226,760,545,442],"class_list":["post-518999","post","type-post","status-publish","format-standard","has-post-thumbnail","hentry","category-viajes","tag-canal","tag-despegar","tag-echabas","tag-nuevo","tag-viajes","tag-video"],"_links":{"self":[{"href":"https:\/\/dimensionturistica.com\/es\/wp-json\/wp\/v2\/posts\/518999","targetHints":{"allow":["GET"]}}],"collection":[{"href":"https:\/\/dimensionturistica.com\/es\/wp-json\/wp\/v2\/posts"}],"about":[{"href":"https:\/\/dimensionturistica.com\/es\/wp-json\/wp\/v2\/types\/post"}],"author":[{"embeddable":true,"href":"https:\/\/dimensionturistica.com\/es\/wp-json\/wp\/v2\/users\/4"}],"replies":[{"embeddable":true,"href":"https:\/\/dimensionturistica.com\/es\/wp-json\/wp\/v2\/comments?post=518999"}],"version-history":[{"count":0,"href":"https:\/\/dimensionturistica.com\/es\/wp-json\/wp\/v2\/posts\/518999\/revisions"}],"wp:featuredmedia":[{"embeddable":true,"href":"https:\/\/dimensionturistica.com\/es\/wp-json\/wp\/v2\/media\/519000"}],"wp:attachment":[{"href":"https:\/\/dimensionturistica.com\/es\/wp-json\/wp\/v2\/media?parent=518999"}],"wp:term":[{"taxonomy":"category","embeddable":true,"href":"https:\/\/dimensionturistica.com\/es\/wp-json\/wp\/v2\/categories?post=518999"},{"taxonomy":"post_tag","embeddable":true,"href":"https:\/\/dimensionturistica.com\/es\/wp-json\/wp\/v2\/tags?post=518999"}],"curies":[{"name":"wp","href":"https:\/\/api.w.org\/{rel}","templated":true}]}}