{"id":518703,"date":"2023-04-12T12:10:33","date_gmt":"2023-04-12T12:10:33","guid":{"rendered":"https:\/\/dimensionturistica.com\/es\/?p=518703"},"modified":"2023-04-12T12:10:34","modified_gmt":"2023-04-12T12:10:34","slug":"cifras-positivas-de-la-federacion-andaluza-de-a-viajes-durante-la-semana-santa","status":"publish","type":"post","link":"https:\/\/dimensionturistica.com\/es\/cifras-positivas-de-la-federacion-andaluza-de-a-viajes-durante-la-semana-santa\/","title":{"rendered":"Cifras positivas de la Federaci\u00f3n Andaluza de A. Viajes durante la Semana Santa"},"content":{"rendered":"<p> <br \/>\n<\/p>\n<div>\n<p>La Federaci\u00f3n Andaluza de Agencias de Viajes, que presidente Luis Arroyo, ha hecho steadiness del resultado de la Semana Santa y las cifras que arroja son muy positivas para el sector que hacen sentirse optimistas.<\/p>\n<p>Durante este periodo vacacional, la Federaci\u00f3n muestra su satisfacci\u00f3n a la vista del an\u00e1lisis efectuado ya que a pesar de la subida de precios \u201clos andaluces han decido empezar a retomar la sana costumbre de viajar\u201d asegura Luis Arroyo quien confirma que \u201cdesde la Federaci\u00f3n, a trav\u00e9s de las empresas que la conforman, hemos podido llegar a vol\u00famenes de facturaci\u00f3n cercanos a los obtenidos en el 2019, que ya fue un a\u00f1o r\u00e9cord&#8221;, asegura.<\/p>\n<p>Los indicadores concluyen, por tanto, que la actividad tur\u00edstica se ha empezado a recuperar, tanto en el \u00e1mbito receptivo como emisor, una evoluci\u00f3n favorable que se viene detectado desde el \u00faltimo trimestre del pasado a\u00f1o y que contin\u00faa en esa misma escala \u201clo que nos ha permitido crecer tambi\u00e9n en t\u00e9rminos de empleo\u201d, afirma Luis Arroyo.<\/p>\n<p>Sobre las preferencias de nuestros viajeros, estos se decantaron durante la Semana Santa por la costa e islas, atra\u00eddos por el buen tiempo, as\u00ed como por ciudades del inside por sus tradiciones en esta \u00e9poca del a\u00f1o. Desde el punto de vista internacional, sus preferencias estuvieron en las capitales europeas, junto a Turqu\u00eda y Egipto, as\u00ed como el Caribe y EEUU que fueron los destinos m\u00e1s demandados, recuper\u00e1ndose tambi\u00e9n los asi\u00e1ticos tras el adi\u00f3s a la pandemia.<\/p>\n<p>El gasto medio por turista se ha elevado a 163 euros por persona\/ d\u00eda, habi\u00e9ndose observado tambi\u00e9n un incremento por encima del 19% , \u201clo que da idea que avanzamos hacia un turismo de calidad en el que las agencias de viajes tenemos mucho qu\u00e9 decir y aportar\u201d.<\/p>\n<p>Luis Arroyo concluye que a juzgar por todo ello \u201cvaticinamos un buen a\u00f1o tur\u00edstico y ponemos la vista ya en el periodo estival que lo tenemos a la vuelta de la esquina y en el que tenemos depositadas fundadas esperanzas\u201d<\/p>\n<\/p><\/div>\n\n<p><em> &#8221; Fuentes www.hosteltur.com &#8221; <\/em><\/p>\n","protected":false},"excerpt":{"rendered":"<p>La Federaci\u00f3n Andaluza de Agencias de Viajes, que presidente Luis Arroyo, ha hecho steadiness del resultado de la Semana Santa y las cifras que arroja son muy positivas para el sector que hacen sentirse optimistas. Durante este periodo vacacional, la Federaci\u00f3n muestra su satisfacci\u00f3n a la vista del an\u00e1lisis efectuado ya que a pesar de [&hellip;]<\/p>\n","protected":false},"author":4,"featured_media":399427,"comment_status":"open","ping_status":"closed","sticky":false,"template":"","format":"standard","meta":{"om_disable_all_campaigns":false,"jnews-multi-image_gallery":[],"jnews_single_post":[],"jnews_primary_category":[],"jnews_social_meta":[],"footnotes":""},"categories":[39],"tags":[572],"class_list":["post-518703","post","type-post","status-publish","format-standard","has-post-thumbnail","hentry","category-viajes","tag-distribucion"],"_links":{"self":[{"href":"https:\/\/dimensionturistica.com\/es\/wp-json\/wp\/v2\/posts\/518703","targetHints":{"allow":["GET"]}}],"collection":[{"href":"https:\/\/dimensionturistica.com\/es\/wp-json\/wp\/v2\/posts"}],"about":[{"href":"https:\/\/dimensionturistica.com\/es\/wp-json\/wp\/v2\/types\/post"}],"author":[{"embeddable":true,"href":"https:\/\/dimensionturistica.com\/es\/wp-json\/wp\/v2\/users\/4"}],"replies":[{"embeddable":true,"href":"https:\/\/dimensionturistica.com\/es\/wp-json\/wp\/v2\/comments?post=518703"}],"version-history":[{"count":0,"href":"https:\/\/dimensionturistica.com\/es\/wp-json\/wp\/v2\/posts\/518703\/revisions"}],"wp:featuredmedia":[{"embeddable":true,"href":"https:\/\/dimensionturistica.com\/es\/wp-json\/wp\/v2\/media\/399427"}],"wp:attachment":[{"href":"https:\/\/dimensionturistica.com\/es\/wp-json\/wp\/v2\/media?parent=518703"}],"wp:term":[{"taxonomy":"category","embeddable":true,"href":"https:\/\/dimensionturistica.com\/es\/wp-json\/wp\/v2\/categories?post=518703"},{"taxonomy":"post_tag","embeddable":true,"href":"https:\/\/dimensionturistica.com\/es\/wp-json\/wp\/v2\/tags?post=518703"}],"curies":[{"name":"wp","href":"https:\/\/api.w.org\/{rel}","templated":true}]}}