{"id":518575,"date":"2023-04-12T02:17:04","date_gmt":"2023-04-12T02:17:04","guid":{"rendered":"https:\/\/dimensionturistica.com\/es\/?p=518575"},"modified":"2023-04-12T02:17:05","modified_gmt":"2023-04-12T02:17:05","slug":"llama-congreso-a-inspeccionar-viajes-en-globos-aerostaticos","status":"publish","type":"post","link":"https:\/\/dimensionturistica.com\/es\/llama-congreso-a-inspeccionar-viajes-en-globos-aerostaticos\/","title":{"rendered":"Llama Congreso a inspeccionar viajes en globos aerost\u00e1ticos"},"content":{"rendered":"<p> <br \/>\n<\/p>\n<div>\n            <!-- image --><br \/>\n            <!-- content --><\/p>\n<p><a rel=\"nofollow noopener\" target=\"_blank\" href=\"https:\/\/eje19.com.mx\/wp-content\/uploads\/2023\/04\/IMG-20230411-WA0040.jpg\"><img decoding=\"async\" class=\"aligncenter size-large wp-image-105530\" src=\"https:\/\/eje19.com.mx\/wp-content\/uploads\/2023\/04\/IMG-20230411-WA0040-940x627.jpg\" alt=\"\" width=\"696\" height=\"464\" srcset=\"https:\/\/eje19.com.mx\/wp-content\/uploads\/2023\/04\/IMG-20230411-WA0040-940x627.jpg 940w, https:\/\/eje19.com.mx\/wp-content\/uploads\/2023\/04\/IMG-20230411-WA0040-620x414.jpg 620w, https:\/\/eje19.com.mx\/wp-content\/uploads\/2023\/04\/IMG-20230411-WA0040-300x200.jpg 300w, https:\/\/eje19.com.mx\/wp-content\/uploads\/2023\/04\/IMG-20230411-WA0040-768x512.jpg 768w, https:\/\/eje19.com.mx\/wp-content\/uploads\/2023\/04\/IMG-20230411-WA0040-696x464.jpg 696w, https:\/\/eje19.com.mx\/wp-content\/uploads\/2023\/04\/IMG-20230411-WA0040-1068x713.jpg 1068w, https:\/\/eje19.com.mx\/wp-content\/uploads\/2023\/04\/IMG-20230411-WA0040-630x420.jpg 630w, https:\/\/eje19.com.mx\/wp-content\/uploads\/2023\/04\/IMG-20230411-WA0040.jpg 1280w\" sizes=\"(max-width: 696px) 100vw, 696px\"\/><\/a><\/p>\n<p>Por unanimidad, el Congreso native llam\u00f3 al gobierno estatal a generar una agenda de trabajo con el gobierno federal, la Agencia Federal de Aviaci\u00f3n Civil (AFAC) y los 125 municipios para inspeccionar el funcionamiento de las empresas prestadoras de servicios tur\u00edsticos y operadores de servicios tur\u00edsticos, como los viajes en globos aerost\u00e1ticos y actividades tur\u00edsticas que impliquen alg\u00fan riesgo.<\/p>\n<p>Tambi\u00e9n solicit\u00f3 a la Secretar\u00eda de Infraestructura, Comunicaciones y Transportes del gobierno federal y a las autoridades estatales y municipales que atiendan las situaciones relativas a los incidentes de globos aerost\u00e1ticos, as\u00ed como que suscriban convenios de colaboraci\u00f3n para que quienes presten el servicio de transporte a\u00e9reo privado comercial por medio de globos aerost\u00e1ticos cuenten con private capacitado para llevar a cabo las inspecciones y verificaciones de dichos servicios.<\/p>\n<p>Adem\u00e1s, solicit\u00f3 un informe pormenorizado de los trabajos de la agenda propuesta a la Legislatura y que se realice una base de datos donde la ciudadan\u00eda pueda consultar la reglamentaci\u00f3n y licencias de las empresas prestadoras de servicio.<\/p>\n<p><a rel=\"nofollow noopener\" target=\"_blank\" href=\"https:\/\/eje19.com.mx\/wp-content\/uploads\/2023\/04\/IMG-20230411-WA0041.jpg\"><img decoding=\"async\" loading=\"lazy\" class=\"aligncenter size-large wp-image-105531\" src=\"https:\/\/eje19.com.mx\/wp-content\/uploads\/2023\/04\/IMG-20230411-WA0041-940x626.jpg\" alt=\"\" width=\"696\" height=\"464\" srcset=\"https:\/\/eje19.com.mx\/wp-content\/uploads\/2023\/04\/IMG-20230411-WA0041-940x626.jpg 940w, https:\/\/eje19.com.mx\/wp-content\/uploads\/2023\/04\/IMG-20230411-WA0041-620x413.jpg 620w, https:\/\/eje19.com.mx\/wp-content\/uploads\/2023\/04\/IMG-20230411-WA0041-300x200.jpg 300w, https:\/\/eje19.com.mx\/wp-content\/uploads\/2023\/04\/IMG-20230411-WA0041-768x512.jpg 768w, https:\/\/eje19.com.mx\/wp-content\/uploads\/2023\/04\/IMG-20230411-WA0041-1536x1023.jpg 1536w, https:\/\/eje19.com.mx\/wp-content\/uploads\/2023\/04\/IMG-20230411-WA0041-696x464.jpg 696w, https:\/\/eje19.com.mx\/wp-content\/uploads\/2023\/04\/IMG-20230411-WA0041-1068x712.jpg 1068w, https:\/\/eje19.com.mx\/wp-content\/uploads\/2023\/04\/IMG-20230411-WA0041-630x420.jpg 630w, https:\/\/eje19.com.mx\/wp-content\/uploads\/2023\/04\/IMG-20230411-WA0041.jpg 1600w\" sizes=\"auto, (max-width: 696px) 100vw, 696px\"\/><\/a><\/p>\n<p>De manera explicit, se llama al titular de la Secretar\u00eda de Infraestructura, Comunicaciones y Transportes del gobierno federal para que emita y actualice las disposiciones necesarias en materia de concesiones y permisos para prestar el servicio de transporte a\u00e9reo privado comercial por medio de aeronaves tipo globo aerost\u00e1tico; as\u00ed como que revisen la calidad del servicio de transporte a\u00e9reo privado comercial y las capacidades de los prestadores del servicio en menci\u00f3n en todo el territorio nacional.<\/p>\n<p>Los puntos de acuerdo tienen el objetivo de cerciorarse que las actividades se encuentren en regla y apegados a la normatividad vigente, con respeto a los protocolos de seguridad y cuenten con las licencias funcionamiento y los permisos de protecci\u00f3n civil y medio ambiente requeridos para su operatividad, para garantizar la seguridad e integridad y primordialmente la vida de los usuarios nacionales y extranjeros y de los propios prestadores de servicios.<\/p>\n<p>Piden sensibilizaci\u00f3n en el cuidado del agua<br \/>En sesi\u00f3n deliberante, se present\u00f3 un posicionamiento con motivo del \u2018D\u00eda Mundial del Agua\u2019, conmemorado el 22 de marzo, en el que se destac\u00f3 que las y los legisladores mexiquenses deben buscar sensibilizar a las personas a que realicen las acciones necesarias que permitan generar compromisos respecto a la importancia especial que tiene el cuidado del agua.<\/p>\n<\/p><\/div>\n\n<p><em> &#8221; Fuentes eje19.com.mx &#8221; <\/em><\/p>\n","protected":false},"excerpt":{"rendered":"<p>Por unanimidad, el Congreso native llam\u00f3 al gobierno estatal a generar una agenda de trabajo con el gobierno federal, la Agencia Federal de Aviaci\u00f3n Civil (AFAC) y los 125 municipios para inspeccionar el funcionamiento de las empresas prestadoras de servicios tur\u00edsticos y operadores de servicios tur\u00edsticos, como los viajes en globos aerost\u00e1ticos y actividades tur\u00edsticas [&hellip;]<\/p>\n","protected":false},"author":4,"featured_media":518576,"comment_status":"open","ping_status":"closed","sticky":false,"template":"","format":"standard","meta":{"om_disable_all_campaigns":false,"jnews-multi-image_gallery":[],"jnews_single_post":[],"jnews_primary_category":[],"jnews_social_meta":[],"footnotes":""},"categories":[39],"tags":[546],"class_list":["post-518575","post","type-post","status-publish","format-standard","has-post-thumbnail","hentry","category-viajes","tag-politica"],"_links":{"self":[{"href":"https:\/\/dimensionturistica.com\/es\/wp-json\/wp\/v2\/posts\/518575","targetHints":{"allow":["GET"]}}],"collection":[{"href":"https:\/\/dimensionturistica.com\/es\/wp-json\/wp\/v2\/posts"}],"about":[{"href":"https:\/\/dimensionturistica.com\/es\/wp-json\/wp\/v2\/types\/post"}],"author":[{"embeddable":true,"href":"https:\/\/dimensionturistica.com\/es\/wp-json\/wp\/v2\/users\/4"}],"replies":[{"embeddable":true,"href":"https:\/\/dimensionturistica.com\/es\/wp-json\/wp\/v2\/comments?post=518575"}],"version-history":[{"count":0,"href":"https:\/\/dimensionturistica.com\/es\/wp-json\/wp\/v2\/posts\/518575\/revisions"}],"wp:featuredmedia":[{"embeddable":true,"href":"https:\/\/dimensionturistica.com\/es\/wp-json\/wp\/v2\/media\/518576"}],"wp:attachment":[{"href":"https:\/\/dimensionturistica.com\/es\/wp-json\/wp\/v2\/media?parent=518575"}],"wp:term":[{"taxonomy":"category","embeddable":true,"href":"https:\/\/dimensionturistica.com\/es\/wp-json\/wp\/v2\/categories?post=518575"},{"taxonomy":"post_tag","embeddable":true,"href":"https:\/\/dimensionturistica.com\/es\/wp-json\/wp\/v2\/tags?post=518575"}],"curies":[{"name":"wp","href":"https:\/\/api.w.org\/{rel}","templated":true}]}}