{"id":517002,"date":"2023-04-06T21:11:30","date_gmt":"2023-04-06T21:11:30","guid":{"rendered":"https:\/\/dimensionturistica.com\/es\/?p=517002"},"modified":"2023-04-06T21:11:30","modified_gmt":"2023-04-06T21:11:30","slug":"los-destinos-mas-reservados-por-los-colombianos-en-semana-santa","status":"publish","type":"post","link":"https:\/\/dimensionturistica.com\/es\/los-destinos-mas-reservados-por-los-colombianos-en-semana-santa\/","title":{"rendered":"Los destinos m\u00e1s reservados por los colombianos en Semana Santa"},"content":{"rendered":"<p> <br \/>\n<\/p>\n<div>\n<p>La temporada vacacional de Semana Santa es una de las m\u00e1s fuertes del a\u00f1o, en la que se\u00a0 movilizan cada vez m\u00e1s viajeros para desconectarse por al menos unos cuantos d\u00edas de su trabajo o estudio en las ciudades. De esta manera, los colombianos buscan distintos destinos para pasar sus vacaciones, y <b>los viajes dom\u00e9sticos est\u00e1n entre los preferidos.\u00a0<\/b><\/p>\n<p>(<a rel=\"nofollow noopener\" target=\"_blank\" href=\"https:\/\/www.portafolio.co\/negocios\/turismo-religioso-no-siente-los-impactos-de-las-alzas-de-precios-580961\">Lea:\u00a0Turismo religioso no se detiene pese a subidas en los precios<\/a>).<\/p>\n<p>\u00a0Para este a\u00f1o, seg\u00fan un an\u00e1lisis de reservas que realiz\u00f3 Civitatis, la empresa\u00a0 de distribuci\u00f3n &#8216;on-line&#8217; de excursiones y actividades del mundo,\u00a0 los viajeros nacionales y extranjeros eligieron a <b>Cartagena y Medell\u00edn, como los destinos m\u00e1s atractivos<\/b> para realizar excursiones y excursions durante esta \u00e9poca, representando entre las dos ciudades el 67% del complete de las reservas.<\/p>\n<p>El <b>33% restante se encuentra dividido en actividades en Santa Marta, San Andr\u00e9s y Bogot\u00e1,<\/b> ubicando de esta forma, a estas ciudades en el prime 5 de destinos preferidos para realizar excursions durante Semana Santa.<\/p>\n<p>(<a rel=\"nofollow noopener\" target=\"_blank\" href=\"https:\/\/www.portafolio.co\/negocios\/semana-santa-asi-fue-el-golpe-para-hoteles-por-crisis-aerea-en-el-pais-580909\">Lea:\u00a0Crisis a\u00e9rea golpea fuerte a hoteles durante la Semana Santa<\/a>).<\/p>\n<p>En cuanto al tipo de excursiones elegidas, los recorridos por las ciudades y sus lugares emblem\u00e1ticos siguen siendo los m\u00e1s buscados. En Cartagena, <b>el tour por el centro hist\u00f3rico y el barrio de Getseman\u00ed,<\/b> son los favoritos de los viajeros. En el caso de Medell\u00edn, la gastronom\u00eda ha tomado fuerza, una de las actividades con mayor n\u00famero de reservas es el tour de gastronom\u00eda antioque\u00f1a y degustaci\u00f3n de comida callejera.<\/p>\n<p>Por otro lado, el turismo ecol\u00f3gico es la preferencia de los viajeros que visitan Santa Marta, eligiendo la<b> excursi\u00f3n al Parque Tayrona y senderismo en Minca, como las actividades m\u00e1s atractivas.<\/b> En San Andr\u00e9s vivir la experiencia de nadar con peces con el tour por los cayos y el acuario, sigue siendo el plan preferido por los turistas.<\/p>\n<p>Por \u00faltimo, <b>el turismo religioso fue el que marc\u00f3 la pauta en la capital del pa\u00eds.<\/b> Bogotanos y visitantes, eligieron el tour al Cerro de Monserrate y visitar la catedral de Sal de Zipaquir\u00e1, como las mejores actividades para realizar durante Semana Santa.<\/p>\n<p>(<a rel=\"nofollow noopener\" target=\"_blank\" href=\"https:\/\/www.portafolio.co\/negocios\/empresas\/cae-venta-de-viajes-para-semana-santa-en-colombia-segun-anato-580682\">Lea:\u00a0Caen las ventas de viajes para Semana Santa: a qu\u00e9 se debe<\/a>).<\/p>\n<p><i>\u201cLa gran variedad de excursiones que se encuentran es la respuesta a las necesidades del viajero actual. Vivir experiencias diferentes y aprovechar el tiempo al m\u00e1ximo, realizando todos los planes posibles durante las vacaciones es actualmente una prioridad. Cada vez es m\u00e1s com\u00fan que los viajeros reserven diferentes actividades, que se puedan realizar durante las 24 horas del d\u00eda y sobre todo cuando el tiempo de viaje es corto, como es el caso de Semana Santa\u201d,<\/i> comenta, Mar\u00eda Carolina Padilla, Nation Supervisor Civitatis Colombia.<\/p>\n<p>PAULA ANDREA GALEANO BALAGUERA<br \/>Periodista de Portafolio<\/p>\n<\/p><\/div>\n\n<p><em> &#8221; Fuentes www.portafolio.co &#8221; <\/em><\/p>\n","protected":false},"excerpt":{"rendered":"<p>La temporada vacacional de Semana Santa es una de las m\u00e1s fuertes del a\u00f1o, en la que se\u00a0 movilizan cada vez m\u00e1s viajeros para desconectarse por al menos unos cuantos d\u00edas de su trabajo o estudio en las ciudades. De esta manera, los colombianos buscan distintos destinos para pasar sus vacaciones, y los viajes dom\u00e9sticos [&hellip;]<\/p>\n","protected":false},"author":4,"featured_media":501808,"comment_status":"open","ping_status":"closed","sticky":false,"template":"","format":"standard","meta":{"om_disable_all_campaigns":false,"jnews-multi-image_gallery":[],"jnews_single_post":[],"jnews_primary_category":[],"jnews_social_meta":[],"footnotes":""},"categories":[39],"tags":[1756,1228,5557,790],"class_list":["post-517002","post","type-post","status-publish","format-standard","has-post-thumbnail","hentry","category-viajes","tag-cartagena","tag-destinos","tag-medellin","tag-viajar"],"_links":{"self":[{"href":"https:\/\/dimensionturistica.com\/es\/wp-json\/wp\/v2\/posts\/517002","targetHints":{"allow":["GET"]}}],"collection":[{"href":"https:\/\/dimensionturistica.com\/es\/wp-json\/wp\/v2\/posts"}],"about":[{"href":"https:\/\/dimensionturistica.com\/es\/wp-json\/wp\/v2\/types\/post"}],"author":[{"embeddable":true,"href":"https:\/\/dimensionturistica.com\/es\/wp-json\/wp\/v2\/users\/4"}],"replies":[{"embeddable":true,"href":"https:\/\/dimensionturistica.com\/es\/wp-json\/wp\/v2\/comments?post=517002"}],"version-history":[{"count":0,"href":"https:\/\/dimensionturistica.com\/es\/wp-json\/wp\/v2\/posts\/517002\/revisions"}],"wp:featuredmedia":[{"embeddable":true,"href":"https:\/\/dimensionturistica.com\/es\/wp-json\/wp\/v2\/media\/501808"}],"wp:attachment":[{"href":"https:\/\/dimensionturistica.com\/es\/wp-json\/wp\/v2\/media?parent=517002"}],"wp:term":[{"taxonomy":"category","embeddable":true,"href":"https:\/\/dimensionturistica.com\/es\/wp-json\/wp\/v2\/categories?post=517002"},{"taxonomy":"post_tag","embeddable":true,"href":"https:\/\/dimensionturistica.com\/es\/wp-json\/wp\/v2\/tags?post=517002"}],"curies":[{"name":"wp","href":"https:\/\/api.w.org\/{rel}","templated":true}]}}