{"id":516691,"date":"2023-04-06T04:48:42","date_gmt":"2023-04-06T04:48:42","guid":{"rendered":"https:\/\/dimensionturistica.com\/es\/?p=516691"},"modified":"2023-04-06T04:48:42","modified_gmt":"2023-04-06T04:48:42","slug":"preven-incremento-de-viajes-en-argentina-por-semana-santa","status":"publish","type":"post","link":"https:\/\/dimensionturistica.com\/es\/preven-incremento-de-viajes-en-argentina-por-semana-santa\/","title":{"rendered":"Prev\u00e9n incremento de viajes en Argentina por Semana Santa"},"content":{"rendered":"<p> <br \/>\n<\/p>\n<div data-id=\"44014e52\" data-element_type=\"widget\" data-widget_type=\"theme-post-excerpt.default\">\n<p>\n\t\t\tBuenos Aires, 6 abr (Prensa Latina) M\u00e1s de 380 mil personas viajar\u00e1n hoy y durante los pr\u00f3ximos d\u00edas a varias regiones de Argentina para disfrutar los feriados de Semana Santa, informaron el Ministerio de Transporte y el de Turismo y Deportes. \t\t<\/p>\n<\/p><\/div>\n<div data-id=\"560e1f7e\" data-element_type=\"widget\" data-widget_type=\"theme-post-content.default\">\n<div class=\"elementor-widget-container\">\n<p>   Seg\u00fan esos organismos, hasta el lunes habr\u00e1 un gran movimiento de ciudadanos en medios como aviones, autobuses y trenes de larga distancia. <\/p>\n<p>   De acuerdo con el titular de Transporte, Diego Giuliano, esto es posible gracias a obras de infraestructura, el incremento de las rutas a\u00e9reas, la mejor\u00eda de la conectividad y la rehabilitaci\u00f3n de los servicios ferroviarios. <\/p>\n<p>   Todo el trabajo realizado permite impulsar el turismo nacional, crear fuentes de trabajo y nuevas oportunidades en todo el pa\u00eds, se\u00f1al\u00f3. <\/p>\n<p>   Un comunicado de esa cartera del Estado indica que los destinos m\u00e1s elegidos son Bariloche, Iguaz\u00fa, El Calafate, Ushuaia, C\u00f3rdoba, Mar del Plata, Pinamar, Rosario, Jun\u00edn, Bragado, Pehuaj\u00f3, Tucum\u00e1n y Daract, entre otros.<\/p>\n<p>   Adem\u00e1s, precisa que la Agencia Nacional de Seguridad Vial y la Comisi\u00f3n Nacional de Regulaci\u00f3n del Transporte reforzar\u00e1n los operativos en las rutas con 500 agentes, 250 m\u00f3viles, 175 alcohol\u00edmetros y 18 drones para fiscalizar y controlar la gran circulaci\u00f3n de veh\u00edculos que se espera. <\/p>\n<p>   A su vez, el ministro de Turismo, Mat\u00edas Lammens, indic\u00f3 que el sector contin\u00faa siendo uno de los grandes protagonistas de la econom\u00eda argentina y espera registrar buenos resultados, al igual que durante la \u00faltima temporada de verano y el fin de semana extralargo de Carnaval. <\/p>\n<p>jcm\/fuel<\/p>\n<\/p><\/div><\/div>\n\n<p><em> &#8221; Fuentes www.prensa-latina.cu &#8221; <\/em><\/p>\n","protected":false},"excerpt":{"rendered":"<p>Buenos Aires, 6 abr (Prensa Latina) M\u00e1s de 380 mil personas viajar\u00e1n hoy y durante los pr\u00f3ximos d\u00edas a varias regiones de Argentina para disfrutar los feriados de Semana Santa, informaron el Ministerio de Transporte y el de Turismo y Deportes. Seg\u00fan esos organismos, hasta el lunes habr\u00e1 un gran movimiento de ciudadanos en medios [&hellip;]<\/p>\n","protected":false},"author":4,"featured_media":516692,"comment_status":"open","ping_status":"closed","sticky":false,"template":"","format":"standard","meta":{"om_disable_all_campaigns":false,"jnews-multi-image_gallery":[],"jnews_single_post":[],"jnews_primary_category":[],"jnews_social_meta":[],"footnotes":""},"categories":[39],"tags":[768,715,35201,2946,544,545],"class_list":["post-516691","post","type-post","status-publish","format-standard","has-post-thumbnail","hentry","category-viajes","tag-argentina","tag-economia","tag-nota-informativa","tag-semana-santa","tag-turismo","tag-viajes"],"_links":{"self":[{"href":"https:\/\/dimensionturistica.com\/es\/wp-json\/wp\/v2\/posts\/516691","targetHints":{"allow":["GET"]}}],"collection":[{"href":"https:\/\/dimensionturistica.com\/es\/wp-json\/wp\/v2\/posts"}],"about":[{"href":"https:\/\/dimensionturistica.com\/es\/wp-json\/wp\/v2\/types\/post"}],"author":[{"embeddable":true,"href":"https:\/\/dimensionturistica.com\/es\/wp-json\/wp\/v2\/users\/4"}],"replies":[{"embeddable":true,"href":"https:\/\/dimensionturistica.com\/es\/wp-json\/wp\/v2\/comments?post=516691"}],"version-history":[{"count":0,"href":"https:\/\/dimensionturistica.com\/es\/wp-json\/wp\/v2\/posts\/516691\/revisions"}],"wp:featuredmedia":[{"embeddable":true,"href":"https:\/\/dimensionturistica.com\/es\/wp-json\/wp\/v2\/media\/516692"}],"wp:attachment":[{"href":"https:\/\/dimensionturistica.com\/es\/wp-json\/wp\/v2\/media?parent=516691"}],"wp:term":[{"taxonomy":"category","embeddable":true,"href":"https:\/\/dimensionturistica.com\/es\/wp-json\/wp\/v2\/categories?post=516691"},{"taxonomy":"post_tag","embeddable":true,"href":"https:\/\/dimensionturistica.com\/es\/wp-json\/wp\/v2\/tags?post=516691"}],"curies":[{"name":"wp","href":"https:\/\/api.w.org\/{rel}","templated":true}]}}