{"id":516577,"date":"2023-04-05T20:28:17","date_gmt":"2023-04-05T20:28:17","guid":{"rendered":"https:\/\/dimensionturistica.com\/es\/?p=516577"},"modified":"2023-04-05T20:28:17","modified_gmt":"2023-04-05T20:28:17","slug":"incrementan-precios-de-viajes-mexicanos-se-detienen-2","status":"publish","type":"post","link":"https:\/\/dimensionturistica.com\/es\/incrementan-precios-de-viajes-mexicanos-se-detienen-2\/","title":{"rendered":"Incrementan precios de viajes; mexicanos se detienen"},"content":{"rendered":"<p> <br \/>\n<\/p>\n<div property=\"content:encoded\">\n<p>Aunque los precios de los viajes han aumentado hasta un 20%, los <strong>mexicanos <\/strong>siguen buscando d\u00f3nde <strong>viajar <\/strong>fuera y dentro del pa\u00eds, confirm\u00f3 Lise Vives, gerente senior de ventas para Kayak Latinoam\u00e9rica.<\/p>\n<p>Detall\u00f3 que entre los destinos m\u00e1s buscados para pasar las vacaciones de Semana Santa est\u00e1n Canc\u00fan, Ciudad de M\u00e9xico, Tijuana, Puerto Vallarta, San Jos\u00e9 del Cabo, Guadalajara, Puerto Escondido, Monterrey y Tuxtla Guti\u00e9rrez. E indic\u00f3 que en el caso de Puerto Escondido, es uno de los que m\u00e1s aumento han tenido en el precio, pues este ha subido 39% por diversos factores, entre ellos la salida de Aeromar.<\/p>\n<p>Mientras que en los internacionales est\u00e1n dos de Canad\u00e1, como son Toronto y Vancouver, adem\u00e1s de Madrid, Bogot\u00e1 y Buenos Aires. M\u00e1s abajo en el rating est\u00e1n ciudades de Estados Unidos como Chicago, Nueva York, Los \u00c1ngeles, Houston y Las Vegas.<\/p>\n<blockquote>\n<p>Todos los destinos han aumentado un 20% por encima de 2022, el \u00fanico que ha bajado es Vancouver. Al closing s\u00ed hemos visto precios m\u00e1s altos, pero eso no le ha quitado las ganas de <strong>viajar <\/strong>a los <strong>mexicanos<\/strong>, quienes est\u00e1n recortando gastos en otras cosas, pero siguen viajando. Viajar se ha vuelto una necesidad, sobre todo a ra\u00edz de la pandemia, para tomar un descanso, ya sea a destinos nacionales o internacionales\u201d.<\/p>\n<\/blockquote>\n<p>De acuerdo con la directiva, las b\u00fasquedas para viajar en Semana Santa aumentaron un 27% con respecto al mismo periodo del a\u00f1o pasado.<\/p>\n<p>Vives destac\u00f3 que en el high diez de destinos internacionales para la Semana Santa, las ciudades de Estados Unidos, que ha sido el principal destino para los <strong>mexicanos<\/strong>, aparecen a partir del n\u00famero cinco, por lo que el tiempo de espera para obtener una visa s\u00ed podr\u00eda estar incidiendo en el lugar a donde eligen <strong>viajar<\/strong>. \u201cNormalmente, siempre los primeros lugares se los llevaban las ciudades de Estados Unidos y ve\u00edamos siete u ocho en ese listado y ahora no\u201d.<\/p>\n<h2><strong>Tendencias a seguir<\/strong><\/h2>\n<p>Entre las tendencias que se identifican para este a\u00f1o, Vives se\u00f1al\u00f3 que las b\u00fasquedas hacia destinos internacionales est\u00e1n repuntando de nuevo y ya casi se est\u00e1n alcanzando los niveles de 2019, pues ya no hay destinos cerrados o restricciones de viaje como s\u00ed suced\u00eda durante el a\u00f1o pasado con \u00f3micron.<\/p>\n<blockquote>\n<p>Muchos pa\u00edses ya no piden prueba y muchos m\u00e1s en Europa y Sudam\u00e9rica y no tienen restricciones, lo que es muy positivo para los mexicanos que buscan viajar al extranjero y m\u00e1s ahora que se tienen m\u00e1s d\u00edas de vacaciones\u201d.<\/p>\n<\/blockquote>\n<p>Dijo que, por ejemplo, Roma es ahora uno de los destinos internacionales en tendencia y es possible que esto est\u00e9 relacionado con la apertura del nuevo vuelo de Aerom\u00e9xico entre Ciudad de M\u00e9xico y Roma. Adem\u00e1s, otro common es Londres, que ha tenido aumento de frecuencias a\u00e9reas.<\/p>\n<p>La directiva enfatiz\u00f3 que a pesar de factores como la inflaci\u00f3n, los viajes continuar\u00e1n al alza.<\/p>\n<p>\u00a0<\/p>\n<\/div>\n\n<p><em> &#8221; Fuentes m.imagenradio.com.mx &#8221; <\/em><\/p>\n","protected":false},"excerpt":{"rendered":"<p>Aunque los precios de los viajes han aumentado hasta un 20%, los mexicanos siguen buscando d\u00f3nde viajar fuera y dentro del pa\u00eds, confirm\u00f3 Lise Vives, gerente senior de ventas para Kayak Latinoam\u00e9rica. Detall\u00f3 que entre los destinos m\u00e1s buscados para pasar las vacaciones de Semana Santa est\u00e1n Canc\u00fan, Ciudad de M\u00e9xico, Tijuana, Puerto Vallarta, San [&hellip;]<\/p>\n","protected":false},"author":4,"featured_media":516472,"comment_status":"open","ping_status":"closed","sticky":false,"template":"","format":"standard","meta":{"om_disable_all_campaigns":false,"jnews-multi-image_gallery":[],"jnews_single_post":[],"jnews_primary_category":[],"jnews_social_meta":[],"footnotes":""},"categories":[39],"tags":[1228,1861,545],"class_list":["post-516577","post","type-post","status-publish","format-standard","has-post-thumbnail","hentry","category-viajes","tag-destinos","tag-vacaciones","tag-viajes"],"_links":{"self":[{"href":"https:\/\/dimensionturistica.com\/es\/wp-json\/wp\/v2\/posts\/516577","targetHints":{"allow":["GET"]}}],"collection":[{"href":"https:\/\/dimensionturistica.com\/es\/wp-json\/wp\/v2\/posts"}],"about":[{"href":"https:\/\/dimensionturistica.com\/es\/wp-json\/wp\/v2\/types\/post"}],"author":[{"embeddable":true,"href":"https:\/\/dimensionturistica.com\/es\/wp-json\/wp\/v2\/users\/4"}],"replies":[{"embeddable":true,"href":"https:\/\/dimensionturistica.com\/es\/wp-json\/wp\/v2\/comments?post=516577"}],"version-history":[{"count":0,"href":"https:\/\/dimensionturistica.com\/es\/wp-json\/wp\/v2\/posts\/516577\/revisions"}],"wp:featuredmedia":[{"embeddable":true,"href":"https:\/\/dimensionturistica.com\/es\/wp-json\/wp\/v2\/media\/516472"}],"wp:attachment":[{"href":"https:\/\/dimensionturistica.com\/es\/wp-json\/wp\/v2\/media?parent=516577"}],"wp:term":[{"taxonomy":"category","embeddable":true,"href":"https:\/\/dimensionturistica.com\/es\/wp-json\/wp\/v2\/categories?post=516577"},{"taxonomy":"post_tag","embeddable":true,"href":"https:\/\/dimensionturistica.com\/es\/wp-json\/wp\/v2\/tags?post=516577"}],"curies":[{"name":"wp","href":"https:\/\/api.w.org\/{rel}","templated":true}]}}