{"id":516442,"date":"2023-04-05T13:38:21","date_gmt":"2023-04-05T13:38:21","guid":{"rendered":"https:\/\/dimensionturistica.com\/es\/?p=516442"},"modified":"2024-02-20T21:29:00","modified_gmt":"2024-02-20T21:29:00","slug":"inspirate-con-victor-lopez-creador-de-contenido-que-fusiona-moda-y-viajes","status":"publish","type":"post","link":"https:\/\/dimensionturistica.com\/es\/inspirate-con-victor-lopez-creador-de-contenido-que-fusiona-moda-y-viajes\/","title":{"rendered":"Insp\u00edrate con V\u00edctor L\u00f3pez: creador de contenido que fusiona moda y viajes"},"content":{"rendered":"<p> <br \/>\n<\/p>\n<div id=\"article-chunks\">\n<div>\n<p>El influencer latino creci\u00f3 en Rep\u00fablica Dominicana y estuvo involucrado en el mundo art\u00edstico desde peque\u00f1o. Cuando emigr\u00f3 a Nueva York \u2013ciudad que es un epicentro mundial de la moda\u2013 tuvo mayores oportunidades para crear contenido y establecer relaciones con marcas reconocidas.<\/p>\n<\/div>\n<div>\n<p>\u201cDesde siempre he sentido una gran fascinaci\u00f3n por viajar y descubrir nuevos lugares, sumergirme en diferentes culturas y explorar lo desconocido. Pero adem\u00e1s de mi pasi\u00f3n por los viajes, siempre he sentido una gran atracci\u00f3n por el mundo de la moda y todo lo que este engloba. La idea de fusionar ambas cosas siempre estuvo presente en mi mente, y fue as\u00ed como surgi\u00f3 mi carrera como travel influencer y creador de contenido de moda\u201d, indica V\u00edctor L\u00f3pez.<\/p>\n<\/div>\n<div>\n<p>A la fecha, L\u00f3pez ha asistido por varios a\u00f1os a la Semana de la Moda en Nueva York y tambi\u00e9n ha visto en persona desfiles y semana de la moda en otros pa\u00edses como Par\u00eds. Asimismo, su nombre es empleado en blogs y revistas internacionales de moda que hablan sobre la moda masculina. Sin embargo, la experiencia como creador de contenido de moda masculina y latino en Nueva York no ha sido un camino sin obst\u00e1culos.<\/p>\n<\/div>\n<div>\n<p>\u201cHe enfrentado ciertos obst\u00e1culos y prejuicios debido a mi origen latino. A menudo, se asume que los creadores de contenido de moda masculina deben ser cauc\u00e1sicos y tener un aspecto espec\u00edfico, lo que puede dificultar el acceso a ciertas oportunidades o colaboraciones. A pesar de esto, he encontrado una comunidad de creadores que valoran la diversidad y la inclusi\u00f3n en la moda\u201d, enfatiza el latino. <br \/>El influencer ha trabajado para establecer su marca private, destacar entre otros creadores de contenido y es un digno representante de la comunidad latina en el mundo de la moda masculina. No obstante, comenta que como creador de contenido tambi\u00e9n ha tenido que enfrentar la presi\u00f3n de mantenerse relevante y a la vanguardia de las \u00faltimas tendencias de moda.<\/p>\n<\/div>\n<div>\n<p>\u201cA pesar de estos desaf\u00edos, estoy agradecido de poder vivir de lo que hago. He podido trabajar con marcas reconocidas y colaborar con otros creadores de contenido, lo que ha sido una experiencia enriquecedora. Tambi\u00e9n he podido construir mi propia marca personal y establecerme como un creador de contenido en Nueva York\u201d, menciona L\u00f3pez.<\/p>\n<\/div>\n<div>\n<p>Con respecto a la moda masculina en 2023, V\u00edctor L\u00f3pez explica que esta se centrar\u00e1 en la comodidad y funcionalidad, con prendas deportivas e h\u00edbridas que combinan elegancia y versatilidad. El enfoque estar\u00e1 en la responsabilidad social y la sostenibilidad, prendas de vestir que usen materiales y procesos de producci\u00f3n respetuosos con el ambiente.<\/p>\n<\/div>\n<div>\n<p>\u201cVeo que se espera que los estilos retro del comienzo de los a\u00f1os 2000 tambi\u00e9n tengan un gran impacto en la moda masculina, con una vuelta a las siluetas y los patrones ic\u00f3nicos de esa \u00e9poca\u201d, agrega L\u00f3pez. <br \/>Para este a\u00f1o, el creador de contenido de moda y latino en Nueva York tiene grandes planes para su carrera. Continuar\u00e1 colaborando con marcas para producir contenido de calidad y tiene la intenci\u00f3n de emprender un nuevo proyecto creando su propia agencia creativa.<\/p>\n<\/div>\n<div>\n<p>\u201cMi objetivo ser\u00e1 ayudarles a lograr sus objetivos de marketing y publicidad a trav\u00e9s de campa\u00f1as innovadoras y efectivas. Estoy emocionado de comenzar este nuevo cap\u00edtulo en mi carrera y estoy seguro de que ser\u00e1 una experiencia desafiante pero muy gratificante\u201d, concluye V\u00edctor L\u00f3pez. <\/p>\n<\/div>\n<\/div>\n\n<p><em> &#8221; Fuentes www.univision.com &#8221; <\/em><\/p>\n","protected":false},"excerpt":{"rendered":"<p>El influencer latino creci\u00f3 en Rep\u00fablica Dominicana y estuvo involucrado en el mundo art\u00edstico desde peque\u00f1o. Cuando emigr\u00f3 a Nueva York \u2013ciudad que es un epicentro mundial de la moda\u2013 tuvo mayores oportunidades para crear contenido y establecer relaciones con marcas reconocidas. \u201cDesde siempre he sentido una gran fascinaci\u00f3n por viajar y descubrir nuevos lugares, [&hellip;]<\/p>\n","protected":false},"author":4,"featured_media":516443,"comment_status":"open","ping_status":"closed","sticky":false,"template":"","format":"standard","meta":{"om_disable_all_campaigns":false,"jnews-multi-image_gallery":[],"jnews_single_post":[],"jnews_primary_category":[],"jnews_social_meta":[],"footnotes":""},"categories":[144872],"tags":[],"class_list":["post-516442","post","type-post","status-publish","format-standard","has-post-thumbnail","hentry","category-fashion"],"_links":{"self":[{"href":"https:\/\/dimensionturistica.com\/es\/wp-json\/wp\/v2\/posts\/516442","targetHints":{"allow":["GET"]}}],"collection":[{"href":"https:\/\/dimensionturistica.com\/es\/wp-json\/wp\/v2\/posts"}],"about":[{"href":"https:\/\/dimensionturistica.com\/es\/wp-json\/wp\/v2\/types\/post"}],"author":[{"embeddable":true,"href":"https:\/\/dimensionturistica.com\/es\/wp-json\/wp\/v2\/users\/4"}],"replies":[{"embeddable":true,"href":"https:\/\/dimensionturistica.com\/es\/wp-json\/wp\/v2\/comments?post=516442"}],"version-history":[{"count":0,"href":"https:\/\/dimensionturistica.com\/es\/wp-json\/wp\/v2\/posts\/516442\/revisions"}],"wp:featuredmedia":[{"embeddable":true,"href":"https:\/\/dimensionturistica.com\/es\/wp-json\/wp\/v2\/media\/516443"}],"wp:attachment":[{"href":"https:\/\/dimensionturistica.com\/es\/wp-json\/wp\/v2\/media?parent=516442"}],"wp:term":[{"taxonomy":"category","embeddable":true,"href":"https:\/\/dimensionturistica.com\/es\/wp-json\/wp\/v2\/categories?post=516442"},{"taxonomy":"post_tag","embeddable":true,"href":"https:\/\/dimensionturistica.com\/es\/wp-json\/wp\/v2\/tags?post=516442"}],"curies":[{"name":"wp","href":"https:\/\/api.w.org\/{rel}","templated":true}]}}