{"id":515443,"date":"2023-04-02T12:19:50","date_gmt":"2023-04-02T12:19:50","guid":{"rendered":"https:\/\/dimensionturistica.com\/es\/?p=515443"},"modified":"2023-04-02T12:19:51","modified_gmt":"2023-04-02T12:19:51","slug":"esta-es-la-ciudad-favorita-de-los-espanoles-para-viajar-en-semana-santa-dentro-del-pais","status":"publish","type":"post","link":"https:\/\/dimensionturistica.com\/es\/esta-es-la-ciudad-favorita-de-los-espanoles-para-viajar-en-semana-santa-dentro-del-pais\/","title":{"rendered":"Esta es la ciudad favorita de los espa\u00f1oles para viajar en Semana Santa dentro del pa\u00eds"},"content":{"rendered":"<p> <br \/>\n<\/p>\n<div id=\"\">\n<p>\t<amp-lightbox layout=\"nodisplay\" id=\"img-lightbox-85079072\"><\/p>\n<p>\t<\/amp-lightbox><\/p>\n<p>\t<center><br \/>\n\t\t<amp-ad data-block-on-consent=\"_till_responded\" data-force-safeframe=\"true\" data-npa-on-unknown-consent=\"true\" width=\"320\" height=\"100\" class=\"backgroundads\" type=\"doubleclick\" data-slot=\"\/138855687\/nacional-spo\/fuera-de-juego_n\" json=\"{&quot;targeting&quot;: {&quot;p&quot;: &quot;cpm_m&quot;,&quot;platform&quot;:&quot;amp&quot;,&quot;page&quot;:&quot;85524263&quot;,&quot;tagepi&quot;:[&quot;fuera-de-juego&quot;]}}\" layout=\"fixed\" data-multi-size=\"300x100,320x53,320x50,300x53,300x50,fluid\" data-multi-size-validation=\"false\" rtc-config=\"{&quot;urls&quot;: [&quot;https:\/\/analytics.prensaiberica.es\/api\/delivery\/knowledge?amp=1&quot;,&quot;https:\/\/shb.richaudience.com\/amp?p=IbVwRPF9WA&amp;w=ATTR(width)&amp;h=ATTR(height)&amp;ow=ATTR(data-override-width)&amp;oh=ATTR(data-override-height)&amp;ms=ATTR(data-multi-size)&amp;slot=ATTR(data-slot)&amp;mref=CANONICAL_URL&amp;timeout=TIMEOUT&amp;adcid=ADCID&amp;purl=HREF&amp;targeting=TGT&amp;consentString=CONSENT_STRING&amp;gdpr=CONSENT_METADATA(gdprApplies)&amp;addtl_consent=CONSENT_METADATA(additionalConsent)&amp;consent_type=CONSENT_METADATA(consentStringType)&quot;],&quot;vendors&quot;:{&quot;criteo&quot;:{&quot;NETWORK_ID&quot;: &quot;5100&quot;,&quot;PUBLISHER_SUB_ID&quot;:&quot;cpm_m&quot;},&quot;aps&quot;:{&quot;PUB_ID&quot;: &quot;3471&quot;,&quot;PARAMS&quot;:{&quot;amp&quot;:&quot;1&quot;}},&quot;openwrap&quot;: {&quot;PROFILE_ID&quot; : &quot;4957&quot;,&quot;PUB_ID&quot; : &quot;160801&quot;}}}\"\/><br \/>\n\t<\/center><\/p>\n<div class=\"sp-authorbox\" data-actas=\"ign-swap\" data-ign-swap-container=\".toheader-dst\" data-ign-swap-on-sm=\"\">\n<div class=\"author\">\n<div class=\"txt\">\n<p>\t<time class=\"date\" datetime=\"2023-04-02T14:11:30+02:00\"><br \/>\n\t    <span><\/p>\n<p>\t  \t\t<span class=\"updated\"><br \/>\n\t\t    \t02\/04\/2023 a las 14:11 \t    \t<\/p>\n<p>\t\t    \t<abbr title=\"Hora de verano de Europa Central\">CEST<\/abbr><br \/>\n\t\t    <\/span><br \/>\n\t    <\/span><br \/>\n\t<\/time><\/p><\/div><\/div><\/div>\n<p>Ya es primavera y <strong>la primera festividad de esta \u00e9poca del a\u00f1o ya est\u00e1 aqu\u00ed, la <\/strong><a rel=\"nofollow noopener\" target=\"_blank\" href=\"https:\/\/www.sport.es\/es\/noticias\/television\/prediccion-simpson-cumplir-en-semana-santa-dv-85329439\">Semana Santa<\/a>. Muchos de vosotros ya estar\u00e9is de vacaciones, ya hay\u00e1is decidido viajar o descansar en casa. En este caso, en lo que respecta a este put up, <strong>os vamos a hablar de viajes<\/strong>, as\u00ed que si ten\u00e9is intenci\u00f3n de viajar a lo largo de esta pr\u00f3xima semana, esto seguro que os interesa.<\/p>\n<p>\t<center><br \/>\n\t\t<amp-ad data-block-on-consent=\"_till_responded\" data-force-safeframe=\"true\" width=\"336\" height=\"600\" class=\"backgroundads\" type=\"doubleclick\" data-slot=\"\/138855687\/nacional-spo\/fuera-de-juego_n\" json=\"{&quot;targeting&quot;: {&quot;p&quot;: &quot;cpm_r_dcha&quot;,&quot;platform&quot;:&quot;amp&quot;,&quot;page&quot;:&quot;85524263&quot;,&quot;tagepi&quot;:[&quot;fuera-de-juego&quot;]}}\" layout=\"fixed\" data-multi-size=\"300x600,320x480,300x300,300x250,250x250,fluid\" data-multi-size-validation=\"false\" rtc-config=\"{&quot;urls&quot;: [&quot;https:\/\/analytics.prensaiberica.es\/api\/delivery\/knowledge?amp=1&quot;,&quot;https:\/\/shb.richaudience.com\/amp?p=KK3HGqiChp&amp;w=ATTR(width)&amp;h=ATTR(height)&amp;ow=ATTR(data-override-width)&amp;oh=ATTR(data-override-height)&amp;ms=ATTR(data-multi-size)&amp;slot=ATTR(data-slot)&amp;mref=CANONICAL_URL&amp;timeout=TIMEOUT&amp;adcid=ADCID&amp;purl=HREF&amp;targeting=TGT&amp;consentString=CONSENT_STRING&amp;gdpr=CONSENT_METADATA(gdprApplies)&amp;addtl_consent=CONSENT_METADATA(additionalConsent)&amp;consent_type=CONSENT_METADATA(consentStringType)&quot;],&quot;vendors&quot;:{&quot;criteo&quot;:{&quot;NETWORK_ID&quot;: &quot;5100&quot;,&quot;PUBLISHER_SUB_ID&quot;:&quot;cpm_r_dcha&quot;},&quot;aps&quot;:{&quot;PUB_ID&quot;: &quot;3471&quot;,&quot;PARAMS&quot;:{&quot;amp&quot;:&quot;1&quot;}},&quot;openwrap&quot;: {&quot;PROFILE_ID&quot; : &quot;4957&quot;,&quot;PUB_ID&quot; : &quot;160801&quot;}}}\"\/><br \/>\n\t<\/center><\/p>\n<p>De hecho,<strong> si vuestra concept es viajar a alguna otra ciudad de Espa\u00f1a, esto os interesar\u00e1 m\u00e1s a\u00fan<\/strong>, puesto que las posibilidades son varias para escapar, algo que muchos pod\u00e9is hacer <strong>desde el pasado viernes hasta el pr\u00f3ximo 9 de abril, aunque en algunos casos tendr\u00e9is hasta el 10 de este reci\u00e9n estrenado mes.<\/strong><\/p>\n<p>\t\t\t\t\t<amp-ad width=\"4\" height=\"3\" type=\"sunmedia\" layout=\"responsive\" data-cid=\"ea3c7db2-875f-47a8-b03d-b361e3ec441c\" data-html-access-allowed=\"true\" data-block-on-consent=\"_till_responded\"\/><\/p>\n<p>Aprovechando la Semana Santa, desde Civitatis han realizado un sondeo para averiguar<strong> las preferencias de <\/strong><a rel=\"nofollow noopener\" target=\"_blank\" href=\"https:\/\/www.sport.es\/es\/noticias\/viajes\/mejor-parador-espana-entorno-natural-85229867\">los espa\u00f1oles a la hora de viajar<\/a> <strong>en este periodo del a\u00f1o, contemplando las ciudades de nuestro pa\u00eds<\/strong>. As\u00ed que, vamos a ver <strong>qu\u00e9 ciudades espa\u00f1olas son las favoritas de los ciudadanos para viajar durante estas vacaciones<\/strong>:<\/p>\n<ol>\n<li><strong>Granada<\/strong><\/li>\n<li><strong>Madrid<\/strong><\/li>\n<li><strong>C\u00f3rdoba<\/strong><\/li>\n<li><strong>Barcelona<\/strong><\/li>\n<li><strong>Sevilla<\/strong><\/li>\n<li><strong>Toledo<\/strong><\/li>\n<li><strong>Bilbao<\/strong><\/li>\n<li><strong>M\u00e1laga<\/strong><\/li>\n<li><strong>Valencia<\/strong><\/li>\n<li><strong>Santiago de Compostela<\/strong><\/li>\n<\/ol>\n<p>\t<span class=\"Recorte\">\u00a0<\/span><\/p>\n<p>Por otro lado, <strong>a nivel europeo, la ciudad favorita para viajar durante estas vacaciones es Roma<\/strong>, seg\u00fan los viajeros espa\u00f1oles. A la ciudad italiana le siguen <strong>Oporto, Londres, Lisboa, Budapest, Bruselas y Edimburgo<\/strong>. Este a\u00f1o, seg\u00fan la encuesta publicada en el portal especializado en viajes,<strong> el 71% viajar\u00eda al extranjero esta Semana Santa, frente al 29% de los encuestados que se quedar\u00eda en el territorio nacional <\/strong>durante estos d\u00edas libres.<\/p>\n<\/p><\/div>\n\n<p><em> &#8221; Fuentes amp.sport.es &#8221; <\/em><\/p>\n","protected":false},"excerpt":{"rendered":"<p>02\/04\/2023 a las 14:11 CEST Ya es primavera y la primera festividad de esta \u00e9poca del a\u00f1o ya est\u00e1 aqu\u00ed, la Semana Santa. Muchos de vosotros ya estar\u00e9is de vacaciones, ya hay\u00e1is decidido viajar o descansar en casa. En este caso, en lo que respecta a este put up, os vamos a hablar de viajes, [&hellip;]<\/p>\n","protected":false},"author":4,"featured_media":515444,"comment_status":"open","ping_status":"closed","sticky":false,"template":"","format":"standard","meta":{"om_disable_all_campaigns":false,"jnews-multi-image_gallery":[],"jnews_single_post":[],"jnews_primary_category":[],"jnews_social_meta":[],"footnotes":""},"categories":[39],"tags":[770,2081,2946,1861],"class_list":["post-515443","post","type-post","status-publish","format-standard","has-post-thumbnail","hentry","category-viajes","tag-espana","tag-granada","tag-semana-santa","tag-vacaciones"],"_links":{"self":[{"href":"https:\/\/dimensionturistica.com\/es\/wp-json\/wp\/v2\/posts\/515443","targetHints":{"allow":["GET"]}}],"collection":[{"href":"https:\/\/dimensionturistica.com\/es\/wp-json\/wp\/v2\/posts"}],"about":[{"href":"https:\/\/dimensionturistica.com\/es\/wp-json\/wp\/v2\/types\/post"}],"author":[{"embeddable":true,"href":"https:\/\/dimensionturistica.com\/es\/wp-json\/wp\/v2\/users\/4"}],"replies":[{"embeddable":true,"href":"https:\/\/dimensionturistica.com\/es\/wp-json\/wp\/v2\/comments?post=515443"}],"version-history":[{"count":0,"href":"https:\/\/dimensionturistica.com\/es\/wp-json\/wp\/v2\/posts\/515443\/revisions"}],"wp:featuredmedia":[{"embeddable":true,"href":"https:\/\/dimensionturistica.com\/es\/wp-json\/wp\/v2\/media\/515444"}],"wp:attachment":[{"href":"https:\/\/dimensionturistica.com\/es\/wp-json\/wp\/v2\/media?parent=515443"}],"wp:term":[{"taxonomy":"category","embeddable":true,"href":"https:\/\/dimensionturistica.com\/es\/wp-json\/wp\/v2\/categories?post=515443"},{"taxonomy":"post_tag","embeddable":true,"href":"https:\/\/dimensionturistica.com\/es\/wp-json\/wp\/v2\/tags?post=515443"}],"curies":[{"name":"wp","href":"https:\/\/api.w.org\/{rel}","templated":true}]}}