{"id":515326,"date":"2023-04-01T23:00:48","date_gmt":"2023-04-01T23:00:48","guid":{"rendered":"https:\/\/dimensionturistica.com\/es\/?p=515326"},"modified":"2023-04-01T23:00:49","modified_gmt":"2023-04-01T23:00:49","slug":"baleares-tiene-que-dejar-de-crecer-turisticamente","status":"publish","type":"post","link":"https:\/\/dimensionturistica.com\/es\/baleares-tiene-que-dejar-de-crecer-turisticamente\/","title":{"rendered":"\u00abBaleares tiene que dejar de crecer tur\u00edsticamente\u00bb"},"content":{"rendered":"<p> <br \/>\n<\/p>\n<p><h2 itemprop=\"alternativeHeadline\">uena conocedora de la realidad tur\u00edstica de Baleares, fue directora common de Turisme del Govern, Morillo aborda con decisi\u00f3n algunas de las contradicciones de la realidad tur\u00edstica de las Islas<\/h2>\n<\/p>\n<div itemprop=\"articleBody\">\n<p>Reci\u00e9n llegada de isla canaria de La Palma, Rosana Morillo no cree que se vaya a ver afectada por el cambio del titular del Ministerio de Industria, Comercio y Turismo, H\u00e9ctor G\u00f3mez, que sustituye a Reyes Maroto en el cargo. Ella representa \u00abla estabilidad\u00bb en un departamento clave para la econom\u00eda balear y para el resto del Estado; m\u00e1s en un ejercicio que tiene todos los visos de confirmar la recuperaci\u00f3n del sector con cifras de visitantes superiores a la prepandemia. Durante la conversaci\u00f3n queda claro que Balears, por sus caracter\u00edsticas especiales, son una excepci\u00f3n con respecto al conjunto del Estado y que requiere de pol\u00edticas tur\u00edsticas espec\u00edficas. La situaci\u00f3n estrat\u00e9gica de las Islas con respecto al continente europeo hacen que se mantengan como un objeto de deseo para millones de personas desde hace m\u00e1s de sesenta a\u00f1os, un liderazgo tur\u00edstico del que no ser\u00e1 f\u00e1cil desbancarlas.<\/p>\n<p><strong>Acaba de estrenar ministro, el canario H\u00e9ctor G\u00f3mez, tras la salida de Reyes Maroto, \u00bfqu\u00e9 tal el cambio?<\/strong><br \/>\u2014La acogida a sido muy buena por parte de todo el sector tur\u00edstico. Con su nombramiento estar\u00e1n representados en el Ministerio los dos arquipi\u00e9lagos tur\u00edsticos. El gesto confirma la sensibilidad del presidente S\u00e1nchez con respecto a la importancia del turismo.<\/p>\n<p><strong>\u00bfCree que le afectar\u00e1 como secretaria de Estado?<\/strong><br \/>\u2014Pienso que la continuidad est\u00e1 asegurada (los secretarios de Estado no cesan con el ministro), desde el primer momento se ha querido trasladar una imagen de estabilidad en el Ministerio; esta disaster de Gobierno no ha provocado grandes cambios.<\/p>\n<p><strong>Hablemos de las previsiones para esta temporada tur\u00edstica en Balears, se vuelve a ahablar de cifras r\u00e9cord&#8230;<\/strong> <br \/>\u2014La expectativas son muy buenas, los dos principales mercados emisores, Gran Breta\u00f1a y Alemania, se est\u00e1n portando muy bien. Para este a\u00f1o la oferta de plazas de las compa\u00f1\u00edas a\u00e9reas ha aumentado el 5%, mientras que las b\u00fasquedas de ofertas por web s\u00f3lo de Mallorca han aumentado un 17%. Habr\u00e1 que ver c\u00f3mo se distribuye esta demanda a lo largo de la campa\u00f1a.<\/p>\n<p><strong>Es buena conocedora de las exigencias pol\u00edticas y sociales de un decrecimiento del turismo en las Islas, la sensaci\u00f3n de agobio durante el verano lo comparten muchos residentes<\/strong> <br \/>\u2014La estrategia en Baleares no debe ser continuar creciendo, se trata de una sector muy maduro en un territorio limitado, la clave es diversificar la oferta m\u00e1s all\u00e1 del sol y playa y tratar de evitar los picos de demanda. El Consell de Mallorca ya ha dicho que no se ampliar\u00e1 el n\u00famero de plazas tur\u00edsticas.<\/p>\n<p>\u00bfNo es contradictorio con el aumento de plazas de avi\u00f3n? AENA no deja de ofrecer \u2018slots\u2019 para que lleguen m\u00e1s aviones, de la impresi\u00f3n de que hay descoordinaci\u00f3n institucional.<br \/>\u2014La apuesta debe ser por la desestacionalizaci\u00f3n, prolongando la temporada, y ser capaces de ofrecer un producto diferente.<\/p>\n<p><strong>\u00bfHay que acabar con el turismo vacacional? Para algunos es uno de los focos del problema o que favocere todav\u00eda m\u00e1s la saturaci\u00f3n<\/strong><br \/>\u2014El Ministerio est\u00e1 a favor del alquiler vacacional authorized, es decir, el que cumple con las condiciones de cada territorio y combatir al mismo tiempo la oferta ilegal, que es el que genera perjuicios al conjunto de las Islas y a los propios vecinos. Mire, desde la Uni\u00f3n Europea ya se est\u00e1 trabajando en una propuesta que regular\u00e1 la informaci\u00f3n que deben ofrecer las plataformas a los consumidores. Creo que ser\u00e1 un gran avance.<\/p>\n<p><strong>Otra derivada es la intenci\u00f3n de vetar la venta de inmuebles a extranjeros, para determinadas formaciones es casi uno de los ejes program\u00e1ticos para las pr\u00f3ximas elecciones &#8230;<\/strong><br \/>\u2014Sobre este punto creo que el Gobierno central ha sido muy claro desde el primer momento, una iniciativa de estas caracter\u00edsticas no est\u00e1 dentro del marco jur\u00eddico de la Uni\u00f3n Europea; y no hay mucho m\u00e1s que a\u00f1adir sobre esta cuesti\u00f3n.<\/p>\n<p><strong>El turismo de excesos sigue estando muy ligado a la imagen de Mallorca, al menos para algunas cadenas televisivas.<\/strong><br \/>\u2014Es un problema complejo. Como directora common de Turisme, en enero de 2020 ya se adoptaron por parte de la Conselleria medidas para reducir su impacto \u2013prohibicion de venta de alcohol, regulaci\u00f3n de los \u2018after\u2019, tiqueteros, oferta de licor en los bufets\u2013 con un plan que se prolongaba hasta 2025. Creo que el sector en Balears ya est\u00e1 muy concienciado del da\u00f1o reputacional tan brutal que genera esta oferta, en estas cuestiones la imagen lo es todo. Insisto, hay que promocionar el turismo acquainted y diversificar la oferta con deporte, gastronom\u00eda, cultura, &#8230; Esta nueva din\u00e1mica ya ha comenzado y los primeros resultados ya son palpables. De todos modos hay que admitir que en ning\u00fan caso se puede considerar como una pr\u00e1ctica comercial masiva, afortunadamente. Este tipo de turismo tambi\u00e9n se reproduce en otros lugares de Espa\u00f1a y destinos tur\u00edsticos internacionales.<\/p>\n<p><strong>\u00bfQu\u00e9 le sugiri\u00f3 el comentario de la presidenta regional del Partido Well-liked y candidata al Govern, Marga Prohens, al calificar de \u00abtonter\u00eda\u00bb las ayudas para la instalaci\u00f3n de camas elevables en los hoteles?<\/strong><br \/>\u2014Debo decir que Balears hace ya tiempo que empez\u00f3 con la instalaci\u00f3n de las camas elevables como una mejora de las condiciones laborables en los hoteles. Dicho esto creo que fue un comentario imprudente, es absurdo querer criticar las mejoras laborales de los trabajadores; en este caso las camareras de piso en los hoteles.<\/p>\n<p><strong>Se critica el turismo de borrachera, pero tambi\u00e9n la llegada masiva de aviones privados &#8230;<\/strong><br \/>\u2014Supongo que es por razones medioambientales, y en este sentido debo decir que hay un compromiso por parte de la UE para forzar la utilizaci\u00f3n de combustibles menos contaminantes por parte de la aviaci\u00f3n, y que por tanto tambi\u00e9n afectar\u00e1 a los jets privados. El aeron\u00e1utico es tambi\u00e9n un sector que est\u00e1 en plena transformaci\u00f3n.<\/p>\n<p><strong>\u00bfLlegan los fondos europeos Subsequent Era al turismo?<\/strong><br \/>\u2014Balears est\u00e1 siendo el tractor del resto de Espa\u00f1a para el acceso a estos fondos al que pueden acceder tanto las instituciones p\u00fablicas como las empresas privadas, hastamos hablando de un whole de 1.838 millones. En las Islas la tramitaci\u00f3n est\u00e1 siendo muy \u00e1gil y calculamos que se alcanzar\u00e1n los 233 millones, la acogida ha sido muy buena.<\/p>\n<p><strong>Una de las quejas m\u00e1s comunes del sector tur\u00edstico es la falta de trabajadores para sus establecimientos, \u00bfqu\u00e9 sucede?<\/strong><br \/>\u2014Hay un hecho cierto, y es que el inter\u00e9s por el sector servicios tras la pandemia ha decaido. El problema es de \u00e7ambito nacional, no s\u00f3lo afecta a las empresas de Baleares. Creo que falta una acci\u00f3n conjunta para promover iniciativas que den prestigio al trabajo en el sector servicios y en especial en el turismo, aunque tambi\u00e9n las empresas deben emprender acciones destinadas a fidelizar a sus trabajadores. Un paso importante en este sentido ha sido la firma del convenio colectivo de Hosteler\u00eda.<\/p>\n<p><strong>Usted va y viene cada semana desde la Pen\u00ednsula, por tanto conoce bien el problema de los descuentos a\u00e9reos y su elevado coste. \u00bfEst\u00e1n en peligro estas ayudas a los residentes?<\/strong><br \/>\u2014Sobre esta cuesti\u00f3n s\u00f3lo le puedo asegurar que en ning\u00fan momento el Gobierno quiso modificar el descuento vigente del 75 por ciento. Me consta que de manera peri\u00f3dica se realizan controles sobres las compa\u00f1\u00edas a\u00e9reas y se denuncian las posibles irregularidades que pueden comenterse. Pero el descuento no se quiere tocar.<\/p>\n<\/div>\n\n<p><em> &#8221; Fuentes amp.periodicodeibiza.es &#8221; <\/em><\/p>\n","protected":false},"excerpt":{"rendered":"<p>uena conocedora de la realidad tur\u00edstica de Baleares, fue directora common de Turisme del Govern, Morillo aborda con decisi\u00f3n algunas de las contradicciones de la realidad tur\u00edstica de las Islas Reci\u00e9n llegada de isla canaria de La Palma, Rosana Morillo no cree que se vaya a ver afectada por el cambio del titular del Ministerio [&hellip;]<\/p>\n","protected":false},"author":4,"featured_media":515327,"comment_status":"open","ping_status":"closed","sticky":false,"template":"","format":"standard","meta":{"om_disable_all_campaigns":false,"jnews-multi-image_gallery":[],"jnews_single_post":[],"jnews_primary_category":[],"jnews_social_meta":[],"footnotes":""},"categories":[40],"tags":[1771],"class_list":["post-515326","post","type-post","status-publish","format-standard","has-post-thumbnail","hentry","category-industria","tag-baleares"],"_links":{"self":[{"href":"https:\/\/dimensionturistica.com\/es\/wp-json\/wp\/v2\/posts\/515326","targetHints":{"allow":["GET"]}}],"collection":[{"href":"https:\/\/dimensionturistica.com\/es\/wp-json\/wp\/v2\/posts"}],"about":[{"href":"https:\/\/dimensionturistica.com\/es\/wp-json\/wp\/v2\/types\/post"}],"author":[{"embeddable":true,"href":"https:\/\/dimensionturistica.com\/es\/wp-json\/wp\/v2\/users\/4"}],"replies":[{"embeddable":true,"href":"https:\/\/dimensionturistica.com\/es\/wp-json\/wp\/v2\/comments?post=515326"}],"version-history":[{"count":0,"href":"https:\/\/dimensionturistica.com\/es\/wp-json\/wp\/v2\/posts\/515326\/revisions"}],"wp:featuredmedia":[{"embeddable":true,"href":"https:\/\/dimensionturistica.com\/es\/wp-json\/wp\/v2\/media\/515327"}],"wp:attachment":[{"href":"https:\/\/dimensionturistica.com\/es\/wp-json\/wp\/v2\/media?parent=515326"}],"wp:term":[{"taxonomy":"category","embeddable":true,"href":"https:\/\/dimensionturistica.com\/es\/wp-json\/wp\/v2\/categories?post=515326"},{"taxonomy":"post_tag","embeddable":true,"href":"https:\/\/dimensionturistica.com\/es\/wp-json\/wp\/v2\/tags?post=515326"}],"curies":[{"name":"wp","href":"https:\/\/api.w.org\/{rel}","templated":true}]}}