{"id":514899,"date":"2023-03-31T15:09:00","date_gmt":"2023-03-31T15:09:00","guid":{"rendered":"https:\/\/dimensionturistica.com\/es\/?p=514899"},"modified":"2024-02-20T21:29:04","modified_gmt":"2024-02-20T21:29:04","slug":"disenadores-peruanos-brillaron-en-la-semana-de-la-moda-en-paris","status":"publish","type":"post","link":"https:\/\/dimensionturistica.com\/es\/disenadores-peruanos-brillaron-en-la-semana-de-la-moda-en-paris\/","title":{"rendered":"Dise\u00f1adores peruanos brillaron en la Semana de la Moda en Par\u00eds"},"content":{"rendered":"<p> <br \/>\n<\/p>\n<div id=\"pinno-content-main\">\n<p>La <strong>Semana de la Moda en Par\u00eds<\/strong> es quiz\u00e1 el momento cumbre para esta industria, en donde creadores y firmas de lujo anhelan darse cita. De manera paralela, se lleva a cabo <strong>Trano\u00ef, El sal\u00f3n oficial de esta gala parisina.<\/strong><\/p>\n<p>Fue ah\u00ed en donde ocho dise\u00f1adores peruanos y sus marcas estuvieron presentes. Se trata de <strong>Ana G, Ascendia, Ayni, Fringe, Pampa, Perluchi, Kero Design y Kiunas<\/strong>, las cuales representaron al pa\u00eds al mostrar sus <strong>colecciones oto\u00f1o-invierno 2023<\/strong>, mismas que estuvieron inspiradas en la tradici\u00f3n milenaria y elaboradas con textiles de alta calidad con sello <strong>\u2018hecho en Per\u00fa\u2019<\/strong>.<\/p>\n<p>Cabe resaltar que la <strong>ciudad de la luz<\/strong> cuenta con m\u00faltiples espacios propios para el desarrollo de las actividades del sector en todas sus categor\u00edas: desde las <strong>grandes pasarelas<\/strong> para las casas de lujo, hasta muestras de <strong>moda contempor\u00e1nea y de autor como Trano\u00ef.<\/strong><\/p>\n<p><strong><em>\u00a1Descubra m\u00e1s! <\/em><\/strong><a target=\"_blank\" href=\"https:\/\/forbes.pe\/forbes-life\/2023-03-23\/de-vuelta-a-los-90-tommy-hilfiger-y-shawn-mendes-lanzan-una-coleccion-memorable\/?amp=1\" rel=\"noreferrer noopener\"><em>De vuelta a los 90: Tommy Hilfiger y Shawn Mendes lanzan una colecci\u00f3n memorable<\/em><\/a><\/p>\n<p><amp-instagram data-shortcode=\"CpYBiwRN9FU\" layout=\"responsive\" width=\"600\" height=\"600\" class=\"i-amphtml-layout-responsive i-amphtml-layout-size-defined\" i-amphtml-layout=\"responsive\"><i-amphtml-sizer slot=\"i-amphtml-svc\" style=\"display:block;padding-top:100%\"\/><button overflow=\"\" type=\"button\">See extra<\/button><\/amp-instagram> <\/p>\n<p>Aunque el <strong>dise\u00f1o peruano<\/strong> ya hab\u00eda dado muestras de su talento en Europa, al haber incursionado previamente en <strong>Espa\u00f1a<\/strong>, esta fue la primera vez que lleg\u00f3 una delegaci\u00f3n de este tama\u00f1o a <strong>Par\u00eds.<\/strong><\/p>\n<p>As\u00ed consigui\u00f3 despertar la curiosidad de <strong>grandes personalidades de la industria <\/strong>como el presidente ejecutivo de la Federaci\u00f3n Francesa de la Alta Costura, <strong>Pascal Monrand,<\/strong> quien visit\u00f3 el <em>stand <\/em>del pa\u00eds.<\/p>\n<p>Seg\u00fan destac\u00f3 PromPer\u00fa esta notable participaci\u00f3n les permiti\u00f3 a los <strong>dise\u00f1adores peruanos <\/strong>establecer contacto con compradores de grandes tiendas, boutiques y <em>idea retailer<\/em> franceses como el grupo <strong>Louis Vuitton<\/strong>, La Samaritaine, <strong>Les Galeries Lafayettes<\/strong>, APC, l\u2019Exception, l\u2019Eclaireur o Studio Paillette.<\/p>\n<p><em><strong>Tambi\u00e9n le puede interesar:<\/strong><\/em> <a target=\"_blank\" href=\"https:\/\/forbes.pe\/forbes-life\/2023-02-03\/disenadora-peruana-gana-concurso-global-de-honor-talents\/?amp=1\" rel=\"noopener\">Dise\u00f1adora peruana gana concurso global de Honor Talents<\/a><\/p>\n<p><amp-instagram data-shortcode=\"CpfPG1jtzF0\" layout=\"responsive\" width=\"600\" height=\"600\" class=\"i-amphtml-layout-responsive i-amphtml-layout-size-defined\" i-amphtml-layout=\"responsive\"><i-amphtml-sizer slot=\"i-amphtml-svc\" style=\"display:block;padding-top:100%\"\/><button overflow=\"\" type=\"button\">See extra<\/button><\/amp-instagram> <\/p>\n<p>Para dar cierre a la participaci\u00f3n de los <strong>dise\u00f1adores peruanos<\/strong> en la <strong>semana de la moda<\/strong> se realiz\u00f3 un <em>capturing<\/em> de las colecciones presentadas en uno de los lugares m\u00e1s emblem\u00e1ticos de la capital francesa. Ah\u00ed se cont\u00f3 con la colaboraci\u00f3n de <strong>Michelle Meyer-Kayser, high mannequin internacional <\/strong>quien abri\u00f3 los principales desfiles de Italia y Francia de casa como Fendi, Lanvin. Givenchy o Dior.<\/p>\n<p><a target=\"_blank\" href=\"https:\/\/news.google.com\/publications\/CAAqBwgKMIXRsQswkuzIAw?hl=en-US&amp;gl=US&amp;ceid=US%3Aen\" rel=\"noreferrer noopener\"><strong><em>Para m\u00e1s noticias de negocios siga a Forbes Per\u00fa desde Google News<\/em><\/strong><\/a><\/p>\n<\/p><\/div>\n\n<p><em> \u2018 The preceding article may include information circulated by third parties \u2019 <\/em><\/p>\n<p><em> \u2018 Some details of this article were extracted from the following source forbes.pe \u2019 <\/em><\/p>\n","protected":false},"excerpt":{"rendered":"<p>La Semana de la Moda en Par\u00eds es quiz\u00e1 el momento cumbre para esta industria, en donde creadores y firmas de lujo anhelan darse cita. De manera paralela, se lleva a cabo Trano\u00ef, El sal\u00f3n oficial de esta gala parisina. Fue ah\u00ed en donde ocho dise\u00f1adores peruanos y sus marcas estuvieron presentes. Se trata de [&hellip;]<\/p>\n","protected":false},"author":2,"featured_media":514900,"comment_status":"open","ping_status":"closed","sticky":false,"template":"","format":"standard","meta":{"om_disable_all_campaigns":false,"jnews-multi-image_gallery":[],"jnews_single_post":[],"jnews_primary_category":[],"jnews_social_meta":[],"footnotes":""},"categories":[144872],"tags":[],"class_list":["post-514899","post","type-post","status-publish","format-standard","has-post-thumbnail","hentry","category-fashion"],"_links":{"self":[{"href":"https:\/\/dimensionturistica.com\/es\/wp-json\/wp\/v2\/posts\/514899","targetHints":{"allow":["GET"]}}],"collection":[{"href":"https:\/\/dimensionturistica.com\/es\/wp-json\/wp\/v2\/posts"}],"about":[{"href":"https:\/\/dimensionturistica.com\/es\/wp-json\/wp\/v2\/types\/post"}],"author":[{"embeddable":true,"href":"https:\/\/dimensionturistica.com\/es\/wp-json\/wp\/v2\/users\/2"}],"replies":[{"embeddable":true,"href":"https:\/\/dimensionturistica.com\/es\/wp-json\/wp\/v2\/comments?post=514899"}],"version-history":[{"count":0,"href":"https:\/\/dimensionturistica.com\/es\/wp-json\/wp\/v2\/posts\/514899\/revisions"}],"wp:featuredmedia":[{"embeddable":true,"href":"https:\/\/dimensionturistica.com\/es\/wp-json\/wp\/v2\/media\/514900"}],"wp:attachment":[{"href":"https:\/\/dimensionturistica.com\/es\/wp-json\/wp\/v2\/media?parent=514899"}],"wp:term":[{"taxonomy":"category","embeddable":true,"href":"https:\/\/dimensionturistica.com\/es\/wp-json\/wp\/v2\/categories?post=514899"},{"taxonomy":"post_tag","embeddable":true,"href":"https:\/\/dimensionturistica.com\/es\/wp-json\/wp\/v2\/tags?post=514899"}],"curies":[{"name":"wp","href":"https:\/\/api.w.org\/{rel}","templated":true}]}}