{"id":514430,"date":"2023-03-30T14:42:11","date_gmt":"2023-03-30T14:42:11","guid":{"rendered":"https:\/\/dimensionturistica.com\/es\/?p=514430"},"modified":"2023-03-30T14:42:11","modified_gmt":"2023-03-30T14:42:11","slug":"la-xiv-cursa-de-la-dona-vicky-foods-se-presenta-en-sociedad","status":"publish","type":"post","link":"https:\/\/dimensionturistica.com\/es\/la-xiv-cursa-de-la-dona-vicky-foods-se-presenta-en-sociedad\/","title":{"rendered":"La XIV Cursa de la Dona Vicky Foods se presenta en sociedad"},"content":{"rendered":"<p> <br \/>\n<\/p>\n<div>\n<p><img decoding=\"async\" alt=\"[Img #71979]\" class=\"RichTextAlignLeft\" src=\"https:\/\/saforguia.com\/upload\/images\/03_2023\/5794_1-foto-de-grupo.jpg\" style=\"height:395px;width:670px;\"\/><\/p>\n<p><img decoding=\"async\" alt=\"[Img #71977]\" class=\"RichTextAlignLeft\" src=\"https:\/\/saforguia.com\/upload\/images\/03_2023\/4600_2-foto-de-grupo.jpg\"\/><\/p>\n<p>\u00a0<\/p>\n<p>La Casa de la Cultura de <strong>Gandia <\/strong>acogi\u00f3 el mi\u00e9rcoles pasado la presentaci\u00f3n de la <strong>XIV Cursa de la Dona Vicky Meals<\/strong>. La carrera, organizada por el CA Safor Teika, se celebrar\u00e1 el pr\u00f3ximo domingo, 23 de abril. El acto reuni\u00f3 a numerosos alcaldes y concejales, patrocinadores, mujeres deportistas, representantes de las Fallas y la Semana Santa de Gandia, y miembros de colectivos relacionados con el evento.<\/p>\n<p>\u00a0<\/p>\n<p>La presentaci\u00f3n corri\u00f3 a cargo de la periodista Puri Naya, directora de Comunicaci\u00f3n de Teika y routine \u2018speaker\u2019 de la carrera. El d\u00eda de la Cursa tambi\u00e9n le acompa\u00f1ar\u00e1 el periodista de \u00c0 Punt Xavi Blasco. Cont\u00f3 con las intervenciones del presidente del CA Safor Teika, Vicent Bosc\u00e0; Mariola Juan en representaci\u00f3n de Vicky Meals; el onc\u00f3logo gandiense Quino Catal\u00e1 y el alcalde de Gandia, Jos\u00e9 Manuel Prieto. Adem\u00e1s, dos ni\u00f1as ganadoras del Concurso de Relatos Cortos leyeron sus redacciones ante el p\u00fablico.<\/p>\n<p>\u00a0<\/p>\n<p>Tras la proyecci\u00f3n de un v\u00eddeo resumen de la edici\u00f3n de 2022, tom\u00f3 la palabra<strong> Vicent Bosc\u00e0<\/strong>, quien record\u00f3 los or\u00edgenes de esta veterana Cursa, cuando empez\u00f3 en abril de 2008 con cerca de 400 mujeres en un circuito que poco m\u00e1s rodeaba la barriada de Benipeixcar, y la evoluci\u00f3n posterior. Adem\u00e1s, agradeci\u00f3 el apoyo de empresas y ayuntamientos en forma de patrocinios \u201cen un contexto econ\u00f3mico tan dif\u00edcil como el actual, con inflaci\u00f3n y encarecimiento de productos y servicios\u201d. Bosc\u00e0 record\u00f3 que el membership es una entidad sin \u00e1nimo de lucro, y el evento permite \u201cadem\u00e1s de promover el deporte femenino y h\u00e1bitos de vida saludable, rebajar los precios de la matr\u00edcula en la escuela de atletismo y triatl\u00f3n para garantizar el acceso al deporte al mayor n\u00famero de ni\u00f1os y j\u00f3venes posible\u201d.<\/p>\n<p>\u00a0<\/p>\n<p><img decoding=\"async\" alt=\"[Img #71981]\" class=\"RichTextAlignLeft\" src=\"https:\/\/saforguia.com\/upload\/images\/03_2023\/1299_5-publico.jpg\" style=\"height:431px;width:670px;\"\/><\/p>\n<p>\u00a0<\/p>\n<p>El physician <strong>Quino Gavil\u00e1 <\/strong>se refiri\u00f3 al proyecto de investigaci\u00f3n que lidera con su equipo, y al que va dirigido este a\u00f1o la aportaci\u00f3n solidaria de cada inscripci\u00f3n. La finalidad del estudio es identificar a las pacientes con c\u00e1ncer de mama metast\u00e1sico que permanecen estables durante a\u00f1os, es decir, cuya enfermedad no se agrava, as\u00ed como las causas por las que esto se produce, y analizar sus caracter\u00edsticas cl\u00ednico-patol\u00f3gicas con el fin de obtener biomarcadores sencillos, a trav\u00e9s de un easy an\u00e1lisis de sangre.\u00a0\u00a0<\/p>\n<p>\u00a0<\/p>\n<p><img decoding=\"async\" alt=\"[Img #71980]\" class=\"RichTextAlignLeft\" src=\"https:\/\/saforguia.com\/upload\/images\/03_2023\/1338_7-quino-gavila.jpg\" style=\"height:439px;width:330px;\"\/>\u201cHace 15 a\u00f1os el c\u00e1ncer de mama metast\u00e1sico era incurable, hoy no es as\u00ed, pero necesitamos tener m\u00e1s certezas antes de decidir retirarle el tratamiento a una paciente sin reca\u00eddas, y de eso va la investigaci\u00f3n que llevamos a cabo, aunque los resultados tardar\u00e1n algunos a\u00f1os en llegar\u201d, se\u00f1al\u00f3 Gavil\u00e0. El onc\u00f3logo gandiense a\u00f1adi\u00f3 que el c\u00e1ncer de mama representa el 30% de los tumores que se dan en la mujer.<\/p>\n<p>\u00a0<\/p>\n<p>Por su parte, <strong>Mariola Juan r<\/strong>econoci\u00f3 que para Vicky Meals este es un evento muy especial. Tuvo un recuerdo para su madre, Victoria Fern\u00e1ndez, cofundadora de la empresa acquainted, y record\u00f3 que en la compa\u00f1\u00eda \u201chay muchas mujeres en la plantilla\u201d. Anim\u00f3 a participar en la Cursa y asegur\u00f3 que \u201call\u00ed estar\u00e1n tambi\u00e9n las mujeres de mi familia\u201d.<\/p>\n<p>\u00a0<br \/>Por \u00faltimo, <strong>Jos\u00e9 Manuel Prieto<\/strong> mostr\u00f3 el apoyo del ayuntamiento \u201ca una carrera que tiene alma, porque hay muchos colectivos y asociaciones implicados en ella, y porque nos anima a visibilizar juntos el deporte femenino\u201d. El alcalde considera que \u201csi Gandia es una gran ciudad es porque se hacen grandes cosas como la Cursa\u201d, y anim\u00f3 a todas las corredoras o caminantes, \u201cporque aqu\u00ed la fortaleza no est\u00e1 en llegar la primera a meta sino en el trayecto superado\u201d.<\/p>\n<p>\u00a0<\/p>\n<p>Este a\u00f1o la Cursa de la Dona Vicky Meals ha vuelto a entrar en los colegios, organizando, junto al \u00c1rea de Igualdad, Diversidad y Pol\u00edticas Inclusivas de Gandia un Concurso de Relatos Breves. Las ni\u00f1as J\u00falia Ma\u00f1\u00f3 y Mar Caudeli, que quedaron en los primeros puestos del mismo, leyeron ante el p\u00fablico sus respectivas redacciones sobre la carrera.<\/p>\n<p>\u00a0<\/p>\n<p><img decoding=\"async\" alt=\"[Img #71978]\" class=\"RichTextAlignLeft\" src=\"https:\/\/saforguia.com\/upload\/images\/03_2023\/8227_4-lectura.jpg\" style=\"height:456px;width:670px;\"\/><\/p>\n<p>\u00a0<\/p>\n<p>Por otra parte, se record\u00f3 que el circuito, de 5,9 km, discurrir\u00e1, como siempre, por las calles de Gandia y Benirredr\u00e0, y que la salida ser\u00e1 a las 10.30 horas desde la avenida de Les Esclaves y la meta ser\u00e1 en el mismo espacio. Tambi\u00e9n el plan de entrenamientos gratuitos, algunos de los cuales corren a cargo de Miguel \u00c1ngel Garc\u00eda.\u00a0\u00a0<\/p>\n<p>\u00a0<\/p>\n<p><strong>Camiseta verde<\/strong><br \/>La camiseta, t\u00e9cnica, es de colour verde, que fue escogido por votaci\u00f3n de las corredoras en redes sociales. Su dise\u00f1o, as\u00ed como el del cartel, son obra de Isabel Lluch Dur\u00e0. Tambi\u00e9n estaban expuestos algunos de los trofeos que se entregar\u00e1n, unas estatu\u00edllas confeccionadas por la empresa Bronces Jord\u00e0.<\/p>\n<p>\u00a0<\/p>\n<p>Adem\u00e1s, siguen a la venta por 3 euros las pulseritas con el logotipo de la carrera, fabricado por Bronces Jord\u00e1, y ensamblado por los usuarios de la asociaci\u00f3n Asmisaf. En el exterior estaba el veh\u00edculo oficial de este a\u00f1o, el nuevo Renault Austral, cedido por el concesionario Renault Ginestar. Por otra parte, la marca Be Plus regal\u00f3 a los asistentes una de sus bebidas probi\u00f3ticas y una bolsa.<\/p>\n<p>\u00a0<\/p>\n<p><strong>Inscripciones abiertas<\/strong><br \/>La XIV Cursa de la Dona Vicky Meals cuenta con la colaboraci\u00f3n de los Ayuntamientos de Gandia y Benirredr\u00e0, adem\u00e1s de diversas asociaciones, como la de vecinos de Benipeixcar, entidades deportivas y empresas patrocinadoras, como Vicky Meals y Teika. Las inscripciones siguen abiertas en la net oficial y en los puntos f\u00edsicos de entidades colaboradoras.<\/p>\n<p>&#8230;.<\/p>\n<div class=\"jeg_video_container jeg_video_content\"><iframe loading=\"lazy\" title=\"XIII Edici\u00f3 Cursa de la Dona de Gandia 2022\" width=\"500\" height=\"281\" src=\"https:\/\/www.youtube.com\/embed\/ILl6AQnoL5M?feature=oembed\" frameborder=\"0\" allow=\"accelerometer; autoplay; clipboard-write; encrypted-media; gyroscope; picture-in-picture; web-share\" referrerpolicy=\"strict-origin-when-cross-origin\" allowfullscreen><\/iframe><\/div>\n<\/div>\n\n<p><em> \u2018 The preceding article may include information circulated by third parties \u2019 <\/em><\/p>\n<p><em> \u2018 Some details of this article were extracted from the following source saforguia.com \u2019 <\/em><\/p>\n","protected":false},"excerpt":{"rendered":"<p>\u00a0 La Casa de la Cultura de Gandia acogi\u00f3 el mi\u00e9rcoles pasado la presentaci\u00f3n de la XIV Cursa de la Dona Vicky Meals. La carrera, organizada por el CA Safor Teika, se celebrar\u00e1 el pr\u00f3ximo domingo, 23 de abril. El acto reuni\u00f3 a numerosos alcaldes y concejales, patrocinadores, mujeres deportistas, representantes de las Fallas y [&hellip;]<\/p>\n","protected":false},"author":2,"featured_media":514431,"comment_status":"open","ping_status":"closed","sticky":false,"template":"","format":"standard","meta":{"om_disable_all_campaigns":false,"jnews-multi-image_gallery":[],"jnews_single_post":[],"jnews_primary_category":[],"jnews_social_meta":[],"footnotes":""},"categories":[43],"tags":[41640],"class_list":["post-514430","post","type-post","status-publish","format-standard","has-post-thumbnail","hentry","category-gourmet","tag-cursa-dona-gandia"],"_links":{"self":[{"href":"https:\/\/dimensionturistica.com\/es\/wp-json\/wp\/v2\/posts\/514430","targetHints":{"allow":["GET"]}}],"collection":[{"href":"https:\/\/dimensionturistica.com\/es\/wp-json\/wp\/v2\/posts"}],"about":[{"href":"https:\/\/dimensionturistica.com\/es\/wp-json\/wp\/v2\/types\/post"}],"author":[{"embeddable":true,"href":"https:\/\/dimensionturistica.com\/es\/wp-json\/wp\/v2\/users\/2"}],"replies":[{"embeddable":true,"href":"https:\/\/dimensionturistica.com\/es\/wp-json\/wp\/v2\/comments?post=514430"}],"version-history":[{"count":0,"href":"https:\/\/dimensionturistica.com\/es\/wp-json\/wp\/v2\/posts\/514430\/revisions"}],"wp:featuredmedia":[{"embeddable":true,"href":"https:\/\/dimensionturistica.com\/es\/wp-json\/wp\/v2\/media\/514431"}],"wp:attachment":[{"href":"https:\/\/dimensionturistica.com\/es\/wp-json\/wp\/v2\/media?parent=514430"}],"wp:term":[{"taxonomy":"category","embeddable":true,"href":"https:\/\/dimensionturistica.com\/es\/wp-json\/wp\/v2\/categories?post=514430"},{"taxonomy":"post_tag","embeddable":true,"href":"https:\/\/dimensionturistica.com\/es\/wp-json\/wp\/v2\/tags?post=514430"}],"curies":[{"name":"wp","href":"https:\/\/api.w.org\/{rel}","templated":true}]}}