{"id":513658,"date":"2023-03-29T00:56:11","date_gmt":"2023-03-29T00:56:11","guid":{"rendered":"https:\/\/dimensionturistica.com\/es\/?p=513658"},"modified":"2023-03-29T00:56:12","modified_gmt":"2023-03-29T00:56:12","slug":"los-viajes-del-imserso-se-blindan-para-evitar-trampas-y-confusiones-a-jubilados-desde-las-empresas-adjudicatarias","status":"publish","type":"post","link":"https:\/\/dimensionturistica.com\/es\/los-viajes-del-imserso-se-blindan-para-evitar-trampas-y-confusiones-a-jubilados-desde-las-empresas-adjudicatarias\/","title":{"rendered":"Los viajes del Imserso se blindan para evitar trampas y confusiones a jubilados desde las empresas adjudicatarias"},"content":{"rendered":"<p> <br \/>\n<\/p>\n<div>\n<p class=\"paragraph\" id=\"paragraph_1\">El pasado lunes salieron los esperados pliegos de los <a rel=\"nofollow noopener\" target=\"_blank\" href=\"https:\/\/www.elespanol.com\/invertia\/empresas\/turismo\/20230302\/contrato-viajes-imserso-aumentara-plazas-incorporara-provincias\/745425658_0.amp.html\" data-amp-replace=\"CLIENT_ID\" data-amp-addparams=\"reader_id=CLIENT_ID(amp-access)\">viajes del Imserso para la temporada 2023-2024<\/a>. Adem\u00e1s de aumentar plazas, precios y provincias de destino, las condiciones del concurso p\u00fablico incluyen algunas especificaciones para evitar trampas o confusiones en los usuarios por parte de las empresas que ganen el mismo.\u00a0<\/p>\n<p class=\"paragraph\" id=\"paragraph_2\">En concreto, se detalla que \u201ctanto las empresas adjudicatarias, como sus proveedores deber\u00e1n utilizar los dise\u00f1os aprobados por el Imserso, con los logos del Ministerio y del Imserso para publicitar el Programa de Turismo del Imserso, <strong>sin incluir informaci\u00f3n que pueda inducir a error en los usuarios<\/strong>\u201d.<\/p>\n<p class=\"paragraph\" id=\"paragraph_3\">Y especifica m\u00e1s: \u201c<strong>En el sitio web no podr\u00e1 aparecer ning\u00fan tipo de informaci\u00f3n, logo similar<\/strong> o referencia que puedan inducir a confusi\u00f3n con otros viajes ajenos al Programa de Turismo del Imserso\u201d.<\/p>\n<p class=\"paragraph\" id=\"paragraph_4\"><em><a rel=\"nofollow noopener\" target=\"_blank\" href=\"https:\/\/www.elespanol.com\/invertia\/empresas\/turismo\/20230302\/contrato-viajes-imserso-aumentara-plazas-incorporara-provincias\/745425658_0.amp.html\" data-amp-replace=\"CLIENT_ID\" data-amp-addparams=\"reader_id=CLIENT_ID(amp-access)\">[El nuevo contrato de los viajes del Imserso aumenta a 900.000 las plazas e incorpora a todas las provincias]<\/a><\/em><\/p>\n<p class=\"paragraph\" id=\"paragraph_5\">Adem\u00e1s, se\u00f1ala que en ning\u00fan caso las empresas adjudicatarias podr\u00e1n incluir publicidad de viajes de otras empresas, ni hyperlinks que deriven a otras webs ajenas a la comercializaci\u00f3n de las plazas del programa.\u00a0<\/p>\n<p class=\"paragraph\" id=\"paragraph_6\"><strong>\u00bfPor qu\u00e9 los pliegos del Imserso incluyen estas especificaciones que a easy vista parecen de l\u00f3gico cumplimiento?<\/strong> Porque en los \u00faltimos a\u00f1os, algunas adjudicatarias han inducido al error en la venta de estos viajes.<\/p>\n<p class=\"paragraph\" id=\"paragraph_7\">El caso m\u00e1s llamativo fue el de Mundosenior (la uni\u00f3n formada por Halc\u00f3n Viajes y B the Journey Model para concursar en este programa hace a\u00f1os). En 2019, esta UTE (Uni\u00f3n Temporal de Empresas) comercializaba el paquete de costa peninsular, mientras que Mundiplan (formado por Iberia, Alsa, Gowaii y IAG7) vend\u00eda los destinos de Baleares y Canarias.<\/p>\n<p><amp-ad data-block-on-consent=\"_auto_reject\" data-cid=\"3a3af678-3ecb-45f3-83a7-bd8efcd6bc5c\" data-html-access-allowed=\"true\" height=\"3\" layout=\"responsive\" type=\"sunmedia\" width=\"4\" class=\"i-amphtml-layout-responsive i-amphtml-layout-size-defined\" i-amphtml-layout=\"responsive\"><i-amphtml-sizer slot=\"i-amphtml-svc\" style=\"display:block;padding-top:75%\"\/><\/amp-ad><\/p>\n<p class=\"paragraph\" id=\"paragraph_8\">Hasta aqu\u00ed todo regular <strong>si no fuera porque cre\u00f3 otro programa paralelo, bajo el nombre de \u2018Mundosenior Plus\u2019<\/strong> a trav\u00e9s del cual vend\u00eda viajes para mayores que no estaban parcialmente subvencionados por el Imserso. Claramente induc\u00edan al error de los usuarios porque los programas ten\u00edan nombres muy parecidos, aunque los precios eran distintos. Adem\u00e1s, la p\u00e1gina internet de Mundosenior redirig\u00eda directamente a \u2018Mundosenior Plus\u2019.\u00a0<\/p>\n<div class=\"article-media \" itemscope=\"\" itemtype=\"http:\/\/schema.org\/ImageObject\">\n<p><amp-img alt=\"Dos jubilados en la playa de Benidorm, en imagen de archivo.\" height=\"960\" layout=\"responsive\" lightbox=\"\" src=\"https:\/\/s1.eestatic.com\/2022\/08\/25\/alicante\/698190850_226670700_1706x960.jpg\" width=\"1706\" class=\"i-amphtml-layout-responsive i-amphtml-layout-size-defined\" i-amphtml-layout=\"responsive\"><i-amphtml-sizer slot=\"i-amphtml-svc\" style=\"display:block;padding-top:56.272%\"\/><br \/>\n<\/amp-img><\/p>\n<div class=\"article-media__caption\">\n<p>\n                    <span class=\"article-media__caption-description\"><br \/>\n                    Dos jubilados en la playa de Benidorm, en imagen de archivo.<br \/>\n            <\/span><\/p>\n<p>                    <span class=\"article-media__caption-author\">EFE<\/span><\/p>\n<\/div><\/div>\n<p class=\"paragraph\" id=\"paragraph_9\">Pero, en 2019, Mundosenior decidi\u00f3 cambiar de nombre por Turismo Social, liderado ahora por \u00c1voris tras comprar la divisi\u00f3n de agencias de viajes a Globalia. Con este cambio de nombre <strong>se puso punto y remaining a la controversia surgida con Mundosenior y \u2018Mundosenior Plus\u2019.<\/strong><\/p>\n<p class=\"paragraph\" id=\"paragraph_10\">Aunque esta confusi\u00f3n se ha corregido, el programa sigue incluyendo estas especificaciones t\u00e9cnicas para evitar que cualquier empresa adjudicataria pueda dar lugar a confusi\u00f3n a los jubilados y se beneficie del sello de este programa con sus propias acciones comerciales.\u00a0<\/p>\n<p class=\"paragraph\" id=\"paragraph_11\">De hecho, es muy routine que agencias de viajes e incluso Comunidades Aut\u00f3nomas vendan <strong>sus propias alternativas al Imserso con programas para mayores de 60 a\u00f1os.<\/strong> Algo totalmente authorized, siempre y cuando no induzcan al error ni usen sellos del programa del Imserso.\u00a0<\/p>\n<p class=\"paragraph\" id=\"paragraph_12\">Por ello, los pliegos t\u00e9cnicos tambi\u00e9n hacen alusi\u00f3n a las agencias de viajes que comercialicen estos viajes. A estas les pide que usen la publicidad aprobada por el Imserso para comercializar estos viajes y proh\u00edbe el uso de la marca Imserso para fomentar actividades ajenas o diferentes al programa del Imserso.\u00a0<\/p>\n<h3 class=\"content__summary-title\">Programa 2023-2024<\/h3>\n<p class=\"paragraph\" id=\"paragraph_13\">En la temporada 2023-2024 se ofrecer\u00e1n en whole 886.269 plazas (70.000 m\u00e1s que en esta campa\u00f1a), con una aportaci\u00f3n del Imserso de 71,7 millones. El valor estimado del programa (incluyendo tanto la aportaci\u00f3n p\u00fablica como las de los usuarios) sumado el IVA <strong>llega a los 318,73 millones de euros,<\/strong> de los que el instituto aporta el 22,5% y los usuarios el 77,5% restante.<\/p>\n<p class=\"paragraph\" id=\"paragraph_14\">El lote uno, de turismo de costa peninsular, es el m\u00e1s numeroso, con 443.887 plazas; seguido del lote dos, de costas insulares, con 230.039 plazas, y el tres, de circuitos, capitales de provincia y para los ciudadanos espa\u00f1oles que residen en Europa, con 212.343 plazas.<\/p>\n<p class=\"paragraph\" id=\"paragraph_15\">Las 70.000 plazas nuevas son para el lote tres, el de circuitos y capitales de provincia, todas las cuales se incorporan para la pr\u00f3xima campa\u00f1a (hay 34 nuevas, hasta completar las 52).\u00a0<\/p>\n<p class=\"paragraph\" id=\"paragraph_16\">Los precios a partir de septiembre <strong>ir\u00e1n desde los 124,7 euros que costar\u00e1 el viaje de cuatro d\u00edas a capitales de provincia<\/strong> (116 euros para la temporada precise) hasta los 436 euros de los 10 d\u00edas en Canarias con transporte (405,5 ahora).<\/p>\n<p class=\"paragraph\" id=\"paragraph_17\">Los precios de los viajes del Imserso para la temporada 2023-2024 subir\u00e1n un 7,5%, un punto por debajo de lo que se han incrementado las pensiones, y dar\u00e1n un mayor margen a hoteleros y agencias de viaje. As\u00ed, los hoteleros cobran ahora una media de 26,6 euros por persona y d\u00eda, y las agencias perciben 14 euros por cada viaje que gestionan.<\/p>\n<p class=\"paragraph\" id=\"paragraph_18\">Cabe recordar que en <a rel=\"nofollow noopener\" target=\"_blank\" href=\"https:\/\/www.elespanol.com\/invertia\/empresas\/turismo\/20211007\/imserso-mundiplan-turismo-social-adjudican-provisional-concurso\/617688767_0.amp.html\" data-amp-replace=\"CLIENT_ID\" data-amp-addparams=\"reader_id=CLIENT_ID(amp-access)\">septiembre de 2021 se adjudic\u00f3 el concurso para la temporada 2021-2022<\/a>, prorrogable por dos m\u00e1s, a Mundiplan, que se hizo con los lotes uno y dos, correspondientes a zonas de costa peninsular e insular, respectivamente, y a Turismo Social, que se qued\u00f3 con el n\u00famero tres, de turismo de inside y procedencia europea.<\/p>\n<p class=\"paragraph\" id=\"paragraph_19\">Hasta ahora han anunciado su intenci\u00f3n de concurrir a este concurso los actuales adjudicatarios adem\u00e1s de <strong>Soltour, Iberostar y Viajes el Corte Ingl\u00e9s<\/strong>. La irrupci\u00f3n de estas compa\u00f1\u00edas <a rel=\"nofollow noopener\" target=\"_blank\" href=\"https:\/\/www.elespanol.com\/invertia\/empresas\/turismo\/20210624\/arranca-hacerse-imserso-duopolio-mundiplan-turismo-social\/591192340_0.amp.html\" data-amp-replace=\"CLIENT_ID\" data-amp-addparams=\"reader_id=CLIENT_ID(amp-access)\">podr\u00eda romper el duopolio de Mundiplan y Turismo Social<\/a> que desde hace a\u00f1os se reparten los lotes de este concurso.\u00a0<\/p>\n<\/p><\/div>\n\n<p><em> &#8221; Fuentes www.elespanol.com &#8221; <\/em><\/p>\n","protected":false},"excerpt":{"rendered":"<p>El pasado lunes salieron los esperados pliegos de los viajes del Imserso para la temporada 2023-2024. Adem\u00e1s de aumentar plazas, precios y provincias de destino, las condiciones del concurso p\u00fablico incluyen algunas especificaciones para evitar trampas o confusiones en los usuarios por parte de las empresas que ganen el mismo.\u00a0 En concreto, se detalla que [&hellip;]<\/p>\n","protected":false},"author":4,"featured_media":513659,"comment_status":"open","ping_status":"closed","sticky":false,"template":"","format":"standard","meta":{"om_disable_all_campaigns":false,"jnews-multi-image_gallery":[],"jnews_single_post":[],"jnews_primary_category":[],"jnews_social_meta":[],"footnotes":""},"categories":[39],"tags":[813,544],"class_list":["post-513658","post","type-post","status-publish","format-standard","has-post-thumbnail","hentry","category-viajes","tag-imserso","tag-turismo"],"_links":{"self":[{"href":"https:\/\/dimensionturistica.com\/es\/wp-json\/wp\/v2\/posts\/513658","targetHints":{"allow":["GET"]}}],"collection":[{"href":"https:\/\/dimensionturistica.com\/es\/wp-json\/wp\/v2\/posts"}],"about":[{"href":"https:\/\/dimensionturistica.com\/es\/wp-json\/wp\/v2\/types\/post"}],"author":[{"embeddable":true,"href":"https:\/\/dimensionturistica.com\/es\/wp-json\/wp\/v2\/users\/4"}],"replies":[{"embeddable":true,"href":"https:\/\/dimensionturistica.com\/es\/wp-json\/wp\/v2\/comments?post=513658"}],"version-history":[{"count":0,"href":"https:\/\/dimensionturistica.com\/es\/wp-json\/wp\/v2\/posts\/513658\/revisions"}],"wp:featuredmedia":[{"embeddable":true,"href":"https:\/\/dimensionturistica.com\/es\/wp-json\/wp\/v2\/media\/513659"}],"wp:attachment":[{"href":"https:\/\/dimensionturistica.com\/es\/wp-json\/wp\/v2\/media?parent=513658"}],"wp:term":[{"taxonomy":"category","embeddable":true,"href":"https:\/\/dimensionturistica.com\/es\/wp-json\/wp\/v2\/categories?post=513658"},{"taxonomy":"post_tag","embeddable":true,"href":"https:\/\/dimensionturistica.com\/es\/wp-json\/wp\/v2\/tags?post=513658"}],"curies":[{"name":"wp","href":"https:\/\/api.w.org\/{rel}","templated":true}]}}