{"id":512763,"date":"2023-03-27T15:17:30","date_gmt":"2023-03-27T15:17:30","guid":{"rendered":"https:\/\/dimensionturistica.com\/es\/?p=512763"},"modified":"2023-03-27T15:17:30","modified_gmt":"2023-03-27T15:17:30","slug":"los-precios-de-los-viajes-del-imserso-subiran-un-75-la-proxima-temporada","status":"publish","type":"post","link":"https:\/\/dimensionturistica.com\/es\/los-precios-de-los-viajes-del-imserso-subiran-un-75-la-proxima-temporada\/","title":{"rendered":"Los precios de los viajes del Imserso subir\u00e1n un 7,5 % la pr\u00f3xima temporada"},"content":{"rendered":"<p> <br \/>\n<\/p>\n<div>\n<p class=\"paragraph\" id=\"paragraph_1\">Los<strong> precios de los viajes del Imserso<\/strong> <a rel=\"nofollow noopener\" target=\"_blank\" href=\"https:\/\/www.elespanol.com\/invertia\/empresas\/turismo\/20230302\/contrato-viajes-imserso-aumentara-plazas-incorporara-provincias\/745425658_0.amp.html\" data-amp-replace=\"CLIENT_ID\" data-amp-addparams=\"reader_id=CLIENT_ID(amp-access)\">para la temporada 2023-2024 subir\u00e1n un 7,5%<\/a>, un punto por debajo de lo que se han incrementado las pensiones, y dar\u00e1n un mayor margen a hoteleros y agencias de viaje, que hab\u00edan pedido la actualizaci\u00f3n del programa.<\/p>\n<p class=\"paragraph\" id=\"paragraph_2\">Seg\u00fan los pliegos que ha publicado este lunes el instituto en el portal de contrataci\u00f3n del sector p\u00fablico, <strong>se ofrecer\u00e1n en whole de 886.269 plazas<\/strong> (70.000 m\u00e1s que en esta campa\u00f1a), <strong>con una aportaci\u00f3n del Imserso de 71,7 millones.<\/strong><\/p>\n<p class=\"paragraph\" id=\"paragraph_3\"><strong>Se fija una subida de los programas del 7,5%,<\/strong> un punto por debajo de lo que han aumentado las pensiones en este ejercicio y la misma cuant\u00eda en que se ha incrementado el presupuesto del Imserso para este ejercicio. Fuentes del instituto ya hab\u00edan anunciado que el aumento de precios en ning\u00fan caso ser\u00eda superior al de las prestaciones de jubilaci\u00f3n.<\/p>\n<p class=\"paragraph\" id=\"paragraph_4\"><em><a rel=\"nofollow noopener\" target=\"_blank\" href=\"https:\/\/www.elespanol.com\/invertia\/empresas\/turismo\/20230213\/informe-cnmc-liberalizar-control-aeropuertos-no-eficiente\/740426324_0.amp.html\" data-amp-replace=\"CLIENT_ID\" data-amp-addparams=\"reader_id=CLIENT_ID(amp-access)\">[Un informe de la CNMC revela que liberalizar el 100% de las torres de control en los aeropuertos no es eficiente]<\/a><\/em><\/p>\n<p class=\"paragraph\" id=\"paragraph_5\">Aunque cab\u00eda una pr\u00f3rroga del contrato precise, <strong>el Imserso ha optado por lanzar una nueva licitaci\u00f3n<\/strong> despu\u00e9s de que tanto los hoteleros como las agencias de viajes se quejaran de forma reiterada del escaso margen que dejaba este programa, que ha hecho que quedaran plazas sin cubrir.<\/p>\n<p class=\"paragraph\" id=\"paragraph_6\">El Imserso, cube el documento publicado hoy, ha identificado la necesidad de adaptar el programa de turismo social a las nuevas demandas de los mayores y para incorporar la perspectiva de diferentes agentes vinculados al sector.<\/p>\n<h3 class=\"content__summary-title\">318,7 millones de euros<\/h3>\n<p class=\"paragraph\" id=\"paragraph_7\">El valor estimado del programa (incluyendo tanto la aportaci\u00f3n p\u00fablica como las de los usuarios) <strong>sumado el IVA llega a los 318,73 millones de euros<\/strong>, de los que el instituto aporta el 22,5 % y los usuarios el 77,5 % restante.<\/p>\n<p><amp-ad data-block-on-consent=\"_auto_reject\" data-cid=\"3a3af678-3ecb-45f3-83a7-bd8efcd6bc5c\" data-html-access-allowed=\"true\" height=\"3\" layout=\"responsive\" type=\"sunmedia\" width=\"4\" class=\"i-amphtml-layout-responsive i-amphtml-layout-size-defined\" i-amphtml-layout=\"responsive\"><i-amphtml-sizer slot=\"i-amphtml-svc\" style=\"display:block;padding-top:75%\"\/><\/amp-ad><\/p>\n<p class=\"paragraph\" id=\"paragraph_8\">El lote uno, de turismo de costa peninsular, es el m\u00e1s numeroso, con 443.887 plazas; seguido del lote dos, de costas insulares, con 230.039 plazas, y el tres, de circuitos, capitales de provincia y <strong>para los ciudadanos espa\u00f1oles que residen en Europa, con 212.343 plazas.<\/strong><\/p>\n<p class=\"paragraph\" id=\"paragraph_9\">Las 70.000 plazas nuevas son para el lote tres, el de circuitos y capitales de provincia, todas las cuales se incorporan para la pr\u00f3xima campa\u00f1a (hay 34 nuevas, hasta completar las 52). Los lotes uno y dos mantienen el mismo n\u00famero de plazas de esta temporada.<\/p>\n<h3 class=\"content__summary-title\">Entre 124 y 436 euros\u00a0\u00a0<\/h3>\n<p class=\"paragraph\" id=\"paragraph_10\">Los precios a partir de septiembre ir\u00e1n desde los 124,7 euros que costar\u00e1 el viaje de cuatro d\u00edas a capitales de provincia (116 euros para la temporada precise) hasta los 436 euros de los 10 d\u00edas en Canarias con transporte (405,5 ahora).<\/p>\n<p class=\"paragraph\" id=\"paragraph_11\"><strong>Los viajes de 10 d\u00edas a Baleares con transporte incluido costar\u00e1n 331,5 euros<\/strong> y los de ocho d\u00edas, 267,6 euros; los de ocho d\u00edas a Canarias, 355,3 euros; los circuitos de seis d\u00edas, 293,1 euros; los destinos de naturaleza, por cuatro d\u00edas, 286,8 euros, la misma cantidad que Ceuta o Melilla durante cinco d\u00edas.<\/p>\n<p class=\"paragraph\" id=\"paragraph_12\">Los desplazamientos de costa peninsular se reparten entre Andaluc\u00eda, con 160.589 plazas; Comunidad Valenciana (155.100 plazas); Catalu\u00f1a (106.322), y Murcia (21.877).<\/p>\n<p class=\"paragraph\" id=\"paragraph_13\">En las costas insulares, para Baleares hay asignados 141.389 viajes, y para Canarias, 88.650. En el lote tres, los pliegos recogen 207.715 viajes en circuitos, turismo de naturaleza y capitales de provincia; y 4.682 viajes para ciudadanos espa\u00f1oles residentes en Europa.<\/p>\n<p class=\"paragraph\" id=\"paragraph_14\">Los nuevos pliegos <strong>establecen la posibilidad de dos pr\u00f3rrogas anuales del programa, hasta la temporada 2025-2026<\/strong>, con un presupuesto base para este primer a\u00f1o de 71,69 millones de euros con cargo al Imserso.<\/p>\n<h3 class=\"content__summary-title\">Puntuaci\u00f3n de precio<\/h3>\n<p class=\"paragraph\" id=\"paragraph_15\"><strong>En la nueva licitaci\u00f3n los precios puntuaran un 38%<\/strong> y la calidad de la propuesta (comercializaci\u00f3n transporte, tipos de hoteles, accesibilidad&#8230;) el 62% restante.<\/p>\n<p class=\"paragraph\" id=\"paragraph_16\">Los pliegos incluyen un &#8220;umbral de saciedad&#8221; en relaci\u00f3n con los precios del 85 % del Presupuesto Base de Licitaci\u00f3n (PBL) para &#8220;desincentivar&#8221; la presentaci\u00f3n de ofertas &#8220;mediocres&#8221; en los criterios de valoraci\u00f3n cualitativos.<\/p>\n<p class=\"paragraph\" id=\"paragraph_17\">Si este organismo, recoge el documento, no incluye ese umbral y se permiten ofertas bajas &#8220;como las que habitualmente vienen produci\u00e9ndose&#8221;, de entre el 20 al 30 % sobre el PBL, se puede generar una presi\u00f3n &#8220;elevada&#8221; sobre la cuenta de explotaci\u00f3n de la empresa adjudicataria, &#8220;que dificulta y condiciona el desarrollo de los servicios incluidos en el programa&#8221;.<\/p>\n<p class=\"paragraph\" id=\"paragraph_18\"><strong>Los hoteleros cobran ahora una media de 26,6 euros por persona y d\u00eda,<\/strong> y <strong>las agencias perciben 14 euros por cada viaje que gestionan<\/strong>, seg\u00fan datos de ambos gremios, por lo que hab\u00edan pedido mejoras, m\u00e1xime en un escenario de elevada inflaci\u00f3n como el precise.<\/p>\n<p class=\"paragraph\" id=\"paragraph_19\">En septiembre de 2021 se adjudic\u00f3 el concurso para la temporada 2021-2022, prorrogable por dos m\u00e1s, a Mundiplan (una UTE de Iberia, IAG7 y Alsa), que se hizo con los lotes uno y dos, correspondientes a zonas de costa peninsular e insular, respectivamente, y a Turismo Social (\u00c1voris), que se qued\u00f3 con el n\u00famero tres, de turismo de inside y procedencia europea.<\/p>\n<p class=\"paragraph\" id=\"paragraph_20\">Hasta ahora han anunciado su intenci\u00f3n de concurrir a este concurso los actuales adjudicatarios adem\u00e1s de <strong>Soltour, Ibersotar y Viajes el Corte Ingl\u00e9s.<\/strong><\/p>\n<\/p><\/div>\n\n<p><em> &#8221; Fuentes www.elespanol.com &#8221; <\/em><\/p>\n","protected":false},"excerpt":{"rendered":"<p>Los precios de los viajes del Imserso para la temporada 2023-2024 subir\u00e1n un 7,5%, un punto por debajo de lo que se han incrementado las pensiones, y dar\u00e1n un mayor margen a hoteleros y agencias de viaje, que hab\u00edan pedido la actualizaci\u00f3n del programa. Seg\u00fan los pliegos que ha publicado este lunes el instituto en [&hellip;]<\/p>\n","protected":false},"author":4,"featured_media":406655,"comment_status":"open","ping_status":"closed","sticky":false,"template":"","format":"standard","meta":{"om_disable_all_campaigns":false,"jnews-multi-image_gallery":[],"jnews_single_post":[],"jnews_primary_category":[],"jnews_social_meta":[],"footnotes":""},"categories":[39],"tags":[813,544],"class_list":["post-512763","post","type-post","status-publish","format-standard","has-post-thumbnail","hentry","category-viajes","tag-imserso","tag-turismo"],"_links":{"self":[{"href":"https:\/\/dimensionturistica.com\/es\/wp-json\/wp\/v2\/posts\/512763","targetHints":{"allow":["GET"]}}],"collection":[{"href":"https:\/\/dimensionturistica.com\/es\/wp-json\/wp\/v2\/posts"}],"about":[{"href":"https:\/\/dimensionturistica.com\/es\/wp-json\/wp\/v2\/types\/post"}],"author":[{"embeddable":true,"href":"https:\/\/dimensionturistica.com\/es\/wp-json\/wp\/v2\/users\/4"}],"replies":[{"embeddable":true,"href":"https:\/\/dimensionturistica.com\/es\/wp-json\/wp\/v2\/comments?post=512763"}],"version-history":[{"count":0,"href":"https:\/\/dimensionturistica.com\/es\/wp-json\/wp\/v2\/posts\/512763\/revisions"}],"wp:featuredmedia":[{"embeddable":true,"href":"https:\/\/dimensionturistica.com\/es\/wp-json\/wp\/v2\/media\/406655"}],"wp:attachment":[{"href":"https:\/\/dimensionturistica.com\/es\/wp-json\/wp\/v2\/media?parent=512763"}],"wp:term":[{"taxonomy":"category","embeddable":true,"href":"https:\/\/dimensionturistica.com\/es\/wp-json\/wp\/v2\/categories?post=512763"},{"taxonomy":"post_tag","embeddable":true,"href":"https:\/\/dimensionturistica.com\/es\/wp-json\/wp\/v2\/tags?post=512763"}],"curies":[{"name":"wp","href":"https:\/\/api.w.org\/{rel}","templated":true}]}}