{"id":512613,"date":"2023-03-27T09:35:38","date_gmt":"2023-03-27T09:35:38","guid":{"rendered":"https:\/\/dimensionturistica.com\/es\/?p=512613"},"modified":"2023-03-27T09:35:38","modified_gmt":"2023-03-27T09:35:38","slug":"quesos-artesanales-del-campo-de-gibraltar","status":"publish","type":"post","link":"https:\/\/dimensionturistica.com\/es\/quesos-artesanales-del-campo-de-gibraltar\/","title":{"rendered":"quesos artesanales del Campo de Gibraltar"},"content":{"rendered":"<p> <br \/>\n<\/p>\n<div itemprop=\"articleBody\">\n<p class=\"mce\">En 2001 comenz\u00f3 a celebrarse el <strong class=\"mce\">D\u00eda Mundial del Queso<\/strong> en Francia. La popularidad de la cita fue extendi\u00e9ndose por otros lugares del mundo, convirtiendo el 27 de marzo en un d\u00eda para que los consumidores y amantes de este alimento conozcan las <strong class=\"mce\">tradiciones queseras locales<\/strong>, por ello, desde <a target=\"_blank\" href=\"https:\/\/www.europasur.es\/vivir-el-sur\/\" rel=\"dofollow noopener\" class=\"mce\"><em class=\"mce\">Vivir el Sur<\/em><\/a>, os dejamos una recomendaci\u00f3n de los mejores quesos artesanales hechos en la comarca y los lugares para comprarlos y consumirlos del <a target=\"_blank\" href=\"https:\/\/www.europasur.es\/campo-de-gibraltar\/\" rel=\"dofollow noopener\" class=\"mce\">Campo de Gibraltar<\/a>.<\/p>\n<h2 class=\"mce\">Queser\u00eda Ca\u00f1ada del Patriarca<\/h2>\n<p class=\"mce\">Esta queser\u00eda artesanal de <a target=\"_blank\" href=\"https:\/\/www.europasur.es\/tarifa\/\" rel=\"dofollow noopener\" class=\"mce\">Tarifa<\/a> elabora sus productos de <strong class=\"mce\">leche de cabra<\/strong> con lo obtenido de su propia ganader\u00eda. Se encuentra en el<strong class=\"mce\"> Mercado de Abastos<\/strong> tarife\u00f1o y all\u00ed puede degustarse\u00a0queso de cabra casero y vinos.<\/p>\n<p><!-- mt = 1679909047 --><br \/>\n<!-- INI: intext advertising --><\/p>\n<p><!-- END: intext advertising --><br \/>\n<!-- \/mt = 1679909047 --><\/p>\n<p class=\"mce\">En este negocio acquainted no solo elaboran queso, tambi\u00e9n es distinguido por su arroz con leche.<\/p>\n<p><!-- .inset --><\/p>\n<h2 class=\"mce\">Nutty Artisan Meals<\/h2>\n<p class=\"mce\">En <a target=\"_blank\" href=\"https:\/\/www.europasur.es\/lalinea\/\" rel=\"dofollow noopener\" class=\"mce\">La L\u00ednea<\/a> se encuentra la <strong class=\"mce\">queser\u00eda vegana<\/strong>\u00a0<a target=\"_blank\" href=\"https:\/\/www.nuttyartisanfoods.com\/\" rel=\"dofollow noopener\" class=\"mce\">Nutty Artisan Foods<\/a>, un establecimiento premiado por su queso azul vegano, con el que consigui\u00f3 el reconocimiento de ser <a target=\"_blank\" href=\"https:\/\/www.europasur.es\/lalinea\/Nutty-Artisan-Foods-queseriade-Linea_0_1737127519.html\" rel=\"dofollow noopener\" class=\"mce\">el mejor del mundo<\/a>.<\/p>\n<p class=\"mce\">El negocio elabora\u00a0<strong class=\"mce\">nueve tipos de queso<\/strong>, adem\u00e1s de otros productos veganos como salsas, tostas vegetales o\u00a0\u00a0el\u00a0<strong class=\"mce\">calabizo<\/strong>, un embutido vegetal\u00a0de calabaza que asemeja su sabor al chorizo.<\/p>\n<p><!-- .inset --><\/p>\n<h2 class=\"mce\">Queser\u00eda El Cabrero de Bolonia<\/h2>\n<p class=\"mce\">Bolonia cuenta con una <strong class=\"mce\">queser\u00eda\u00a0de campo ecol\u00f3gica<\/strong> de cabra payoya. <a target=\"_blank\" href=\"https:\/\/elcabrerodebolonia.es\/\" rel=\"dofollow noopener\" class=\"mce\">El Cabrero de Bolonia<\/a> lleva funcionando desde 2011, desde entonces elaboran quesos y yogures artesanales con la leche de su propio ganado.<\/p>\n<p class=\"mce\">En este negocio elaboran <strong class=\"mce\">cuatro tipos de queso<\/strong>, yogur y tres variaciones de <strong class=\"mce\">l\u00e1ctica<\/strong>.<\/p>\n<p><!-- .inset --><\/p>\n<\/div>\n\n<p><em> \u2018 The preceding article may include information circulated by third parties \u2019 <\/em><\/p>\n<p><em> \u2018 Some details of this article were extracted from the following source www.europasur.es \u2019 <\/em><\/p>\n","protected":false},"excerpt":{"rendered":"<p>En 2001 comenz\u00f3 a celebrarse el D\u00eda Mundial del Queso en Francia. La popularidad de la cita fue extendi\u00e9ndose por otros lugares del mundo, convirtiendo el 27 de marzo en un d\u00eda para que los consumidores y amantes de este alimento conozcan las tradiciones queseras locales, por ello, desde Vivir el Sur, os dejamos una [&hellip;]<\/p>\n","protected":false},"author":2,"featured_media":512614,"comment_status":"open","ping_status":"closed","sticky":false,"template":"","format":"standard","meta":{"om_disable_all_campaigns":false,"jnews-multi-image_gallery":[],"jnews_single_post":[],"jnews_primary_category":[],"jnews_social_meta":[],"footnotes":""},"categories":[43],"tags":[65698,2312,2805,18558,2280,43682,23388],"class_list":["post-512613","post","type-post","status-publish","format-standard","has-post-thumbnail","hentry","category-gourmet","tag-artesanales","tag-campo","tag-dia","tag-gibraltar","tag-mundial","tag-queso","tag-quesos"],"_links":{"self":[{"href":"https:\/\/dimensionturistica.com\/es\/wp-json\/wp\/v2\/posts\/512613","targetHints":{"allow":["GET"]}}],"collection":[{"href":"https:\/\/dimensionturistica.com\/es\/wp-json\/wp\/v2\/posts"}],"about":[{"href":"https:\/\/dimensionturistica.com\/es\/wp-json\/wp\/v2\/types\/post"}],"author":[{"embeddable":true,"href":"https:\/\/dimensionturistica.com\/es\/wp-json\/wp\/v2\/users\/2"}],"replies":[{"embeddable":true,"href":"https:\/\/dimensionturistica.com\/es\/wp-json\/wp\/v2\/comments?post=512613"}],"version-history":[{"count":0,"href":"https:\/\/dimensionturistica.com\/es\/wp-json\/wp\/v2\/posts\/512613\/revisions"}],"wp:featuredmedia":[{"embeddable":true,"href":"https:\/\/dimensionturistica.com\/es\/wp-json\/wp\/v2\/media\/512614"}],"wp:attachment":[{"href":"https:\/\/dimensionturistica.com\/es\/wp-json\/wp\/v2\/media?parent=512613"}],"wp:term":[{"taxonomy":"category","embeddable":true,"href":"https:\/\/dimensionturistica.com\/es\/wp-json\/wp\/v2\/categories?post=512613"},{"taxonomy":"post_tag","embeddable":true,"href":"https:\/\/dimensionturistica.com\/es\/wp-json\/wp\/v2\/tags?post=512613"}],"curies":[{"name":"wp","href":"https:\/\/api.w.org\/{rel}","templated":true}]}}