{"id":512464,"date":"2023-03-26T22:34:50","date_gmt":"2023-03-26T22:34:50","guid":{"rendered":"https:\/\/dimensionturistica.com\/es\/?p=512464"},"modified":"2023-03-26T22:34:51","modified_gmt":"2023-03-26T22:34:51","slug":"chaise-longue-asientos-de-dos-pisos-para-viajes-economicos-y-comodos-espana-alejandro-nunez-viajes-economicos-mix","status":"publish","type":"post","link":"https:\/\/dimensionturistica.com\/es\/chaise-longue-asientos-de-dos-pisos-para-viajes-economicos-y-comodos-espana-alejandro-nunez-viajes-economicos-mix\/","title":{"rendered":"Chaise Longue: asientos de dos pisos para viajes econ\u00f3micos y c\u00f3modos | Espa\u00f1a | Alejandro N\u00fa\u00f1ez | Viajes econ\u00f3micos | MIX"},"content":{"rendered":"<p> <br \/>\n<\/p>\n<div>\n<section>\n<p class=\"amp-story-content__news-text \"><b>Un <\/b><a rel=\"nofollow noopener\" target=\"_blank\" itemprop=\"url\" href=\"https:\/\/gestion.pe\/noticias\/viajes\/\"><b>viaje <\/b><\/a><b>en clase econ\u00f3mica para muchos se convierte en una experiencia en la que hay que limitar la comodidad. Ello, motiv\u00f3 a un dise\u00f1ador de asientos de <\/b><a rel=\"nofollow noopener\" target=\"_blank\" itemprop=\"url\" href=\"https:\/\/gestion.pe\/noticias\/aviones\/\"><b>avi\u00f3n <\/b><\/a><b>a creer que su modelo puede revolucionar los viajes econ\u00f3micos.<\/b><\/p>\n<p class=\"amp-story-content__news-text \"><b>Alejandro N\u00fa\u00f1ez Vicente<\/b> es un joven espa\u00f1ol que ha ideado el concepto de asiento de avi\u00f3n<b> Chaise Longue Economic system Seat. Todo empez\u00f3 como <\/b>un proyecto universitario; luego fue nominado a los <b>Crystal Cabin Awards 2021<\/b>, de los premios m\u00e1s conocidos de la aeron\u00e1utica.<\/p>\n<p class=\"amp-story-content__news-text \">Desde ese momento, el joven no ha dejado de hacer ruido en el sector y ha dejado de lado su m\u00e1ster para dedicarse a tiempo completo a su proyecto.<\/p>\n<p class=\"amp-story-content__news-text \">Ahora est\u00e1 en conversaciones con grandes aerol\u00edneas y con empresas de fabricaci\u00f3n de asientos. Todo con sacar a flote su proyecto.<\/p>\n<blockquote class=\"amp-story-content__blockquote text-lg secondary-font text-gray-300 text-xl line-h-md ml-15 mt-25 mb-25 pl-10 pr-30\"><p><b>LEA TAMBI\u00c9N: <\/b><a rel=\"nofollow noopener\" target=\"_blank\" href=\"https:\/\/gestion.pe\/mix\/los-lugares-mas-grandiosos-del-mundo-en-2023-segun-time-turismo-viajes-noticia\/\"><b>Los mejores lugares del mundo en 2023, seg\u00fan Time<\/b><\/a><\/p><\/blockquote>\n<p class=\"amp-story-content__news-text \">Si bien algunos se maravillan con el invento de N\u00fa\u00f1ez Vicente, otros creen que pueden generar claustrofobia para las personas que tengan que sentarse debajo de otra persona.<\/p>\n<p class=\"amp-story-content__news-text \">No obstante, N\u00fa\u00f1ez ha afirmado que el dise\u00f1o est\u00e1 pensado en personas que siempre viajan inc\u00f3modos en clase econ\u00f3mica pues sus rodillas no ingresan al asiento, y tambi\u00e9n en quienes quieren estirar las piernas.<\/p>\n<p class=\"amp-story-content__news-text \"><i>\u201cCrezco m\u00e1s escuchando cr\u00edticas y malos comentarios que las flores que echan\u201d,<\/i> coment\u00f3 N\u00fa\u00f1ez a star.land Journey en Hamburgo (Alemania), donde estuvo presentando su dise\u00f1o en la Plane Interiors Expo (AIX) del 2022.<\/p>\n<p class=\"amp-story-content__news-text \">A\u00fan as\u00ed, el joven afirma que su prop\u00f3sito es cambiar los asientos de la clase turista para el bien de la humanidad, pues no todos pueden permitirse pagar pasajes m\u00e1s caros.<\/p>\n<blockquote class=\"amp-story-content__blockquote text-lg secondary-font text-gray-300 text-xl line-h-md ml-15 mt-25 mb-25 pl-10 pr-30\"><p><i><b>\u00a1Beneficios ilimitados con tu suscripci\u00f3n a Gesti\u00f3n!<\/b><\/i><i> Disfruta de hasta 70% de dscto. en m\u00e1s de 300 promociones del Membership de Suscriptores, que adem\u00e1s podr\u00e1s usar todas las veces que quieras. Con\u00f3celos <\/i><a rel=\"nofollow noopener\" target=\"_blank\" href=\"https:\/\/clubelcomercio.pe\/?utm_source=texto_generico_gestion&amp;utm_campaign=textogenerico_gestion_marzo2023Y\"><i>aqu\u00ed<\/i><\/a><i><b> \u00bfAun no eres suscriptor?, adquiere tu plan <\/b><\/i><a rel=\"nofollow noopener\" target=\"_blank\" href=\"https:\/\/gestion.pe\/suscripciones\/?ref=btn-suscribete-gestion&amp;loc=home?utm_source=texto_generico_gestion&amp;utm_campaign=textogenerico_gestion_marzo2023\"><i><b>aqu\u00ed<\/b><\/i><\/a><\/p><\/blockquote>\n<\/section>\n<\/div>\n\n<p><em> &#8221; Fuentes gestion.pe &#8221; <\/em><\/p>\n","protected":false},"excerpt":{"rendered":"<p>Un viaje en clase econ\u00f3mica para muchos se convierte en una experiencia en la que hay que limitar la comodidad. Ello, motiv\u00f3 a un dise\u00f1ador de asientos de avi\u00f3n a creer que su modelo puede revolucionar los viajes econ\u00f3micos. Alejandro N\u00fa\u00f1ez Vicente es un joven espa\u00f1ol que ha ideado el concepto de asiento de avi\u00f3n [&hellip;]<\/p>\n","protected":false},"author":4,"featured_media":512465,"comment_status":"open","ping_status":"closed","sticky":false,"template":"","format":"standard","meta":{"om_disable_all_campaigns":false,"jnews-multi-image_gallery":[],"jnews_single_post":[],"jnews_primary_category":[],"jnews_social_meta":[],"footnotes":""},"categories":[39],"tags":[803,65684,65685,65686,545,40262],"class_list":["post-512464","post","type-post","status-publish","format-standard","has-post-thumbnail","hentry","category-viajes","tag-aerolineas","tag-alejandro-nunez-vicente","tag-chaise-longue","tag-crystal-cabin-awards-2021","tag-viajes","tag-viajes-economicos"],"_links":{"self":[{"href":"https:\/\/dimensionturistica.com\/es\/wp-json\/wp\/v2\/posts\/512464","targetHints":{"allow":["GET"]}}],"collection":[{"href":"https:\/\/dimensionturistica.com\/es\/wp-json\/wp\/v2\/posts"}],"about":[{"href":"https:\/\/dimensionturistica.com\/es\/wp-json\/wp\/v2\/types\/post"}],"author":[{"embeddable":true,"href":"https:\/\/dimensionturistica.com\/es\/wp-json\/wp\/v2\/users\/4"}],"replies":[{"embeddable":true,"href":"https:\/\/dimensionturistica.com\/es\/wp-json\/wp\/v2\/comments?post=512464"}],"version-history":[{"count":0,"href":"https:\/\/dimensionturistica.com\/es\/wp-json\/wp\/v2\/posts\/512464\/revisions"}],"wp:featuredmedia":[{"embeddable":true,"href":"https:\/\/dimensionturistica.com\/es\/wp-json\/wp\/v2\/media\/512465"}],"wp:attachment":[{"href":"https:\/\/dimensionturistica.com\/es\/wp-json\/wp\/v2\/media?parent=512464"}],"wp:term":[{"taxonomy":"category","embeddable":true,"href":"https:\/\/dimensionturistica.com\/es\/wp-json\/wp\/v2\/categories?post=512464"},{"taxonomy":"post_tag","embeddable":true,"href":"https:\/\/dimensionturistica.com\/es\/wp-json\/wp\/v2\/tags?post=512464"}],"curies":[{"name":"wp","href":"https:\/\/api.w.org\/{rel}","templated":true}]}}