{"id":511848,"date":"2023-03-24T14:44:02","date_gmt":"2023-03-24T14:44:02","guid":{"rendered":"https:\/\/dimensionturistica.com\/es\/?p=511848"},"modified":"2023-03-24T14:44:02","modified_gmt":"2023-03-24T14:44:02","slug":"aspaym-madrid-y-travel-xperience-imparten-clases-online-sobre-viajes-adaptados-lider-en-informacion-social","status":"publish","type":"post","link":"https:\/\/dimensionturistica.com\/es\/aspaym-madrid-y-travel-xperience-imparten-clases-online-sobre-viajes-adaptados-lider-en-informacion-social\/","title":{"rendered":"Aspaym Madrid y Travel Xperience imparten clases \u2018online\u2019 sobre viajes adaptados | L\u00edder en Informaci\u00f3n Social"},"content":{"rendered":"<p> <br \/>\n<\/p>\n<p><h2>Aspaym Madrid y Journey Xperience impartir\u00e1n juntos una serie de webinars sobre viajes adaptados para impulsar el turismo de las personas con discapacidad.<\/h2>\n<\/p>\n<div>\n<p>Ambas entidades comenzar\u00e1n un ciclo de jornadas \u2018online\u2019 el pr\u00f3ximo jueves, 30 de marzo, a las 19 horas. Un m\u00ednimo de siete encuentros  tendr\u00e1n lugar en esta serie de conferencias. <\/p>\n<p>En ella se dar\u00e1n a conocer claves, trucos y todo lo que se necesita saber a la hora de acometer un viaje cuando hay personas con necesidades especiales o usuarias de sillas de ruedas.<\/p>\n<p>Entre los temas que se abordar\u00e1n, tambi\u00e9n figuran los problemas m\u00e1s recurrentes en cada viaje y c\u00f3mo solucionarlos. Las charlas, totalmente gratuitas, se podr\u00e1n ver en el canal de YouTube de Journey Xperience. Las inscripciones se formalizan a trav\u00e9s de la internet del evento y las redes sociales de Aspaym y Journey Xperience.<\/p>\n<\/p><\/div>\n\n<p><em> &#8221; Fuentes www.servimedia.es &#8221; <\/em><\/p>\n","protected":false},"excerpt":{"rendered":"<p>Aspaym Madrid y Journey Xperience impartir\u00e1n juntos una serie de webinars sobre viajes adaptados para impulsar el turismo de las personas con discapacidad. Ambas entidades comenzar\u00e1n un ciclo de jornadas \u2018online\u2019 el pr\u00f3ximo jueves, 30 de marzo, a las 19 horas. Un m\u00ednimo de siete encuentros tendr\u00e1n lugar en esta serie de conferencias. En ella [&hellip;]<\/p>\n","protected":false},"author":4,"featured_media":511849,"comment_status":"open","ping_status":"closed","sticky":false,"template":"","format":"standard","meta":{"om_disable_all_campaigns":false,"jnews-multi-image_gallery":[],"jnews_single_post":[],"jnews_primary_category":[],"jnews_social_meta":[],"footnotes":""},"categories":[39],"tags":[65642,14982,65646,8956,65645,1907,65643,65644],"class_list":["post-511848","post","type-post","status-publish","format-standard","has-post-thumbnail","hentry","category-viajes","tag-aspaym-madrid","tag-autonomias","tag-discamedia","tag-discapacidad","tag-rsc-esg","tag-sociedad","tag-travel-experiencie","tag-viajes-adaptados"],"_links":{"self":[{"href":"https:\/\/dimensionturistica.com\/es\/wp-json\/wp\/v2\/posts\/511848","targetHints":{"allow":["GET"]}}],"collection":[{"href":"https:\/\/dimensionturistica.com\/es\/wp-json\/wp\/v2\/posts"}],"about":[{"href":"https:\/\/dimensionturistica.com\/es\/wp-json\/wp\/v2\/types\/post"}],"author":[{"embeddable":true,"href":"https:\/\/dimensionturistica.com\/es\/wp-json\/wp\/v2\/users\/4"}],"replies":[{"embeddable":true,"href":"https:\/\/dimensionturistica.com\/es\/wp-json\/wp\/v2\/comments?post=511848"}],"version-history":[{"count":0,"href":"https:\/\/dimensionturistica.com\/es\/wp-json\/wp\/v2\/posts\/511848\/revisions"}],"wp:featuredmedia":[{"embeddable":true,"href":"https:\/\/dimensionturistica.com\/es\/wp-json\/wp\/v2\/media\/511849"}],"wp:attachment":[{"href":"https:\/\/dimensionturistica.com\/es\/wp-json\/wp\/v2\/media?parent=511848"}],"wp:term":[{"taxonomy":"category","embeddable":true,"href":"https:\/\/dimensionturistica.com\/es\/wp-json\/wp\/v2\/categories?post=511848"},{"taxonomy":"post_tag","embeddable":true,"href":"https:\/\/dimensionturistica.com\/es\/wp-json\/wp\/v2\/tags?post=511848"}],"curies":[{"name":"wp","href":"https:\/\/api.w.org\/{rel}","templated":true}]}}