{"id":510861,"date":"2023-03-22T12:11:07","date_gmt":"2023-03-22T12:11:07","guid":{"rendered":"https:\/\/dimensionturistica.com\/es\/?p=510861"},"modified":"2023-03-22T12:11:08","modified_gmt":"2023-03-22T12:11:08","slug":"vicky-foods-comienza-la-construccion-de-su-planta-en-francia","status":"publish","type":"post","link":"https:\/\/dimensionturistica.com\/es\/vicky-foods-comienza-la-construccion-de-su-planta-en-francia\/","title":{"rendered":"Vicky Foods comienza la construcci\u00f3n de su planta en Francia"},"content":{"rendered":"<p> <br \/>\n<\/p>\n<div id=\"wrappernewcontent\">\n<div>\n<p>En el nuevo centro de <strong>Vicky Meals<\/strong> en Francia, cuyas obras arrancar\u00e1n de manera inmediata, se invertir\u00e1n cerca de 80 millones de euros y estar\u00e1 destinado a la producci\u00f3n de productos de <strong>pasteler\u00eda y panader\u00eda<\/strong>, principalmente. Esta plataforma contar\u00e1 con una superficie superior a los 22.900 m\u00b2 y tiene como objetivo reforzar su presencia en el <strong>mercado franc\u00e9s,<\/strong> ser m\u00e1s competitivos y ofrecer un mejor servicio a sus clientes<\/p>\n<\/div>\n<\/div>\n<p><span> <!-- --> M\u00e1s informaci\u00f3n en la revista <!-- --> <!-- -->Dulces Noticias&#8230; y algo m\u00e1s edici\u00f3n de mayo n\u00fam. 411<!-- --> <\/span><\/p>\n\n<p><em> \u2018 The preceding article may include information circulated by third parties \u2019 <\/em><\/p>\n<p><em> \u2018 Some details of this article were extracted from the following source www.sweetpress.com \u2019 <\/em><\/p>\n","protected":false},"excerpt":{"rendered":"<p>En el nuevo centro de Vicky Meals en Francia, cuyas obras arrancar\u00e1n de manera inmediata, se invertir\u00e1n cerca de 80 millones de euros y estar\u00e1 destinado a la producci\u00f3n de productos de pasteler\u00eda y panader\u00eda, principalmente. Esta plataforma contar\u00e1 con una superficie superior a los 22.900 m\u00b2 y tiene como objetivo reforzar su presencia en [&hellip;]<\/p>\n","protected":false},"author":2,"featured_media":510862,"comment_status":"open","ping_status":"closed","sticky":false,"template":"","format":"standard","meta":{"om_disable_all_campaigns":false,"jnews-multi-image_gallery":[],"jnews_single_post":[],"jnews_primary_category":[],"jnews_social_meta":[],"footnotes":""},"categories":[43],"tags":[3918,2612],"class_list":["post-510861","post","type-post","status-publish","format-standard","has-post-thumbnail","hentry","category-gourmet","tag-francia","tag-vicky-foods"],"_links":{"self":[{"href":"https:\/\/dimensionturistica.com\/es\/wp-json\/wp\/v2\/posts\/510861","targetHints":{"allow":["GET"]}}],"collection":[{"href":"https:\/\/dimensionturistica.com\/es\/wp-json\/wp\/v2\/posts"}],"about":[{"href":"https:\/\/dimensionturistica.com\/es\/wp-json\/wp\/v2\/types\/post"}],"author":[{"embeddable":true,"href":"https:\/\/dimensionturistica.com\/es\/wp-json\/wp\/v2\/users\/2"}],"replies":[{"embeddable":true,"href":"https:\/\/dimensionturistica.com\/es\/wp-json\/wp\/v2\/comments?post=510861"}],"version-history":[{"count":0,"href":"https:\/\/dimensionturistica.com\/es\/wp-json\/wp\/v2\/posts\/510861\/revisions"}],"wp:featuredmedia":[{"embeddable":true,"href":"https:\/\/dimensionturistica.com\/es\/wp-json\/wp\/v2\/media\/510862"}],"wp:attachment":[{"href":"https:\/\/dimensionturistica.com\/es\/wp-json\/wp\/v2\/media?parent=510861"}],"wp:term":[{"taxonomy":"category","embeddable":true,"href":"https:\/\/dimensionturistica.com\/es\/wp-json\/wp\/v2\/categories?post=510861"},{"taxonomy":"post_tag","embeddable":true,"href":"https:\/\/dimensionturistica.com\/es\/wp-json\/wp\/v2\/tags?post=510861"}],"curies":[{"name":"wp","href":"https:\/\/api.w.org\/{rel}","templated":true}]}}