{"id":510638,"date":"2023-03-21T21:12:27","date_gmt":"2023-03-21T21:12:27","guid":{"rendered":"https:\/\/dimensionturistica.com\/es\/?p=510638"},"modified":"2023-03-21T21:12:27","modified_gmt":"2023-03-21T21:12:27","slug":"vicky-foods-eleva-a-80-millones-la-inversion-para-construir-su-fabrica-de-francia","status":"publish","type":"post","link":"https:\/\/dimensionturistica.com\/es\/vicky-foods-eleva-a-80-millones-la-inversion-para-construir-su-fabrica-de-francia\/","title":{"rendered":"Vicky Foods eleva a 80 millones la inversi\u00f3n para construir su f\u00e1brica de Francia"},"content":{"rendered":"<p> <br \/>\n<\/p>\n<div subscriptions-section=\"content\">\n<p>\n    La empresa alimentaria Vicky Meals ha puesto  la primera piedra de su planta de producci\u00f3n en Francia, un proyecto que cuenta con una inversi\u00f3n de 79,5 millones de euros. Esta cifra <strong>casi duplica la que estimaba<\/strong> la compa\u00f1\u00eda valenciana hace un a\u00f1o,<a target=\"_blank\" href=\"https:\/\/www.expansion.com\/valencia\/2022\/05\/04\/62723ff6e5fdea54068b45ba.html\" rel=\"noopener\"> que era de 45 millones de euros.<\/a><\/p>\n<p>\n    Con esta planta, su objetivo es proveer al mercado franc\u00e9s y a otros colindantes como Alemania, Suiza, Benelux y Norte de Italia.\n<\/p>\n<p>\n    El grupo Vicky Meals tiene sus centros de producci\u00f3n en Villalonga, Gand\u00eda y J\u00e1tiva (Valencia), y desde<strong> 2014 cuenta tambi\u00e9n con una f\u00e1brica de boller\u00eda en Or\u00e1n (Argelia),<\/strong> desde la que suministra a sus clientes del Norte de \u00c1frica.\n<\/p>\n<p>\n    La f\u00e1brica francesa se destinar\u00e1  a la producci\u00f3n de panader\u00eda y pasteler\u00eda. Est\u00e1 previsto que las obras terminen en el verano de 2024 y que la planta est\u00e9 operativa en el \u00faltimo trimestre de ese mismo a\u00f1o.\n<\/p>\n<h3 class=\"subhead\">C\u00f3mo ser\u00e1 la f\u00e1brica<\/h3>\n<p>\n    El nuevo centro, que tendr\u00e1 en un inicio una superficie complete de 22.900 metros cuadrados de un complete de 75.000 metros construibles, est\u00e1 ubicado en el municipio de Fragnes-La Loy\u00e8re, en la regi\u00f3n de Borgo\u00f1a Franco Condado, &#8220;una zona estrat\u00e9gica a nivel log\u00edstico y de infraestructuras que permitir\u00e1 al grupo ser m\u00e1s competitivo y ofrecer un mejor servicio a sus clientes&#8221;, afirma Vicky Meals en un comunicado.\n<\/p>\n<p>\n    La nave dispondr\u00e1 de un 30% de la superficie construida con placas fotovoltaicas para autoconsumo. Adem\u00e1s, constar\u00e1 de un taller de producci\u00f3n de 14.300 metros cuadrados, dos almacenes para materias primas y productos terminados, y un espacio para oficinas. La compa\u00f1\u00eda prev\u00e9 la<strong> ampliaci\u00f3n progresiva de la f\u00e1brica<\/strong> acompasada al crecimiento de la actividad del grupo en estos mercados.\n<\/p>\n<p>\n    Vicky Meals tiene previsto que se incorporen inicialmente 80 personas a la nueva planta de producci\u00f3n y otras 40 m\u00e1s al last de la primera fase. En pr\u00f3ximas etapas, la contrataci\u00f3n podr\u00eda <strong>superar las 250 personas<\/strong> seg\u00fan se vaya incrementando la infraestructura productiva de la f\u00e1brica.\n<\/p>\n<p>\n    Durante el acto de la primera piedra,<strong> Rafael Juan, CEO de Vicky Meals<\/strong> ha declarado que &#8220;este es el proyecto de creaci\u00f3n de valor m\u00e1s ambicioso que nuestra empresa familiar ha llevado a cabo desde su fundaci\u00f3n en 1952&#8221;. A lo que ha a\u00f1adido &#8220;Vicky Foods ha elegido Borgo\u00f1a-Franco Condado y m\u00e1s espec\u00edficamente Grand Chalon por su ubicaci\u00f3n estrat\u00e9gica en Europa, la proximidad a fuentes de suministro de materias primas, un interlocutor \u00fanico, la presencia de un entorno econ\u00f3mico favorable para nuestro desarrollo y la fuerte cultura industrial local&#8221;.\n<\/p>\n<\/div>\n\n<p><em> \u2018 The preceding article may include information circulated by third parties \u2019 <\/em><\/p>\n<p><em> \u2018 Some details of this article were extracted from the following source amp.expansion.com \u2019 <\/em><\/p>\n","protected":false},"excerpt":{"rendered":"<p>La empresa alimentaria Vicky Meals ha puesto la primera piedra de su planta de producci\u00f3n en Francia, un proyecto que cuenta con una inversi\u00f3n de 79,5 millones de euros. Esta cifra casi duplica la que estimaba la compa\u00f1\u00eda valenciana hace un a\u00f1o, que era de 45 millones de euros. Con esta planta, su objetivo es [&hellip;]<\/p>\n","protected":false},"author":2,"featured_media":510639,"comment_status":"open","ping_status":"closed","sticky":false,"template":"","format":"standard","meta":{"om_disable_all_campaigns":false,"jnews-multi-image_gallery":[],"jnews_single_post":[],"jnews_primary_category":[],"jnews_social_meta":[],"footnotes":""},"categories":[43],"tags":[572,634,2769],"class_list":["post-510638","post","type-post","status-publish","format-standard","has-post-thumbnail","hentry","category-gourmet","tag-distribucion","tag-empresas","tag-valencia"],"_links":{"self":[{"href":"https:\/\/dimensionturistica.com\/es\/wp-json\/wp\/v2\/posts\/510638","targetHints":{"allow":["GET"]}}],"collection":[{"href":"https:\/\/dimensionturistica.com\/es\/wp-json\/wp\/v2\/posts"}],"about":[{"href":"https:\/\/dimensionturistica.com\/es\/wp-json\/wp\/v2\/types\/post"}],"author":[{"embeddable":true,"href":"https:\/\/dimensionturistica.com\/es\/wp-json\/wp\/v2\/users\/2"}],"replies":[{"embeddable":true,"href":"https:\/\/dimensionturistica.com\/es\/wp-json\/wp\/v2\/comments?post=510638"}],"version-history":[{"count":0,"href":"https:\/\/dimensionturistica.com\/es\/wp-json\/wp\/v2\/posts\/510638\/revisions"}],"wp:featuredmedia":[{"embeddable":true,"href":"https:\/\/dimensionturistica.com\/es\/wp-json\/wp\/v2\/media\/510639"}],"wp:attachment":[{"href":"https:\/\/dimensionturistica.com\/es\/wp-json\/wp\/v2\/media?parent=510638"}],"wp:term":[{"taxonomy":"category","embeddable":true,"href":"https:\/\/dimensionturistica.com\/es\/wp-json\/wp\/v2\/categories?post=510638"},{"taxonomy":"post_tag","embeddable":true,"href":"https:\/\/dimensionturistica.com\/es\/wp-json\/wp\/v2\/tags?post=510638"}],"curies":[{"name":"wp","href":"https:\/\/api.w.org\/{rel}","templated":true}]}}