{"id":510524,"date":"2023-03-21T15:25:35","date_gmt":"2023-03-21T15:25:35","guid":{"rendered":"https:\/\/dimensionturistica.com\/es\/?p=510524"},"modified":"2023-03-21T15:25:35","modified_gmt":"2023-03-21T15:25:35","slug":"vicky-foods-iniciara-este-mes-la-construccion-de-su-primera-planta-de-produccion-en-francia","status":"publish","type":"post","link":"https:\/\/dimensionturistica.com\/es\/vicky-foods-iniciara-este-mes-la-construccion-de-su-primera-planta-de-produccion-en-francia\/","title":{"rendered":"Vicky Foods iniciar\u00e1 este mes la construcci\u00f3n de su primera planta de producci\u00f3n en Francia"},"content":{"rendered":"<p> <br \/>\n<\/p>\n<div>\n<p>VAL\u00c8NCIA. Vicky Meals ha puesto <a target=\"_blank\" href=\"https:\/\/valenciaplaza.com\/la-crisis-de-materiales-lleva-a-vicky-foods-a-retrasar-la-puesta-en-marcha-de-su-nueva-fabrica-en-francia\" rel=\"noopener noreferrer\">la primera piedra de su planta de producci\u00f3n en Francia,<\/a> un ambicioso proyecto que cuenta con una inversi\u00f3n de 79,5 millones de euros. Se trata de la <strong>primera nave industrial en este pa\u00eds de la compa\u00f1\u00eda<\/strong> y tiene como objetivo proveer al mercado nacional y a otros colindantes como Alemania, Suiza, Benelux y Norte de Italia. El inicio de las obras est\u00e1 previsto para este mismo mes de marzo y su finalizaci\u00f3n en el verano de 2024, por lo que podr\u00eda estar operativa en el \u00faltimo trimestre del pr\u00f3ximo a\u00f1o.\u00a0<\/p>\n<p>El nuevo centro productivo de <a target=\"_blank\" href=\"https:\/\/valenciaplaza.com\/vicky-foods-cumple-70-anos-de-una-panificadora-local-en-1952-hasta-un-holding-internacional\" rel=\"noopener noreferrer\">Vicky Foods\u00a0<\/a>estar\u00e1 <strong>u<\/strong><strong>bicada en el municipio de Fragnes-La Loy\u00e8re,<\/strong> en la regi\u00f3n de Borgo\u00f1a Franco Condado; una zona estrat\u00e9gica a nivel log\u00edstico y de infraestructuras que permitir\u00e1 al grupo ser m\u00e1s competitivo y ofrecer un mejor servicio a sus clientes. Su actividad se destinar\u00e1 a la producci\u00f3n de panader\u00eda y pasteler\u00eda. As\u00ed pues, la previsi\u00f3n es que se incorporen inicialmente 80 personas a la nueva planta y otras 40 m\u00e1s al ultimate de la primera fase. En pr\u00f3ximas etapas, la contrataci\u00f3n podr\u00eda superar las 250 personas, seg\u00fan se vaya incrementando la infraestructura productiva de la f\u00e1brica.\u00a0<\/p>\n<p>Tal y como ha declarado Rafael Juan, CEO de Vicky Meals, es el &#8220;<strong>p<\/strong><strong>royecto de creaci\u00f3n de valor m\u00e1s ambicioso que la empresa familiar ha llevado a cabo desde su fundaci\u00f3n en 1952&#8243;<\/strong>. &#8220;Se ha elegido Borgo\u00f1a-Franco Condado, y m\u00e1s espec\u00edficamente Grand Chalon, por su ubicaci\u00f3n estrat\u00e9gica en Europa, la proximidad a fuentes de suministro de materias primas, un interlocutor \u00fanico, la presencia de un entorno \u00a0econ\u00f3mico favorable para nuestro desarrollo y la fuerte cultura industrial local&#8221;, ha a\u00f1adido.<\/p>\n<p>De este modo, la compa\u00f1\u00eda contin\u00faa su plan de expansi\u00f3n con el objetivo de convertirse en un grupo referente en el sector de la alimentaci\u00f3n a nivel world. Por ello, prev\u00e9 la <strong>ampliaci\u00f3n progresiva de la f\u00e1brica acompasada al crecimiento de la actividad<\/strong> del grupo en estos mercados. La primera fase estructural del nuevo centro tendr\u00e1 una superficie complete de 22.900 m2 de un complete de 75.000 m2 construibles. Adem\u00e1s, estar\u00e1 equipada con la tecnolog\u00eda m\u00e1s avanzada y un 30% del complete con placas fotovoltaicas para autoconsumo. Constar\u00e1 tambi\u00e9n de un taller de producci\u00f3n de 14.300 m2; dos almacenes para materias primas y productos terminados; y un espacio para oficinas.<\/p>\n<\/div>\n\n<p><em> \u2018 The preceding article may include information circulated by third parties \u2019 <\/em><\/p>\n<p><em> \u2018 Some details of this article were extracted from the following source valenciaplaza.com \u2019 <\/em><\/p>\n","protected":false},"excerpt":{"rendered":"<p>VAL\u00c8NCIA. Vicky Meals ha puesto la primera piedra de su planta de producci\u00f3n en Francia, un ambicioso proyecto que cuenta con una inversi\u00f3n de 79,5 millones de euros. Se trata de la primera nave industrial en este pa\u00eds de la compa\u00f1\u00eda y tiene como objetivo proveer al mercado nacional y a otros colindantes como Alemania, [&hellip;]<\/p>\n","protected":false},"author":2,"featured_media":510525,"comment_status":"open","ping_status":"closed","sticky":false,"template":"","format":"standard","meta":{"om_disable_all_campaigns":false,"jnews-multi-image_gallery":[],"jnews_single_post":[],"jnews_primary_category":[],"jnews_social_meta":[],"footnotes":""},"categories":[43],"tags":[3918,3025,2612],"class_list":["post-510524","post","type-post","status-publish","format-standard","has-post-thumbnail","hentry","category-gourmet","tag-francia","tag-produccion","tag-vicky-foods"],"_links":{"self":[{"href":"https:\/\/dimensionturistica.com\/es\/wp-json\/wp\/v2\/posts\/510524","targetHints":{"allow":["GET"]}}],"collection":[{"href":"https:\/\/dimensionturistica.com\/es\/wp-json\/wp\/v2\/posts"}],"about":[{"href":"https:\/\/dimensionturistica.com\/es\/wp-json\/wp\/v2\/types\/post"}],"author":[{"embeddable":true,"href":"https:\/\/dimensionturistica.com\/es\/wp-json\/wp\/v2\/users\/2"}],"replies":[{"embeddable":true,"href":"https:\/\/dimensionturistica.com\/es\/wp-json\/wp\/v2\/comments?post=510524"}],"version-history":[{"count":0,"href":"https:\/\/dimensionturistica.com\/es\/wp-json\/wp\/v2\/posts\/510524\/revisions"}],"wp:featuredmedia":[{"embeddable":true,"href":"https:\/\/dimensionturistica.com\/es\/wp-json\/wp\/v2\/media\/510525"}],"wp:attachment":[{"href":"https:\/\/dimensionturistica.com\/es\/wp-json\/wp\/v2\/media?parent=510524"}],"wp:term":[{"taxonomy":"category","embeddable":true,"href":"https:\/\/dimensionturistica.com\/es\/wp-json\/wp\/v2\/categories?post=510524"},{"taxonomy":"post_tag","embeddable":true,"href":"https:\/\/dimensionturistica.com\/es\/wp-json\/wp\/v2\/tags?post=510524"}],"curies":[{"name":"wp","href":"https:\/\/api.w.org\/{rel}","templated":true}]}}