{"id":510258,"date":"2023-03-20T21:26:38","date_gmt":"2023-03-20T21:26:38","guid":{"rendered":"https:\/\/dimensionturistica.com\/es\/?p=510258"},"modified":"2023-03-20T21:26:39","modified_gmt":"2023-03-20T21:26:39","slug":"preven-llegada-de-33-5-millones-de-viajes-internacionales","status":"publish","type":"post","link":"https:\/\/dimensionturistica.com\/es\/preven-llegada-de-33-5-millones-de-viajes-internacionales\/","title":{"rendered":"Prev\u00e9n llegada de 33.5 millones de viajes internacionales"},"content":{"rendered":"<p> <br \/>\n<\/p>\n<div>\n<p><em>Ciudad de M\u00e9xico.-<\/em> Este 2023 se calcula que 33 millones 481 mil 521 asientos en vuelos internacionales aterricen en M\u00e9xico, lo que representa un aumento de 3 por ciento respecto a lo programado el a\u00f1o pasado, de acuerdo con la Secretar\u00eda de Turismo (Sectur).                                            <\/p>\n<p>Miguel Torruco Marqu\u00e9s, titular de la Secretar\u00eda, detall\u00f3 que entre enero y diciembre de este a\u00f1o, el 75 por ciento de los arribos corresponden a la regi\u00f3n de Norteam\u00e9rica, con 25 millones 75 mil 292 asientos estimados.                                            <\/p>\n<p>En tanto, de la regi\u00f3n del Caribe y Latinoam\u00e9rica se esperan cuatro millones 852 mil 835 asientos en vuelos programados a M\u00e9xico, lo que representa 14.5 por ciento del complete estimado.                                            <\/p>\n<p>Desde Europa se prev\u00e9n tres millones 296 mil 229 asientos, mientras que desde Asia se registrar\u00edan 258 mil 165 lugares en vuelos a M\u00e9xico, de acuerdo con un comunicado.                                            <\/p>\n<p>&#8220;El secretario de Turismo subray\u00f3 que las principales rutas internacionales hacia M\u00e9xico en este a\u00f1o son Dallas-Canc\u00fan, con un total de asientos programados de 681 mil 914, seguido de Los \u00c1ngeles-Guadalajara, con 652 mil 241, y Madrid- AICM, con un total de 640 mil 869 asientos programados para el 2023&#8221;, se detall\u00f3 en la informaci\u00f3n de Sectur.                                            <\/p>\n<p>As\u00ed, por aeropuerto, se espera que los m\u00e1s din\u00e1micos en llegadas internacionales sean Canc\u00fan, con 11.4 millones de asientos internacionales, seguido del Aeropuerto Internacional de la Ciudad de M\u00e9xico, con 10 millones 50 mil 979 asientos, y Guadalajara, con 3 millones 82 mil 196 asientos.                                            <\/p>\n<p>Solo entre Canc\u00fan, CDMX y Guadalajara se captar\u00e1 el 73.3 por ciento de las llegadas de vuelos internacionales, de acuerdo con la Sectur.                                            <\/p>\n<p>&#8220;Torruco Marqu\u00e9s indic\u00f3 que para 2023, las aerol\u00edneas con la mayor participaci\u00f3n de asientos programados en operaciones internacionales a M\u00e9xico son American Airlines, con el 14.8 por ciento del total; Aerom\u00e9xico con el 13.2 por ciento y Volaris con el 10.9 por ciento&#8221;, puntualiz\u00f3 la Secretar\u00eda.                                                                                 <\/p>\n<\/div>\n\n<p><em> &#8221; Fuentes diario.mx &#8221; <\/em><\/p>\n","protected":false},"excerpt":{"rendered":"<p>Ciudad de M\u00e9xico.- Este 2023 se calcula que 33 millones 481 mil 521 asientos en vuelos internacionales aterricen en M\u00e9xico, lo que representa un aumento de 3 por ciento respecto a lo programado el a\u00f1o pasado, de acuerdo con la Secretar\u00eda de Turismo (Sectur). Miguel Torruco Marqu\u00e9s, titular de la Secretar\u00eda, detall\u00f3 que entre enero [&hellip;]<\/p>\n","protected":false},"author":4,"featured_media":510259,"comment_status":"open","ping_status":"closed","sticky":false,"template":"","format":"standard","meta":{"om_disable_all_campaigns":false,"jnews-multi-image_gallery":[],"jnews_single_post":[],"jnews_primary_category":[],"jnews_social_meta":[],"footnotes":""},"categories":[39],"tags":[1268],"class_list":["post-510258","post","type-post","status-publish","format-standard","has-post-thumbnail","hentry","category-viajes","tag-nacional"],"_links":{"self":[{"href":"https:\/\/dimensionturistica.com\/es\/wp-json\/wp\/v2\/posts\/510258","targetHints":{"allow":["GET"]}}],"collection":[{"href":"https:\/\/dimensionturistica.com\/es\/wp-json\/wp\/v2\/posts"}],"about":[{"href":"https:\/\/dimensionturistica.com\/es\/wp-json\/wp\/v2\/types\/post"}],"author":[{"embeddable":true,"href":"https:\/\/dimensionturistica.com\/es\/wp-json\/wp\/v2\/users\/4"}],"replies":[{"embeddable":true,"href":"https:\/\/dimensionturistica.com\/es\/wp-json\/wp\/v2\/comments?post=510258"}],"version-history":[{"count":0,"href":"https:\/\/dimensionturistica.com\/es\/wp-json\/wp\/v2\/posts\/510258\/revisions"}],"wp:featuredmedia":[{"embeddable":true,"href":"https:\/\/dimensionturistica.com\/es\/wp-json\/wp\/v2\/media\/510259"}],"wp:attachment":[{"href":"https:\/\/dimensionturistica.com\/es\/wp-json\/wp\/v2\/media?parent=510258"}],"wp:term":[{"taxonomy":"category","embeddable":true,"href":"https:\/\/dimensionturistica.com\/es\/wp-json\/wp\/v2\/categories?post=510258"},{"taxonomy":"post_tag","embeddable":true,"href":"https:\/\/dimensionturistica.com\/es\/wp-json\/wp\/v2\/tags?post=510258"}],"curies":[{"name":"wp","href":"https:\/\/api.w.org\/{rel}","templated":true}]}}