{"id":510110,"date":"2023-03-20T13:08:52","date_gmt":"2023-03-20T13:08:52","guid":{"rendered":"https:\/\/dimensionturistica.com\/es\/?p=510110"},"modified":"2023-03-20T13:08:53","modified_gmt":"2023-03-20T13:08:53","slug":"franceses-muestran-interes-por-retomar-viajes-a-cuba","status":"publish","type":"post","link":"https:\/\/dimensionturistica.com\/es\/franceses-muestran-interes-por-retomar-viajes-a-cuba\/","title":{"rendered":"Franceses muestran inter\u00e9s por retomar viajes a Cuba"},"content":{"rendered":"<p> <br \/>\n<\/p>\n<div property=\"schema:text\">\n<p><span><span><span>El p\u00fablico franc\u00e9s mostr\u00f3 su inter\u00e9s por retomar los viajes a Cuba despu\u00e9s de casi tres a\u00f1os de impacto international de la pandemia de la Covid-19 en la llamada \u201cindustria sin humo\u201d, al t\u00e9rmino de la edici\u00f3n 46 del <strong>Sal\u00f3n Mundial de Turismo<\/strong> que acogi\u00f3 Par\u00eds durante cuatro jornadas.<\/span><\/span><\/span><\/p>\n<p><span><span><span>El mercado galo se identifica fundamentalmente en la actualidad por dos segmentos, el interesado en los circuitos y el acompa\u00f1amiento de gu\u00edas durante su estancia y el que busca garantizar los vuelos, el alojamiento y el autom\u00f3vil para descubrir a diario y con libertad el destino, explic\u00f3 la gerente del turoperador Havanatour Paris, Yeni Garc\u00eda.<\/span><\/span><\/span><\/p>\n<p><span><span><span>La naturaleza, la cultura, el patrimonio y la historia, y la c\u00e1lida acogida de su gente distinguen a Cuba como propuesta tur\u00edstica, se\u00f1al\u00f3.<\/span><\/span><\/span><\/p>\n<p><span><span><span>Havanatour Paris tambi\u00e9n promovi\u00f3 este a\u00f1o los atractivos de la isla en Tourissima, organizada en enero en Lille, y Mahana Lyon, que sesion\u00f3 a principios de este mes, los cuales junto al reci\u00e9n celebrado Sal\u00f3n Mundial de Turismo de Par\u00eds conforman un circuito de eventos de gran p\u00fablico.<\/span><\/span><\/span><\/p>\n<p><span><span><span>En la capital francesa agencias de viaje, turoperadores y grupos hoteleros que promueven visitas a Cuba mostraron sus productos tradicionales y novedosos.<\/span><\/span><\/span><\/p>\n<p><span><span><span>El stability del sal\u00f3n es muy positivo, por el inter\u00e9s, el cari\u00f1o y la preferencia que constatamos en nuestro estand, un criterio que nos compartieron agencias francesas que tambi\u00e9n comercializaron viajes a la mayor de las Antillas, se\u00f1al\u00f3 a Prensa Latina la consejera de Turismo de la embajada de Cuba en Francia, Diana Rosa Gonz\u00e1lez.<\/span><\/span><\/span><\/p>\n<p><span><span><span>Gonz\u00e1lez destac\u00f3 adem\u00e1s que la edici\u00f3n del 2023 del Sal\u00f3n Mundial de Turismo de Par\u00eds permiti\u00f3 abordar y concretar nuevos negocios con profesionales del sector participantes.<\/span><\/span><\/span><\/p>\n<p><span><span><span>Durante varios momentos del Sal\u00f3n, el estand de Cuba result\u00f3 epicentro, gracias a degustaciones del aclamado Mojito, las actuaciones de Alexis El Mura y sus m\u00fasicos con ritmos de la naci\u00f3n antillana y un concurso con productos t\u00edpicos para los ganadores.<\/span><\/span><\/span><\/p>\n<\/div>\n\n<p><em> &#8221; Fuentes www.excelenciascuba.com &#8221; <\/em><\/p>\n","protected":false},"excerpt":{"rendered":"<p>El p\u00fablico franc\u00e9s mostr\u00f3 su inter\u00e9s por retomar los viajes a Cuba despu\u00e9s de casi tres a\u00f1os de impacto international de la pandemia de la Covid-19 en la llamada \u201cindustria sin humo\u201d, al t\u00e9rmino de la edici\u00f3n 46 del Sal\u00f3n Mundial de Turismo que acogi\u00f3 Par\u00eds durante cuatro jornadas. El mercado galo se identifica fundamentalmente [&hellip;]<\/p>\n","protected":false},"author":4,"featured_media":0,"comment_status":"open","ping_status":"closed","sticky":false,"template":"","format":"standard","meta":{"om_disable_all_campaigns":false,"jnews-multi-image_gallery":[],"jnews_single_post":[],"jnews_primary_category":[],"jnews_social_meta":[],"footnotes":""},"categories":[39],"tags":[956,3918,705,2289,65508],"class_list":["post-510110","post","type-post","status-publish","format-standard","hentry","category-viajes","tag-cuba","tag-francia","tag-noticias","tag-paris","tag-salon-mundial-de-turismo"],"_links":{"self":[{"href":"https:\/\/dimensionturistica.com\/es\/wp-json\/wp\/v2\/posts\/510110","targetHints":{"allow":["GET"]}}],"collection":[{"href":"https:\/\/dimensionturistica.com\/es\/wp-json\/wp\/v2\/posts"}],"about":[{"href":"https:\/\/dimensionturistica.com\/es\/wp-json\/wp\/v2\/types\/post"}],"author":[{"embeddable":true,"href":"https:\/\/dimensionturistica.com\/es\/wp-json\/wp\/v2\/users\/4"}],"replies":[{"embeddable":true,"href":"https:\/\/dimensionturistica.com\/es\/wp-json\/wp\/v2\/comments?post=510110"}],"version-history":[{"count":0,"href":"https:\/\/dimensionturistica.com\/es\/wp-json\/wp\/v2\/posts\/510110\/revisions"}],"wp:attachment":[{"href":"https:\/\/dimensionturistica.com\/es\/wp-json\/wp\/v2\/media?parent=510110"}],"wp:term":[{"taxonomy":"category","embeddable":true,"href":"https:\/\/dimensionturistica.com\/es\/wp-json\/wp\/v2\/categories?post=510110"},{"taxonomy":"post_tag","embeddable":true,"href":"https:\/\/dimensionturistica.com\/es\/wp-json\/wp\/v2\/tags?post=510110"}],"curies":[{"name":"wp","href":"https:\/\/api.w.org\/{rel}","templated":true}]}}