{"id":508841,"date":"2023-03-16T18:16:38","date_gmt":"2023-03-16T18:16:38","guid":{"rendered":"https:\/\/dimensionturistica.com\/es\/?p=508841"},"modified":"2023-03-16T18:16:38","modified_gmt":"2023-03-16T18:16:38","slug":"mallorca-se-prepara-para-la-temporada-alta-turistica-en-las-jornadas-de-formacion","status":"publish","type":"post","link":"https:\/\/dimensionturistica.com\/es\/mallorca-se-prepara-para-la-temporada-alta-turistica-en-las-jornadas-de-formacion\/","title":{"rendered":"Mallorca se prepara para la temporada alta tur\u00edstica en las jornadas de formaci\u00f3n \u201c&#8230;"},"content":{"rendered":"<p> <br \/>\n<\/p>\n<div>\n<p>La divisi\u00f3n del fuera del hogar de Unilever presenta una nueva ruta de su programa de formaci\u00f3n \u201cAulas Gastrohoteleras\u201d, unas jornadas dirigidas a cooks profesionales de las principales cadenas hoteleras<\/p>\n<div class=\"ad-slot oat oat-visible oat-top \" data-mark=\"Publicidad\" style=\"height: 265px;\"><a rel=\"nofollow noopener\" target=\"_blank\" href=\"https:\/\/www.economiademallorca.com\/ads\/20230314103702080102\"> <img loading=\"lazy\" decoding=\"async\" src=\"https:\/\/www.economiademallorca.com\/media\/economiademallorca\/images\/2023\/03\/14\/2023031410353912467.gif\" alt=\"Publicidad 80102\" width=\"300\" height=\"250\" class=\"lazyload\" srcset=\"https:\/\/www.economiademallorca.comhttps:\/\/www.economiademallorca.comhttps:\/\/www.economiademallorca.comhttps:\/\/www.economiademallorca.com\/asset\/thumbnail,https:\/\/www.economiademallorca.com\/480,https:\/\/www.economiademallorca.com\/270,https:\/\/www.economiademallorca.com\/https:\/\/www.economiademallorca.com\/https:\/\/www.economiademallorca.com\/https:\/\/www.economiademallorca.com\/center,https:\/\/www.economiademallorca.com\/https:\/\/www.economiademallorca.com\/https:\/\/www.economiademallorca.com\/https:\/\/www.economiademallorca.com\/center\/media\/economiademallorca\/images\/2023\/03\/14\/2023031410353912467.gif https:\/\/www.economiademallorca.com\/480w,https:\/\/www.economiademallorca.comhttps:\/\/www.economiademallorca.comhttps:\/\/www.economiademallorca.comhttps:\/\/www.economiademallorca.com\/asset\/thumbnail,https:\/\/www.economiademallorca.com\/768,https:\/\/www.economiademallorca.com\/432,https:\/\/www.economiademallorca.com\/https:\/\/www.economiademallorca.com\/https:\/\/www.economiademallorca.com\/https:\/\/www.economiademallorca.com\/center,https:\/\/www.economiademallorca.com\/https:\/\/www.economiademallorca.com\/https:\/\/www.economiademallorca.com\/https:\/\/www.economiademallorca.com\/center\/media\/economiademallorca\/images\/2023\/03\/14\/2023031410353912467.gif https:\/\/www.economiademallorca.com\/768w,https:\/\/www.economiademallorca.comhttps:\/\/www.economiademallorca.comhttps:\/\/www.economiademallorca.comhttps:\/\/www.economiademallorca.com\/asset\/thumbnail,https:\/\/www.economiademallorca.com\/992,https:\/\/www.economiademallorca.com\/558,https:\/\/www.economiademallorca.com\/https:\/\/www.economiademallorca.com\/https:\/\/www.economiademallorca.com\/https:\/\/www.economiademallorca.com\/center,https:\/\/www.economiademallorca.com\/https:\/\/www.economiademallorca.com\/https:\/\/www.economiademallorca.com\/https:\/\/www.economiademallorca.com\/center\/media\/economiademallorca\/images\/2023\/03\/14\/2023031410353912467.gif https:\/\/www.economiademallorca.com\/992w,https:\/\/www.economiademallorca.comhttps:\/\/www.economiademallorca.comhttps:\/\/www.economiademallorca.comhttps:\/\/www.economiademallorca.com\/asset\/thumbnail,https:\/\/www.economiademallorca.com\/1280,https:\/\/www.economiademallorca.com\/720,https:\/\/www.economiademallorca.com\/https:\/\/www.economiademallorca.com\/https:\/\/www.economiademallorca.com\/https:\/\/www.economiademallorca.com\/center,https:\/\/www.economiademallorca.com\/https:\/\/www.economiademallorca.com\/https:\/\/www.economiademallorca.com\/https:\/\/www.economiademallorca.com\/center\/media\/economiademallorca\/images\/2023\/03\/14\/2023031410353912467.gif https:\/\/www.economiademallorca.com\/1280w\" sizes=\"auto, (max-width: 480px) 480px, (max-width: 768px) 768px, (max-width: 992px) 992px, 1280px\"\/> <\/a><\/div>\n<p>El inicio de este nuevo ciclo ha tenido lugar en Mallorca este jueves 16 de marzo en el Resort Hipotels Gran Playa de Palma, que ha reunido a m\u00e1s de\u00a050\u00a0asistentes de las cadenas hoteleras m\u00e1s importantes de la isla\u00a0como\u00a0Hipotels Motels &amp; Resorts,\u00a0Meli\u00e0 Motels Worldwide, Valent\u00edn Motels &amp; Resorts y Grupotel Motels &amp; Resorts, entre otras<\/p>\n<div class=\"ad-slot oat oat-visible oat-top \" data-mark=\"Publicidad\" style=\"height: 265px;\"><a rel=\"nofollow noopener\" target=\"_blank\" href=\"https:\/\/www.economiademallorca.com\/ads\/20230125115849078413\"> <img loading=\"lazy\" decoding=\"async\" src=\"https:\/\/www.economiademallorca.com\/media\/economiademallorca\/images\/2023\/01\/25\/2023012511573751155.gif\" alt=\"Publicidad 78413\" width=\"300\" height=\"250\" class=\"lazyload\" srcset=\"https:\/\/www.economiademallorca.comhttps:\/\/www.economiademallorca.comhttps:\/\/www.economiademallorca.comhttps:\/\/www.economiademallorca.com\/asset\/thumbnail,https:\/\/www.economiademallorca.com\/480,https:\/\/www.economiademallorca.com\/270,https:\/\/www.economiademallorca.com\/https:\/\/www.economiademallorca.com\/https:\/\/www.economiademallorca.com\/https:\/\/www.economiademallorca.com\/center,https:\/\/www.economiademallorca.com\/https:\/\/www.economiademallorca.com\/https:\/\/www.economiademallorca.com\/https:\/\/www.economiademallorca.com\/center\/media\/economiademallorca\/images\/2023\/01\/25\/2023012511573751155.gif https:\/\/www.economiademallorca.com\/480w,https:\/\/www.economiademallorca.comhttps:\/\/www.economiademallorca.comhttps:\/\/www.economiademallorca.comhttps:\/\/www.economiademallorca.com\/asset\/thumbnail,https:\/\/www.economiademallorca.com\/768,https:\/\/www.economiademallorca.com\/432,https:\/\/www.economiademallorca.com\/https:\/\/www.economiademallorca.com\/https:\/\/www.economiademallorca.com\/https:\/\/www.economiademallorca.com\/center,https:\/\/www.economiademallorca.com\/https:\/\/www.economiademallorca.com\/https:\/\/www.economiademallorca.com\/https:\/\/www.economiademallorca.com\/center\/media\/economiademallorca\/images\/2023\/01\/25\/2023012511573751155.gif https:\/\/www.economiademallorca.com\/768w,https:\/\/www.economiademallorca.comhttps:\/\/www.economiademallorca.comhttps:\/\/www.economiademallorca.comhttps:\/\/www.economiademallorca.com\/asset\/thumbnail,https:\/\/www.economiademallorca.com\/992,https:\/\/www.economiademallorca.com\/558,https:\/\/www.economiademallorca.com\/https:\/\/www.economiademallorca.com\/https:\/\/www.economiademallorca.com\/https:\/\/www.economiademallorca.com\/center,https:\/\/www.economiademallorca.com\/https:\/\/www.economiademallorca.com\/https:\/\/www.economiademallorca.com\/https:\/\/www.economiademallorca.com\/center\/media\/economiademallorca\/images\/2023\/01\/25\/2023012511573751155.gif https:\/\/www.economiademallorca.com\/992w,https:\/\/www.economiademallorca.comhttps:\/\/www.economiademallorca.comhttps:\/\/www.economiademallorca.comhttps:\/\/www.economiademallorca.com\/asset\/thumbnail,https:\/\/www.economiademallorca.com\/1280,https:\/\/www.economiademallorca.com\/720,https:\/\/www.economiademallorca.com\/https:\/\/www.economiademallorca.com\/https:\/\/www.economiademallorca.com\/https:\/\/www.economiademallorca.com\/center,https:\/\/www.economiademallorca.com\/https:\/\/www.economiademallorca.com\/https:\/\/www.economiademallorca.com\/https:\/\/www.economiademallorca.com\/center\/media\/economiademallorca\/images\/2023\/01\/25\/2023012511573751155.gif https:\/\/www.economiademallorca.com\/1280w\" sizes=\"auto, (max-width: 480px) 480px, (max-width: 768px) 768px, (max-width: 992px) 992px, 1280px\"\/> <\/a><\/div>\n<p>Enfocada en lugares de atractivo tur\u00edstico, la ruta de formaci\u00f3n \u201cAulas Gastrohoteleras\u201d seguir\u00e1 en Marbella el pr\u00f3ximo jueves 23 de marzo y le suceder\u00e1n Gran Canaria y Tenerife<\/p>\n<p><strong>La divisi\u00f3n de fuera del hogar de Unilever presenta una nueva ruta de su programa de formaci\u00f3n\u00a0\u201cAulas Gastrohoteleras\u201d<\/strong>, unas jornadas dirigidas a los principales cooks de distintas cadenas y hoteles independientes con el objetivo de dar a conocer algunas de las \u00faltimas tendencias en restauraci\u00f3n.<\/p>\n<p>La \u00faltima jornada, que se ha celebrado en el <strong>Resort Hipotels Gran Playa de Palma en Mallorca<\/strong>, ha acogido a los cooks de las principales cadenas hoteleras de la isla para preparar la temporada alta para hoteles y turismo.<\/p>\n<div class=\"ad-slot oat oat-visible oat-top \" data-mark=\"Publicidad\" style=\"height: 265px;\"><a rel=\"nofollow noopener\" target=\"_blank\" href=\"https:\/\/www.economiademallorca.com\/ads\/20230201115607078658\"> <img loading=\"lazy\" decoding=\"async\" src=\"https:\/\/www.economiademallorca.com\/media\/economiademallorca\/images\/2023\/02\/01\/2023020111531711043.png\" alt=\"Publicidad 78658\" width=\"300\" height=\"250\" class=\"lazyload\" srcset=\"https:\/\/www.economiademallorca.comhttps:\/\/www.economiademallorca.comhttps:\/\/www.economiademallorca.comhttps:\/\/www.economiademallorca.com\/asset\/thumbnail,https:\/\/www.economiademallorca.com\/480,https:\/\/www.economiademallorca.com\/270,https:\/\/www.economiademallorca.com\/https:\/\/www.economiademallorca.com\/https:\/\/www.economiademallorca.com\/https:\/\/www.economiademallorca.com\/center,https:\/\/www.economiademallorca.com\/https:\/\/www.economiademallorca.com\/https:\/\/www.economiademallorca.com\/https:\/\/www.economiademallorca.com\/center\/media\/economiademallorca\/images\/2023\/02\/01\/2023020111531711043.png https:\/\/www.economiademallorca.com\/480w,https:\/\/www.economiademallorca.comhttps:\/\/www.economiademallorca.comhttps:\/\/www.economiademallorca.comhttps:\/\/www.economiademallorca.com\/asset\/thumbnail,https:\/\/www.economiademallorca.com\/768,https:\/\/www.economiademallorca.com\/432,https:\/\/www.economiademallorca.com\/https:\/\/www.economiademallorca.com\/https:\/\/www.economiademallorca.com\/https:\/\/www.economiademallorca.com\/center,https:\/\/www.economiademallorca.com\/https:\/\/www.economiademallorca.com\/https:\/\/www.economiademallorca.com\/https:\/\/www.economiademallorca.com\/center\/media\/economiademallorca\/images\/2023\/02\/01\/2023020111531711043.png https:\/\/www.economiademallorca.com\/768w,https:\/\/www.economiademallorca.comhttps:\/\/www.economiademallorca.comhttps:\/\/www.economiademallorca.comhttps:\/\/www.economiademallorca.com\/asset\/thumbnail,https:\/\/www.economiademallorca.com\/992,https:\/\/www.economiademallorca.com\/558,https:\/\/www.economiademallorca.com\/https:\/\/www.economiademallorca.com\/https:\/\/www.economiademallorca.com\/https:\/\/www.economiademallorca.com\/center,https:\/\/www.economiademallorca.com\/https:\/\/www.economiademallorca.com\/https:\/\/www.economiademallorca.com\/https:\/\/www.economiademallorca.com\/center\/media\/economiademallorca\/images\/2023\/02\/01\/2023020111531711043.png https:\/\/www.economiademallorca.com\/992w,https:\/\/www.economiademallorca.comhttps:\/\/www.economiademallorca.comhttps:\/\/www.economiademallorca.comhttps:\/\/www.economiademallorca.com\/asset\/thumbnail,https:\/\/www.economiademallorca.com\/1280,https:\/\/www.economiademallorca.com\/720,https:\/\/www.economiademallorca.com\/https:\/\/www.economiademallorca.com\/https:\/\/www.economiademallorca.com\/https:\/\/www.economiademallorca.com\/center,https:\/\/www.economiademallorca.com\/https:\/\/www.economiademallorca.com\/https:\/\/www.economiademallorca.com\/https:\/\/www.economiademallorca.com\/center\/media\/economiademallorca\/images\/2023\/02\/01\/2023020111531711043.png https:\/\/www.economiademallorca.com\/1280w\" sizes=\"auto, (max-width: 480px) 480px, (max-width: 768px) 768px, (max-width: 992px) 992px, 1280px\"\/> <\/a><\/div>\n<p>Todas las sesiones se centran en las \u00faltimas tendencias hoteleras relacionadas con nuevos conceptos e innovaciones, tales como la optimizaci\u00f3n de mermas, la oferta de platos vegetarianos y flexitarianos, platos originales para ofrecer en el buffet con nuevas texturas y sabores y la organizaci\u00f3n de postres.<\/p>\n<p>Tambi\u00e9n se plantean diversos retos como encontrar materias primas a buen precio, trabajar con proveedores que entiendan el contexto, encontrar private cualificado y, si no lo est\u00e1, poder formarlo en tiempo r\u00e9cord y mantener la ethical alta de todo el equipo.<\/p>\n<p><strong>La formaci\u00f3n consta de un recorrido de\u00a0tres diferentes\u00a0tipos de buffets enfocados en la gesti\u00f3n m\u00e1s eficiente y personalizada<\/strong> del buffet. Durante los cursos se analizan aspectos como las compras y la relaci\u00f3n con los proveedores; conocimiento del\u00a0mercado en cuanto a precios y nuevos productos, entre otros, as\u00ed como la gesti\u00f3n del propio consumo y preferencias de los clientes. El formato de las formaciones es 100% interactivo y pr\u00e1ctico, ofreciendo impresionantes\u00a0showcookings\u00a0en directo y un c\u00f3rner veggie dirigidos a la clientela.<\/p>\n<div class=\"ad-slot oat oat-visible oat-top \" data-mark=\"Publicidad\" style=\"height: 265px;\"><a rel=\"nofollow noopener\" target=\"_blank\" href=\"https:\/\/www.economiademallorca.com\/ads\/20230209150930078962\"> <img loading=\"lazy\" decoding=\"async\" src=\"https:\/\/www.economiademallorca.com\/media\/economiademallorca\/images\/2023\/03\/15\/2023031508083919815.jpg\" alt=\"Publicidad 78962\" width=\"300\" height=\"250\" class=\"lazyload\" srcset=\"https:\/\/www.economiademallorca.comhttps:\/\/www.economiademallorca.comhttps:\/\/www.economiademallorca.comhttps:\/\/www.economiademallorca.com\/asset\/thumbnail,https:\/\/www.economiademallorca.com\/480,https:\/\/www.economiademallorca.com\/270,https:\/\/www.economiademallorca.com\/https:\/\/www.economiademallorca.com\/https:\/\/www.economiademallorca.com\/https:\/\/www.economiademallorca.com\/center,https:\/\/www.economiademallorca.com\/https:\/\/www.economiademallorca.com\/https:\/\/www.economiademallorca.com\/https:\/\/www.economiademallorca.com\/center\/media\/economiademallorca\/images\/2023\/03\/15\/2023031508083919815.jpg https:\/\/www.economiademallorca.com\/480w,https:\/\/www.economiademallorca.comhttps:\/\/www.economiademallorca.comhttps:\/\/www.economiademallorca.comhttps:\/\/www.economiademallorca.com\/asset\/thumbnail,https:\/\/www.economiademallorca.com\/768,https:\/\/www.economiademallorca.com\/432,https:\/\/www.economiademallorca.com\/https:\/\/www.economiademallorca.com\/https:\/\/www.economiademallorca.com\/https:\/\/www.economiademallorca.com\/center,https:\/\/www.economiademallorca.com\/https:\/\/www.economiademallorca.com\/https:\/\/www.economiademallorca.com\/https:\/\/www.economiademallorca.com\/center\/media\/economiademallorca\/images\/2023\/03\/15\/2023031508083919815.jpg https:\/\/www.economiademallorca.com\/768w,https:\/\/www.economiademallorca.comhttps:\/\/www.economiademallorca.comhttps:\/\/www.economiademallorca.comhttps:\/\/www.economiademallorca.com\/asset\/thumbnail,https:\/\/www.economiademallorca.com\/992,https:\/\/www.economiademallorca.com\/558,https:\/\/www.economiademallorca.com\/https:\/\/www.economiademallorca.com\/https:\/\/www.economiademallorca.com\/https:\/\/www.economiademallorca.com\/center,https:\/\/www.economiademallorca.com\/https:\/\/www.economiademallorca.com\/https:\/\/www.economiademallorca.com\/https:\/\/www.economiademallorca.com\/center\/media\/economiademallorca\/images\/2023\/03\/15\/2023031508083919815.jpg https:\/\/www.economiademallorca.com\/992w,https:\/\/www.economiademallorca.comhttps:\/\/www.economiademallorca.comhttps:\/\/www.economiademallorca.comhttps:\/\/www.economiademallorca.com\/asset\/thumbnail,https:\/\/www.economiademallorca.com\/1280,https:\/\/www.economiademallorca.com\/720,https:\/\/www.economiademallorca.com\/https:\/\/www.economiademallorca.com\/https:\/\/www.economiademallorca.com\/https:\/\/www.economiademallorca.com\/center,https:\/\/www.economiademallorca.com\/https:\/\/www.economiademallorca.com\/https:\/\/www.economiademallorca.com\/https:\/\/www.economiademallorca.com\/center\/media\/economiademallorca\/images\/2023\/03\/15\/2023031508083919815.jpg https:\/\/www.economiademallorca.com\/1280w\" sizes=\"auto, (max-width: 480px) 480px, (max-width: 768px) 768px, (max-width: 992px) 992px, 1280px\"\/> <\/a><\/div>\n<p>Se tratan, por tanto, aspectos muy ligados a la gesti\u00f3n como la\u00a0rentabilidad, la ingenier\u00eda de men\u00fa, la gesti\u00f3n de las mermas, el management de los al\u00e9rgenos, pero tambi\u00e9n la formaci\u00f3n en las \u00faltimas tendencias son una parte central de las sesiones, como la aceleraci\u00f3n de la preferencia por la alimentaci\u00f3n saludable.<\/p>\n<p><strong>Adaptaci\u00f3n a los nuevos tiempos<\/strong><\/p>\n<p>La industria hotelera crece a un ritmo dif\u00edcil y vertiginoso que obliga a estar en contacto nuestro alrededor. Una de las tendencias que marcar\u00e1 el sector este a\u00f1o, ser\u00e1, entre otras el crecimiento de la digitalizaci\u00f3n: el 58% de todas las interacciones con los clientes a nivel mundial son ahora digitales, en comparaci\u00f3n con el 36% que hab\u00eda antes de la pandemia, seg\u00fan la consultora Mckinsey.<\/p>\n<p>Resulta imprescindible, por tanto, estar al d\u00eda con las innovaciones y tendencias del sector con la finalidad de ofrecer el mejor servicio disponible. Ahora que se acerca la temporada estival, las formaciones de\u00a0\u201cAulas Gastrohoteleras\u201d de Unilever Meals Options\u00a0se conforman como una oportunidad id\u00f3nea para los cooks de afrontar los nuevos retos de la hosteler\u00eda.<\/p>\n<p><strong>Javier Guerra, Chef Motels &amp; Channel Specialist Unilever Meals Options<\/strong>\u00a0asegura que\u00a0\u201cel consumidor es m\u00e1s consciente que nunca de la experiencia que est\u00e1 teniendo en un restaurante o buffet de un hotel. Gracias a estas jornadas de formaci\u00f3n ayudamos a los chefs profesionales a seguir ofreciendo a los hu\u00e9spedes la mejor calidad que siempre han tenido, a un precio a\u00fan m\u00e1s ajustado.\u201d<\/p>\n<\/div>\n\n<p><em> &#8221; Fuentes www.economiademallorca.com &#8221; <\/em><\/p>\n","protected":false},"excerpt":{"rendered":"<p>La divisi\u00f3n del fuera del hogar de Unilever presenta una nueva ruta de su programa de formaci\u00f3n \u201cAulas Gastrohoteleras\u201d, unas jornadas dirigidas a cooks profesionales de las principales cadenas hoteleras El inicio de este nuevo ciclo ha tenido lugar en Mallorca este jueves 16 de marzo en el Resort Hipotels Gran Playa de Palma, que [&hellip;]<\/p>\n","protected":false},"author":4,"featured_media":508842,"comment_status":"open","ping_status":"closed","sticky":false,"template":"","format":"standard","meta":{"om_disable_all_campaigns":false,"jnews-multi-image_gallery":[],"jnews_single_post":[],"jnews_primary_category":[],"jnews_social_meta":[],"footnotes":""},"categories":[40],"tags":[65399,743,544],"class_list":["post-508841","post","type-post","status-publish","format-standard","has-post-thumbnail","hentry","category-industria","tag-formacion-y-universidad","tag-gastronomia","tag-turismo"],"_links":{"self":[{"href":"https:\/\/dimensionturistica.com\/es\/wp-json\/wp\/v2\/posts\/508841","targetHints":{"allow":["GET"]}}],"collection":[{"href":"https:\/\/dimensionturistica.com\/es\/wp-json\/wp\/v2\/posts"}],"about":[{"href":"https:\/\/dimensionturistica.com\/es\/wp-json\/wp\/v2\/types\/post"}],"author":[{"embeddable":true,"href":"https:\/\/dimensionturistica.com\/es\/wp-json\/wp\/v2\/users\/4"}],"replies":[{"embeddable":true,"href":"https:\/\/dimensionturistica.com\/es\/wp-json\/wp\/v2\/comments?post=508841"}],"version-history":[{"count":0,"href":"https:\/\/dimensionturistica.com\/es\/wp-json\/wp\/v2\/posts\/508841\/revisions"}],"wp:featuredmedia":[{"embeddable":true,"href":"https:\/\/dimensionturistica.com\/es\/wp-json\/wp\/v2\/media\/508842"}],"wp:attachment":[{"href":"https:\/\/dimensionturistica.com\/es\/wp-json\/wp\/v2\/media?parent=508841"}],"wp:term":[{"taxonomy":"category","embeddable":true,"href":"https:\/\/dimensionturistica.com\/es\/wp-json\/wp\/v2\/categories?post=508841"},{"taxonomy":"post_tag","embeddable":true,"href":"https:\/\/dimensionturistica.com\/es\/wp-json\/wp\/v2\/tags?post=508841"}],"curies":[{"name":"wp","href":"https:\/\/api.w.org\/{rel}","templated":true}]}}