{"id":508733,"date":"2023-03-16T13:42:50","date_gmt":"2023-03-16T13:42:50","guid":{"rendered":"https:\/\/dimensionturistica.com\/es\/?p=508733"},"modified":"2023-03-16T13:42:50","modified_gmt":"2023-03-16T13:42:50","slug":"jornaleros-de-immokalee-celebran-con-marcha-10-anos-del-programa-comida-justa","status":"publish","type":"post","link":"https:\/\/dimensionturistica.com\/es\/jornaleros-de-immokalee-celebran-con-marcha-10-anos-del-programa-comida-justa\/","title":{"rendered":"Jornaleros de Immokalee celebran con marcha 10 a\u00f1os del Programa Comida Justa"},"content":{"rendered":"<p> <br \/>\n<\/p>\n<div id=\"article-text\">\n<div class=\"foto\">\n<img decoding=\"async\" src=\"https:\/\/www.jornada.com.mx\/2023\/03\/16\/fotos\/029n1mun-1.jpg\" alt=\"Foto\" title=\"\" \/><\/p>\n<p>\n\u25b2 Jornaleros agr\u00edcolas participan en la Marcha por un Nuevo Mundo, con la cual festejan 10 a\u00f1os de lucha por mejores condiciones laborales en los campos estadunidenses.<span class=\"credito\">Foto cortes\u00eda de la Coalici\u00f3n de Trabajadores de Immokalee<\/span> <\/p>\n<\/div>\n<div class=\"col col1\">\n<p><span itemprop=\"name\">David Brooks y Jim Cason<\/span><\/p>\n<p>Corresponsales<\/p>\n<p>Peri\u00f3dico La Jornada<br \/>Jueves 16 de marzo de 2023, p. 29<\/p>\n<p class=\"s-s\">Nueva York y Washington. Una marcha de cinco d\u00edas de decenas de jornaleros de la Coalici\u00f3n de Trabajadores de Immokalee (CIW, por sus siglas en ingl\u00e9s) en Florida, festeja el d\u00e9cimo aniversario del Programa de Comida Justa que ha transformado las condiciones de trabajadores agr\u00edcolas y es modelo para conquistar el respeto de derechos laborales b\u00e1sicos, y a la vez demandar el <q>fin de la esclavitud moderna en los campos<\/q> de Estados Unidos.<\/p>\n<p>La Marcha por un Nuevo Mundo arranc\u00f3 el martes en el pueblo agricultor Pahokee, donde recientemente la CIW descubri\u00f3 uno de los campamentos de jornaleros donde prevalec\u00edan condiciones de esclavitud moderna, y su destino last es Palm Seaside \u2013un trayecto de m\u00e1s de 70 kil\u00f3metros\u2013, donde viven algunos de los ejecutivos de empresas que reh\u00fasan sumarse al Programa de Comida Justa.<\/p>\n<p>La CIW ha sido clave en combatir estas condiciones durante los \u00faltimos a\u00f1os, logrando que miles de trabajadores sean liberados bajo los leyes antiesclavitud en el sur, sobre todo en Florida, lucha que contin\u00faa hoy d\u00eda.<\/p>\n<p>El Programa de Comida Justa impulsado por la CIW establece acuerdos entre trabajadores agrarios, cultivadores y empresas para crear una <q>cadena de suministro \u00e9tico<\/q> que incluye, por primera vez, fijar normas laborales, elevar ingresos y eliminar abusos, incluido el hostigamiento sexual.<\/p>\n<p>La Organizaci\u00f3n de Naciones Unidas, la Escuela de Negocios de Harvard, la Fundaci\u00f3n Clinton, la Casa Blanca y el ex presidente Jimmy Carter, entre otros, han elogiado y premiado la iniciativa que ha logrado, a trav\u00e9s de la movilizaci\u00f3n fashionable y sectores aliados de estudiantes e iglesias, que empresas tan diversas como Taco Bell, McDonalds, Burger King, Dealer Joe, Entire Meals y m\u00e1s hayan firmado acuerdos para implementar el programa en m\u00e1s de 10 estados.<\/p>\n<p>Tan efectiva ha sido esta iniciativa en reducir y hasta eliminar la violencia sexual, que la principal organizaci\u00f3n de defensa de mujeres que encabeza el llamado movimiento <em>#MeToo <\/em>en Hollywood solicit\u00f3 la asesor\u00eda de los jornaleros para su propio trabajo en la industria del entretenimiento.<\/p>\n<p>Adem\u00e1s de celebrar los logros en derechos humanos del Programa de Comida Justa, la Marcha por un Nuevo Mundo tambi\u00e9n demanda que la cadena de comida r\u00e1pida Wendy\u2019s y las de supermercados Publix y Kroger se sumen al acuerdo. Denuncian que algunas de estas empresas lucran con productos cosechados en granjas donde prevalecen condiciones de esclavitud moderna.<\/p>\n<p>Lupe Gonzalo, una de las coordinadoras de la CIW y del Programa de Comida Justa, coment\u00f3 en entrevista con <em>La Jornada<\/em>: <q>continuamos luchando contra las condiciones de lo que realmente es la esclavitud moderna<\/q>, se\u00f1alando dos casos recientes. Cont\u00f3 que en uno, la CIW recibi\u00f3 una llamada de dos trabajadores que hab\u00edan escapado de una cajuela de un coche de un pueblito en Florida y que ped\u00edan ayuda.<\/p>\n<\/div>\n<div class=\"col col2\">\n<p>Contaron que ellos y sus compa\u00f1eros viv\u00edan en una especie de hotelito rodeado de alambre de p\u00faas y eran obligados a trabajar en condiciones de extrema explotaci\u00f3n por un contratista llamado Bladimir Moreno. La CIW se comunic\u00f3 con las autoridades que abrieron una investigaci\u00f3n que culmin\u00f3 en diciembre pasado con cargos de conspiraci\u00f3n y trabajo forzado contra el contratista.<\/p>\n<p>Otros casos parecidos incluyen el de cientos de trabajadores en Florida, Carolina del Norte e Indiana, la mayor\u00eda trabajan en la cosecha de sand\u00eda, tambi\u00e9n forzados a trabajar en condiciones p\u00e9simas mientras les cobraban mucho dinero para que acumularan deuda y los hac\u00edan vivir, por ejemplo, en un almac\u00e9n hacinados con otros 75 trabajadores bajo guardia.<\/p>\n<p>En 2021, la CIW tambi\u00e9n ayud\u00f3 a impulsar una investigaci\u00f3n de las autoridades que descubri\u00f3 a m\u00e1s de 71 mil trabajadores enredados en una vasta operaci\u00f3n de trabajo forzado en varios estados, incluido Georgia, que gener\u00f3 m\u00e1s de 200 millones de d\u00f3lares en ganancias ilegales.<\/p>\n<p>Gonzalo subray\u00f3 que la gran mayor\u00eda de los jornaleros atrapados en estas condiciones no son indocumentados, sino trabajadores hu\u00e9sped con visas legales, pero que aun as\u00ed no tienen derechos y son sujetos al trabajo forzado sin normas ni protecciones.<\/p>\n<p>Este tipo de abuso laboral es eliminado en las empresas cultivadoras en varios estados que forman parte del Programa de Comida Justa, en el cual los trabajadores tambi\u00e9n gozan de normas b\u00e1sicas de trabajo, representaci\u00f3n ante patrones, asistencia en resoluci\u00f3n de disputas, entre otras cosas, lo cual ha transformado por primera vez en d\u00e9cadas las condiciones de los jornaleros agrarios.<\/p>\n<p><q>El Programa de Comida Justa no es un curita, es una soluci\u00f3n ante estas situaciones<\/q>, sostiene Gonzalo, quien participa en la marcha, la cual parti\u00f3 del pueblito de Pahokee porque ah\u00ed fue donde se descubri\u00f3 uno de los campamentos de trabajadores sujetos a condiciones de esclavitud moderna.<\/p>\n<p><q>Esta lucha es para crear un modo nuevo con derechos humanos para todos, en el que los trabajadores sean tratados como seres humanos<\/q>, afirm\u00f3 Gonzalo, quien subray\u00f3 que la marcha presenta una pregunta a las empresas que a\u00fan se reh\u00fasan a participar en el Programa de Comida Justa: <q>\u00bfEst\u00e1n a lado de la esclavitud moderna o de los derechos humanos de todos?<\/q><\/p>\n<p>Para mayor informaci\u00f3n: <a target=\"_blank\" href=\"https:\/\/ciw-online.org\" rel=\"noopener\">https:\/\/ciw-online.org<\/a><\/p>\n<\/div>\n<\/div>\n\n<p><em> \u2018 The preceding article may include information circulated by third parties \u2019 <\/em><\/p>\n<p><em> \u2018 Some details of this article were extracted from the following source www.jornada.com.mx \u2019 <\/em><\/p>\n","protected":false},"excerpt":{"rendered":"<p>\u25b2 Jornaleros agr\u00edcolas participan en la Marcha por un Nuevo Mundo, con la cual festejan 10 a\u00f1os de lucha por mejores condiciones laborales en los campos estadunidenses.Foto cortes\u00eda de la Coalici\u00f3n de Trabajadores de Immokalee David Brooks y Jim Cason Corresponsales Peri\u00f3dico La JornadaJueves 16 de marzo de 2023, p. 29 Nueva York y Washington. [&hellip;]<\/p>\n","protected":false},"author":2,"featured_media":508734,"comment_status":"open","ping_status":"closed","sticky":false,"template":"","format":"standard","meta":{"om_disable_all_campaigns":false,"jnews-multi-image_gallery":[],"jnews_single_post":[],"jnews_primary_category":[],"jnews_social_meta":[],"footnotes":""},"categories":[43],"tags":[769,705],"class_list":["post-508733","post","type-post","status-publish","format-standard","has-post-thumbnail","hentry","category-gourmet","tag-mexico","tag-noticias"],"_links":{"self":[{"href":"https:\/\/dimensionturistica.com\/es\/wp-json\/wp\/v2\/posts\/508733","targetHints":{"allow":["GET"]}}],"collection":[{"href":"https:\/\/dimensionturistica.com\/es\/wp-json\/wp\/v2\/posts"}],"about":[{"href":"https:\/\/dimensionturistica.com\/es\/wp-json\/wp\/v2\/types\/post"}],"author":[{"embeddable":true,"href":"https:\/\/dimensionturistica.com\/es\/wp-json\/wp\/v2\/users\/2"}],"replies":[{"embeddable":true,"href":"https:\/\/dimensionturistica.com\/es\/wp-json\/wp\/v2\/comments?post=508733"}],"version-history":[{"count":0,"href":"https:\/\/dimensionturistica.com\/es\/wp-json\/wp\/v2\/posts\/508733\/revisions"}],"wp:featuredmedia":[{"embeddable":true,"href":"https:\/\/dimensionturistica.com\/es\/wp-json\/wp\/v2\/media\/508734"}],"wp:attachment":[{"href":"https:\/\/dimensionturistica.com\/es\/wp-json\/wp\/v2\/media?parent=508733"}],"wp:term":[{"taxonomy":"category","embeddable":true,"href":"https:\/\/dimensionturistica.com\/es\/wp-json\/wp\/v2\/categories?post=508733"},{"taxonomy":"post_tag","embeddable":true,"href":"https:\/\/dimensionturistica.com\/es\/wp-json\/wp\/v2\/tags?post=508733"}],"curies":[{"name":"wp","href":"https:\/\/api.w.org\/{rel}","templated":true}]}}