{"id":508459,"date":"2023-03-15T23:09:32","date_gmt":"2023-03-15T23:09:32","guid":{"rendered":"https:\/\/dimensionturistica.com\/es\/?p=508459"},"modified":"2023-03-15T23:09:32","modified_gmt":"2023-03-15T23:09:32","slug":"estados-unidos-emite-alerta-de-viaje-a-cancun-playa-del-carmen-y-tulum","status":"publish","type":"post","link":"https:\/\/dimensionturistica.com\/es\/estados-unidos-emite-alerta-de-viaje-a-cancun-playa-del-carmen-y-tulum\/","title":{"rendered":"Estados Unidos emite alerta de viaje a Canc\u00fan, Playa del Carmen y Tulum"},"content":{"rendered":"<p> <br \/>\n<\/p>\n<div id=\"cuerpo-nota\">\n<p>CIUDAD DE M\u00c9XICO (apro).\u2013 El gobierno de Estados Unidos emiti\u00f3 una alerta de viaje para los j\u00f3venes que planean visitar los destinos tur\u00edsticos de Quintana Roo \u2013Canc\u00fan, Playa del Carmen o Tulum\u2013 para este \u201cspring break\u201d, y les aconsej\u00f3 tomar \u201cprecauciones adicionales\u201d.<\/p>\n<p>El pasado lunes, mientras el presidente Andr\u00e9s Manuel L\u00f3pez Obrador afirmaba en su conferencia matutina que M\u00e9xico es m\u00e1s seguro que Estados Unidos, el Departamento de Estado norteamericano asever\u00f3: \u201cDelitos, incluyendo delitos violentos, pueden suceder en cualquier lugar en M\u00e9xico, incluyendo en los destinos tur\u00edsticos populares\u201d.<\/p>\n<aside class=\"relacionadas con-foto\">\n<h5>Noticias Relacionadas<\/h5>\n<\/aside>\n<p>\u201cLos ciudadanos de Estados Unidos deben tomar precauciones adicionales en las \u00e1reas c\u00e9ntricas de los destinos populares de \u2018spring break\u2019, incluyendo Canc\u00fan, Playa del Carmen y Tulum, especialmente despu\u00e9s del atardecer\u201d, indic\u00f3.<\/p>\n<p>En su comunicado, el Departamento de Estado record\u00f3 que la posesi\u00f3n de drogas es ilegal en M\u00e9xico, y les advirti\u00f3 que ciudadanos estadunidenses \u201cse han enfermado seriamente o han muerto en M\u00e9xico despu\u00e9s de consumir drogas sint\u00e9ticas o medicamentos de prescripci\u00f3n adulterados\u201d.<\/p>\n<p>Tambi\u00e9n advirti\u00f3 sobre los riesgos de delitos sexuales, de consumir medicamentos alterados, as\u00ed como los riesgos legales que conlleva el consumo de alcohol en lugares p\u00fablicos, de portar armas de fuego o de quedarse con una situaci\u00f3n migratoria irregular\u201d.<\/p>\n<p>En 2022, dos canadienses fueron asesinados en Playa del Carmen aparentemente por deudas entre bandas internacionales de traficantes de drogas y armas.<\/p>\n<p>En 2021, m\u00e1s al sur, en el destino de Tulum, dos turistas \u2013una bloguera de viajes de California nacida en India y una alemana\u2013 quedaron atrapadas en un aparente fuego cruzado de narcotraficantes rivales y murieron.<\/p>\n<\/div>\n<p><script>\n      window.fbAsyncInit = function() {\n        FB.init({\n          appId      : '{785979025297911}',\n          status     : true,\n\t\t  version:  'v2.7',\n          xfbml      : true\n        });\nFB.Event.subscribe('comment.create', function (response) {grabacom_compa(303694)});\t\nFB.Event.subscribe('comment.remove',  function (response) {grabacom_compa(303694)});\t\nFB.Event.subscribe('edge.create',  function (response) {grabacom_compa(303694)});\nFB.Event.subscribe('edge.remove',  function (response) {grabacom_compa(303694)});\n      };\n(function(d, s, id) {\n  var js, fjs = d.getElementsByTagName(s)[0];\n  if (d.getElementById(id)) return;\n  js = d.createElement(s); js.id = id;\n  js.src = \"\/\/connect.facebook.net\/es_LA\/sdk.js#xfbml=1&version=v2.7&appId=785979025297911\";\n  fjs.parentNode.insertBefore(js, fjs);\n}(document, 'script', 'facebook-jssdk'));\n    <\/script><br \/>\n<br \/><\/p>\n<p><em> &#8221; Fuentes www.proceso.com.mx &#8221; <\/em><\/p>\n","protected":false},"excerpt":{"rendered":"<p>CIUDAD DE M\u00c9XICO (apro).\u2013 El gobierno de Estados Unidos emiti\u00f3 una alerta de viaje para los j\u00f3venes que planean visitar los destinos tur\u00edsticos de Quintana Roo \u2013Canc\u00fan, Playa del Carmen o Tulum\u2013 para este \u201cspring break\u201d, y les aconsej\u00f3 tomar \u201cprecauciones adicionales\u201d. El pasado lunes, mientras el presidente Andr\u00e9s Manuel L\u00f3pez Obrador afirmaba en su [&hellip;]<\/p>\n","protected":false},"author":4,"featured_media":508460,"comment_status":"open","ping_status":"closed","sticky":false,"template":"","format":"standard","meta":{"om_disable_all_campaigns":false,"jnews-multi-image_gallery":[],"jnews_single_post":[],"jnews_primary_category":[],"jnews_social_meta":[],"footnotes":""},"categories":[39],"tags":[4919,2010,1363,18845],"class_list":["post-508459","post","type-post","status-publish","format-standard","has-post-thumbnail","hentry","category-viajes","tag-alerta-de-viaje","tag-cancun","tag-estados-unidos","tag-spring-break"],"_links":{"self":[{"href":"https:\/\/dimensionturistica.com\/es\/wp-json\/wp\/v2\/posts\/508459","targetHints":{"allow":["GET"]}}],"collection":[{"href":"https:\/\/dimensionturistica.com\/es\/wp-json\/wp\/v2\/posts"}],"about":[{"href":"https:\/\/dimensionturistica.com\/es\/wp-json\/wp\/v2\/types\/post"}],"author":[{"embeddable":true,"href":"https:\/\/dimensionturistica.com\/es\/wp-json\/wp\/v2\/users\/4"}],"replies":[{"embeddable":true,"href":"https:\/\/dimensionturistica.com\/es\/wp-json\/wp\/v2\/comments?post=508459"}],"version-history":[{"count":0,"href":"https:\/\/dimensionturistica.com\/es\/wp-json\/wp\/v2\/posts\/508459\/revisions"}],"wp:featuredmedia":[{"embeddable":true,"href":"https:\/\/dimensionturistica.com\/es\/wp-json\/wp\/v2\/media\/508460"}],"wp:attachment":[{"href":"https:\/\/dimensionturistica.com\/es\/wp-json\/wp\/v2\/media?parent=508459"}],"wp:term":[{"taxonomy":"category","embeddable":true,"href":"https:\/\/dimensionturistica.com\/es\/wp-json\/wp\/v2\/categories?post=508459"},{"taxonomy":"post_tag","embeddable":true,"href":"https:\/\/dimensionturistica.com\/es\/wp-json\/wp\/v2\/tags?post=508459"}],"curies":[{"name":"wp","href":"https:\/\/api.w.org\/{rel}","templated":true}]}}