{"id":508334,"date":"2023-03-15T19:33:34","date_gmt":"2023-03-15T19:33:34","guid":{"rendered":"https:\/\/dimensionturistica.com\/es\/?p=508334"},"modified":"2023-03-15T19:33:34","modified_gmt":"2023-03-15T19:33:34","slug":"la-comunidad-impulsa-en-roma-una-accion-extraordinaria-de-promocion-de","status":"publish","type":"post","link":"https:\/\/dimensionturistica.com\/es\/la-comunidad-impulsa-en-roma-una-accion-extraordinaria-de-promocion-de\/","title":{"rendered":"La Comunidad impulsa en Roma una acci\u00f3n extraordinaria de promoci\u00f3n de&#8230;"},"content":{"rendered":"<p> <br \/>\n<\/p>\n<div>\n<p><strong>El acontecimiento dispondr\u00e1 de un espacio permanente en la oficina de Turespa\u00f1a en la capital italiana desde hoy\u00a0<\/strong><strong>hasta finales del pr\u00f3ximo a\u00f1o<\/strong><\/p>\n<p><strong>Casi medio centenar de medios de comunicaci\u00f3n especializados, agentes de viajes y turoperadores asistieron a la presentaci\u00f3n del A\u00f1o Jubilar en la Embajada de Espa\u00f1a ante la Santa Sede<\/strong><\/p>\n<p>La Consejer\u00eda de Presidencia, Turismo, Cultura, Juventud, Deportes y Portavoc\u00eda\u00a0ha puesto en marcha una acci\u00f3n extraordinaria de promoci\u00f3n\u00a0a partir de hoy y hasta finales de 2024 para convertir el A\u00f1o Jubilar de Caravaca de la Cruz en protagonista en la Oficina Espa\u00f1ola de Turismo en Roma, situada en la c\u00e9ntrica Plaza de Espa\u00f1a, tomando as\u00ed el relevo al Xacobeo 2021-2022.<\/p>\n<p><a rel=\"nofollow noopener\" target=\"_blank\" name=\"m_3320803287836363302__Hlk129073488\">El consejero Marcos Ortu\u00f1o destac\u00f3 durante la inauguraci\u00f3n que\u00a0<\/a>\u201ceste espacio permanente abre una ventana para acercar hasta el centro de Roma, punto neur\u00e1lgico de turismo, el A\u00f1o Jubilar de Caravaca y trasladar a los potenciales visitantes toda la oferta cultural, patrimonial y de experiencias que ofrece la Regi\u00f3n de Murcia el pr\u00f3ximo a\u00f1o\u201d.<\/p>\n<p>Para ello, resalt\u00f3 Ortu\u00f1o, \u201cse crea un espacio tematizado con la imagen del A\u00f1o Jubilar, dotado de una infraestructura tecnol\u00f3gica multimedia e interactiva de vanguardia\u201d.<\/p>\n<p>Esta acci\u00f3n extraordinaria de promoci\u00f3n organizada por el Instituto de Turismo de la Regi\u00f3n de Murcia (Itrem), en colaboraci\u00f3n con Turespa\u00f1a,\u00a0da continuidad a la recepci\u00f3n institucional al presidente de la Comunidad, Fernando L\u00f3pez Miras, por parte de su Santidad el Papa Francisco, el pasado 4 de marzo. Durante el encuentro, en audiencia privada, L\u00f3pez Miras invit\u00f3 al Santo Padre a visitar la Regi\u00f3n de Murcia, especialmente durante el A\u00f1o Jubilar de Caravaca de la Cruz.<\/p>\n<p><strong>40 profesionales confirmados<\/strong><\/p>\n<p>Tras la inauguraci\u00f3n de la oficina, tuvo lugar la presentaci\u00f3n del A\u00f1o Jubilar en la Embajada de Espa\u00f1a ante la Santa Sede, a cargo del consejero de Turismo, Marcos Ortu\u00f1o; y que cont\u00f3 con la presencia de la embajadora Isabel Cela\u00e1, el obispo de la Di\u00f3cesis de Cartagena, Jos\u00e9 Manuel Lorca Planes, y el alcalde de Caravaca de la Cruz,\u00a0Jos\u00e9 Francisco Garc\u00eda,\u00a0ante m\u00e1s de 40 profesionales especializados en turismo religioso.<\/p>\n<p>La acci\u00f3n ha propiciado que medios de comunicaci\u00f3n especializados, agentes de viajes y turoperadores\u00a0hayan tenido la oportunidad de descubrir o ampliar sus conocimientos en relaci\u00f3n a los recursos y atractivos que atesoran Caravaca de la Cruz y la Regi\u00f3n de Murcia como destino de peregrinaci\u00f3n.<\/p>\n<p>El XIX Congreso Internacional de Turismo Religioso, que en unos d\u00edas tendr\u00e1 como sedes Caravaca y Murcia con la participaci\u00f3n de m\u00e1s de 300 profesionales de 16 pa\u00edses, la llegada de la Vuelta Ciclista a Espa\u00f1a y las acciones de \u00edndole cultural que tiene previsto llevar a cabo la Fundaci\u00f3n Camino de la Cruz ser\u00e1n otros de los eventos que se unir\u00e1n a esta acci\u00f3n en Roma.<\/p>\n<p><strong>Acontecimiento extraordinario<\/strong><\/p>\n<p>Todo ello tiene como objetivo continuar posicionando el acontecimiento extraordinario que para la Regi\u00f3n de Murcia supondr\u00e1 en 2024 la celebraci\u00f3n del A\u00f1o Jubilar de Caravaca de la Cruz. Para ello, \u201ces fundamental intensificar la promoci\u00f3n nacional e internacional, as\u00ed como la puesta en marcha de acuerdos de comercializaci\u00f3n con agentes y turoperadores especializados\u201d, indic\u00f3 el consejero.<\/p>\n<p>La Comunidad espera alcanzar el pr\u00f3ximo a\u00f1o el mill\u00f3n de peregrinos, duplicando el dato del A\u00f1o Jubilar de 2017 y consolidando una tendencia que permita mantener una destacada afluencia de visitantes en 2025. De esta forma, \u201cesta celebraci\u00f3n convertir\u00e1 a la Regi\u00f3n en un s\u00f3lido referente para turistas y peregrinos\u201d, afirm\u00f3 Ortu\u00f1o.<\/p>\n<p>\n        <button class=\"read-more-btn\" on=\"tap:AMP.setState({ expand:'content-body', hiddenState: true })\"><br \/>\n          Leer m\u00e1s        <\/button>\n      <\/p>\n<\/p><\/div>\n\n<p><em> &#8221; Fuentes www.cartagenaactualidad.com &#8221; <\/em><\/p>\n","protected":false},"excerpt":{"rendered":"<p>El acontecimiento dispondr\u00e1 de un espacio permanente en la oficina de Turespa\u00f1a en la capital italiana desde hoy\u00a0hasta finales del pr\u00f3ximo a\u00f1o Casi medio centenar de medios de comunicaci\u00f3n especializados, agentes de viajes y turoperadores asistieron a la presentaci\u00f3n del A\u00f1o Jubilar en la Embajada de Espa\u00f1a ante la Santa Sede La Consejer\u00eda de Presidencia, [&hellip;]<\/p>\n","protected":false},"author":4,"featured_media":508335,"comment_status":"open","ping_status":"closed","sticky":false,"template":"","format":"standard","meta":{"om_disable_all_campaigns":false,"jnews-multi-image_gallery":[],"jnews_single_post":[],"jnews_primary_category":[],"jnews_social_meta":[],"footnotes":""},"categories":[40],"tags":[715],"class_list":["post-508334","post","type-post","status-publish","format-standard","has-post-thumbnail","hentry","category-industria","tag-economia"],"_links":{"self":[{"href":"https:\/\/dimensionturistica.com\/es\/wp-json\/wp\/v2\/posts\/508334","targetHints":{"allow":["GET"]}}],"collection":[{"href":"https:\/\/dimensionturistica.com\/es\/wp-json\/wp\/v2\/posts"}],"about":[{"href":"https:\/\/dimensionturistica.com\/es\/wp-json\/wp\/v2\/types\/post"}],"author":[{"embeddable":true,"href":"https:\/\/dimensionturistica.com\/es\/wp-json\/wp\/v2\/users\/4"}],"replies":[{"embeddable":true,"href":"https:\/\/dimensionturistica.com\/es\/wp-json\/wp\/v2\/comments?post=508334"}],"version-history":[{"count":0,"href":"https:\/\/dimensionturistica.com\/es\/wp-json\/wp\/v2\/posts\/508334\/revisions"}],"wp:featuredmedia":[{"embeddable":true,"href":"https:\/\/dimensionturistica.com\/es\/wp-json\/wp\/v2\/media\/508335"}],"wp:attachment":[{"href":"https:\/\/dimensionturistica.com\/es\/wp-json\/wp\/v2\/media?parent=508334"}],"wp:term":[{"taxonomy":"category","embeddable":true,"href":"https:\/\/dimensionturistica.com\/es\/wp-json\/wp\/v2\/categories?post=508334"},{"taxonomy":"post_tag","embeddable":true,"href":"https:\/\/dimensionturistica.com\/es\/wp-json\/wp\/v2\/tags?post=508334"}],"curies":[{"name":"wp","href":"https:\/\/api.w.org\/{rel}","templated":true}]}}