{"id":507882,"date":"2023-03-15T02:01:56","date_gmt":"2023-03-15T02:01:56","guid":{"rendered":"https:\/\/dimensionturistica.com\/es\/?p=507882"},"modified":"2023-03-15T02:01:56","modified_gmt":"2023-03-15T02:01:56","slug":"el-msc-lirica-realizara-manana-su-septima-escala-en-ceuta","status":"publish","type":"post","link":"https:\/\/dimensionturistica.com\/es\/el-msc-lirica-realizara-manana-su-septima-escala-en-ceuta\/","title":{"rendered":"El MSC L\u00edrica realizar\u00e1 ma\u00f1ana su s\u00e9ptima escala en Ceuta"},"content":{"rendered":"<p> <br \/>\n<\/p>\n<div>\n<p>La Autoridad Portuaria de Ceuta informa de la 7\u00aa escala del crucero MSC L\u00edrica, de la Compa\u00f1\u00eda MSC Cruceros, ma\u00f1ana mi\u00e9rcoles 15 de marzo.<\/p>\n<p>Como es ordinary, el buque, consignado por P\u00e9rez y C\u00eda, quedar\u00e1 atracado en el Muelle Espa\u00f1a, estando prevista su llegada a las 09:00 horas de la ma\u00f1ana. Partir\u00e1 a las 20:00 horas con destino al puerto de M\u00e1laga para completar su ruta. A bordo viajan m\u00e1s de 2.500 personas, de las que 1.780 son turistas, en su mayor\u00eda europeos y norteamericanos y 750 tripulantes de diversas nacionalidades.<\/p>\n<p>En colaboraci\u00f3n con Servicios Tur\u00edsticos de Ceuta, se han organizado visitas para todos los que quieran visitar la ciudad, adem\u00e1s \u00a0de un punto de informaci\u00f3n a pie de muelle.<\/p>\n<p>\n        <button class=\"read-more-btn\" on=\"tap:AMP.setState({ expand:'content-body', hiddenState: true })\"><br \/>\n          Leer m\u00e1s        <\/button>\n      <\/p>\n<\/p><\/div>\n\n<p><em> &#8221; Fuentes www.ceutatv.com &#8221; <\/em><\/p>\n","protected":false},"excerpt":{"rendered":"<p>La Autoridad Portuaria de Ceuta informa de la 7\u00aa escala del crucero MSC L\u00edrica, de la Compa\u00f1\u00eda MSC Cruceros, ma\u00f1ana mi\u00e9rcoles 15 de marzo. Como es ordinary, el buque, consignado por P\u00e9rez y C\u00eda, quedar\u00e1 atracado en el Muelle Espa\u00f1a, estando prevista su llegada a las 09:00 horas de la ma\u00f1ana. Partir\u00e1 a las 20:00 [&hellip;]<\/p>\n","protected":false},"author":4,"featured_media":507883,"comment_status":"open","ping_status":"closed","sticky":false,"template":"","format":"standard","meta":{"om_disable_all_campaigns":false,"jnews-multi-image_gallery":[],"jnews_single_post":[],"jnews_primary_category":[],"jnews_social_meta":[],"footnotes":""},"categories":[41],"tags":[1280,1411,544],"class_list":["post-507882","post","type-post","status-publish","format-standard","has-post-thumbnail","hentry","category-cruceros","tag-crucero","tag-puerto","tag-turismo"],"_links":{"self":[{"href":"https:\/\/dimensionturistica.com\/es\/wp-json\/wp\/v2\/posts\/507882","targetHints":{"allow":["GET"]}}],"collection":[{"href":"https:\/\/dimensionturistica.com\/es\/wp-json\/wp\/v2\/posts"}],"about":[{"href":"https:\/\/dimensionturistica.com\/es\/wp-json\/wp\/v2\/types\/post"}],"author":[{"embeddable":true,"href":"https:\/\/dimensionturistica.com\/es\/wp-json\/wp\/v2\/users\/4"}],"replies":[{"embeddable":true,"href":"https:\/\/dimensionturistica.com\/es\/wp-json\/wp\/v2\/comments?post=507882"}],"version-history":[{"count":0,"href":"https:\/\/dimensionturistica.com\/es\/wp-json\/wp\/v2\/posts\/507882\/revisions"}],"wp:featuredmedia":[{"embeddable":true,"href":"https:\/\/dimensionturistica.com\/es\/wp-json\/wp\/v2\/media\/507883"}],"wp:attachment":[{"href":"https:\/\/dimensionturistica.com\/es\/wp-json\/wp\/v2\/media?parent=507882"}],"wp:term":[{"taxonomy":"category","embeddable":true,"href":"https:\/\/dimensionturistica.com\/es\/wp-json\/wp\/v2\/categories?post=507882"},{"taxonomy":"post_tag","embeddable":true,"href":"https:\/\/dimensionturistica.com\/es\/wp-json\/wp\/v2\/tags?post=507882"}],"curies":[{"name":"wp","href":"https:\/\/api.w.org\/{rel}","templated":true}]}}