{"id":507607,"date":"2023-03-14T15:31:23","date_gmt":"2023-03-14T15:31:23","guid":{"rendered":"https:\/\/dimensionturistica.com\/es\/?p=507607"},"modified":"2023-03-14T15:31:24","modified_gmt":"2023-03-14T15:31:24","slug":"festival-del-chilorio-deja-derrama-economica-de-3-mdp","status":"publish","type":"post","link":"https:\/\/dimensionturistica.com\/es\/festival-del-chilorio-deja-derrama-economica-de-3-mdp\/","title":{"rendered":"Festival del Chilorio deja derrama econ\u00f3mica de 3 mdp"},"content":{"rendered":"<p> <br \/>\n<\/p>\n<div>\n<p>Entretenimiento acquainted, baile y mucho sabor \u00a0se vivieron el \u00a0domingo pasado en <strong>Mocorito<\/strong>. Comerciantes y prestadores de servicios fueron altamente beneficiados con la afluencia tur\u00edstica que se registr\u00f3 durante el <a rel=\"nofollow noopener\" target=\"_blank\" href=\"https:\/\/www.debate.com.mx\/sinaloa\/culiacan\/El-Tercer-Festival-del-Chilorio-atrae-a-cientos-de-turistas-a-Mocorito-20230312-0040.html\">Tercer Festival del Chilorio<\/a>, en el <strong>Pueblo M\u00e1gico<\/strong>, que report\u00f3 una appreciable derrama econ\u00f3mica.<\/p>\n<h2>Afluencia tur\u00edstica\u00a0<\/h2>\n<p><strong>El director de Turismo de la entidad, Jos\u00e9 Jos\u00e9 Norzagaray Parra<\/strong>, dijo que \u00a0se registr\u00f3 una visita de alrededor de 9 mil personas, seg\u00fan los c\u00e1lculos realizados por el departamento de<strong> Protecci\u00f3n Civil de Mocorito<\/strong>.<\/p>\n<blockquote>\n<p>Fue un gran evento de domingo acquainted y estamos muy contentos con los resultados<br \/>Jos\u00e9 norzagaray\u00a0director de turismo<\/p>\n<\/blockquote>\n<p>El Fuerte, Los Mochis, Culiac\u00e1n y el estado de Sonora fueron algunos de los lugares de donde proven\u00edan los turistas que arribaron al <strong>centro hist\u00f3rico de Mocorito<\/strong> para deleitarse con la exposici\u00f3n de este producto artesanal y adem\u00e1s disfrutar <strong>el hermoso\u00a0campo de girasoles<\/strong>,<a rel=\"nofollow noopener\" target=\"_blank\" href=\"https:\/\/www.debate.com.mx\/sinaloa\/guamuchil\/Turismo-por-girasoles-en-Mocorito-deja-buena-afluencia-de-visitantes-a-museos-de-Guamuchil-20230312-0032.html\"> que ya va por su tercera semana de atraer visitantes locales, nacionales y hasta internacionales.<\/a>\u00a0\u201cSe brind\u00f3 una atenci\u00f3n integral muy s\u00f3lida hacia los touroperadores tur\u00edsticos y agencias de viaje\u201d, asegur\u00f3.\u00a0<\/p>\n<h2>Derrama econ\u00f3mica\u00a0<\/h2>\n<p>Asimismo, Norzagaray Parra indic\u00f3 que el \u00e9xito que represent\u00f3<strong> la tercera edici\u00f3n de esta muestra gastron\u00f3mica de chilorio<\/strong>, en la que participaron 40 expositores, <strong>dej\u00f3 consigo una derrama econ\u00f3mica de 3 millones 150 mil pesos<\/strong>.\u00a0<\/p>\n<p>En este punto destac\u00f3 que este evento benefici\u00f3 tanto a los comerciantes formales como a los informales del municipio, y de igual manera al sector hotelero.\u00a0\u201cFue un trabajo en equipo impresionante, con resultados muy buenos\u201d, coment\u00f3.<\/p>\n<p>Te recomendamos leer:<\/p>\n<p>Al respecto, a\u00f1adi\u00f3 que se encuentran muy contentos con los frutos de este pageant que resalta la<strong> gastronom\u00eda native<\/strong>, pues las visitas al <strong>Pueblo M\u00e1gico<\/strong> coadyuvan a la promoci\u00f3n tur\u00edstica y econ\u00f3mica del lugar. \u00a0<\/p>\n<\/div>\n\n<p><em> &#8221; Fuentes www.debate.com.mx &#8221; <\/em><\/p>\n","protected":false},"excerpt":{"rendered":"<p>Entretenimiento acquainted, baile y mucho sabor \u00a0se vivieron el \u00a0domingo pasado en Mocorito. Comerciantes y prestadores de servicios fueron altamente beneficiados con la afluencia tur\u00edstica que se registr\u00f3 durante el Tercer Festival del Chilorio, en el Pueblo M\u00e1gico, que report\u00f3 una appreciable derrama econ\u00f3mica. Afluencia tur\u00edstica\u00a0 El director de Turismo de la entidad, Jos\u00e9 Jos\u00e9 [&hellip;]<\/p>\n","protected":false},"author":4,"featured_media":507608,"comment_status":"open","ping_status":"closed","sticky":false,"template":"","format":"standard","meta":{"om_disable_all_campaigns":false,"jnews-multi-image_gallery":[],"jnews_single_post":[],"jnews_primary_category":[],"jnews_social_meta":[],"footnotes":""},"categories":[40],"tags":[662,544],"class_list":["post-507607","post","type-post","status-publish","format-standard","has-post-thumbnail","hentry","category-industria","tag-cultura","tag-turismo"],"_links":{"self":[{"href":"https:\/\/dimensionturistica.com\/es\/wp-json\/wp\/v2\/posts\/507607","targetHints":{"allow":["GET"]}}],"collection":[{"href":"https:\/\/dimensionturistica.com\/es\/wp-json\/wp\/v2\/posts"}],"about":[{"href":"https:\/\/dimensionturistica.com\/es\/wp-json\/wp\/v2\/types\/post"}],"author":[{"embeddable":true,"href":"https:\/\/dimensionturistica.com\/es\/wp-json\/wp\/v2\/users\/4"}],"replies":[{"embeddable":true,"href":"https:\/\/dimensionturistica.com\/es\/wp-json\/wp\/v2\/comments?post=507607"}],"version-history":[{"count":0,"href":"https:\/\/dimensionturistica.com\/es\/wp-json\/wp\/v2\/posts\/507607\/revisions"}],"wp:featuredmedia":[{"embeddable":true,"href":"https:\/\/dimensionturistica.com\/es\/wp-json\/wp\/v2\/media\/507608"}],"wp:attachment":[{"href":"https:\/\/dimensionturistica.com\/es\/wp-json\/wp\/v2\/media?parent=507607"}],"wp:term":[{"taxonomy":"category","embeddable":true,"href":"https:\/\/dimensionturistica.com\/es\/wp-json\/wp\/v2\/categories?post=507607"},{"taxonomy":"post_tag","embeddable":true,"href":"https:\/\/dimensionturistica.com\/es\/wp-json\/wp\/v2\/tags?post=507607"}],"curies":[{"name":"wp","href":"https:\/\/api.w.org\/{rel}","templated":true}]}}