{"id":507562,"date":"2023-03-14T14:48:39","date_gmt":"2023-03-14T14:48:39","guid":{"rendered":"https:\/\/dimensionturistica.com\/es\/?p=507562"},"modified":"2023-03-14T14:48:40","modified_gmt":"2023-03-14T14:48:40","slug":"este-es-el-nuevo-programa-de-viajes-del-imserso","status":"publish","type":"post","link":"https:\/\/dimensionturistica.com\/es\/este-es-el-nuevo-programa-de-viajes-del-imserso\/","title":{"rendered":"Este es el nuevo programa de viajes del Imserso"},"content":{"rendered":"<p> <br \/>\n<\/p>\n<div id=\"\">\n<p>\t<amp-lightbox layout=\"nodisplay\" id=\"img-lightbox-13792125\"><\/p>\n<p>\t<\/amp-lightbox><\/p>\n<p>\t<center><br \/>\n\t\t<amp-ad data-block-on-consent=\"_till_responded\" data-force-safeframe=\"true\" data-npa-on-unknown-consent=\"true\" width=\"320\" height=\"100\" class=\"backgroundads\" type=\"doubleclick\" data-slot=\"\/138855687\/nacional-spo\/fuera-de-juego_n\" json=\"{&quot;targeting&quot;: {&quot;p&quot;: &quot;cpm_m&quot;,&quot;platform&quot;:&quot;amp&quot;,&quot;page&quot;:&quot;84631528&quot;,&quot;tagepi&quot;:[&quot;fuera-de-juego&quot;]}}\" layout=\"fixed\" data-multi-size=\"300x100,320x53,320x50,300x53,300x50,fluid\" data-multi-size-validation=\"false\" rtc-config=\"{&quot;urls&quot;: [&quot;https:\/\/analytics.prensaiberica.es\/api\/delivery\/knowledge?amp=1&quot;,&quot;https:\/\/shb.richaudience.com\/amp?p=IbVwRPF9WA&amp;w=ATTR(width)&amp;h=ATTR(height)&amp;ow=ATTR(data-override-width)&amp;oh=ATTR(data-override-height)&amp;ms=ATTR(data-multi-size)&amp;slot=ATTR(data-slot)&amp;mref=CANONICAL_URL&amp;timeout=TIMEOUT&amp;adcid=ADCID&amp;purl=HREF&amp;targeting=TGT&amp;consentString=CONSENT_STRING&amp;gdpr=CONSENT_METADATA(gdprApplies)&amp;addtl_consent=CONSENT_METADATA(additionalConsent)&amp;consent_type=CONSENT_METADATA(consentStringType)&quot;],&quot;vendors&quot;:{&quot;criteo&quot;:{&quot;NETWORK_ID&quot;: &quot;5100&quot;,&quot;PUBLISHER_SUB_ID&quot;:&quot;cpm_m&quot;},&quot;aps&quot;:{&quot;PUB_ID&quot;: &quot;3471&quot;,&quot;PARAMS&quot;:{&quot;amp&quot;:&quot;1&quot;}},&quot;openwrap&quot;: {&quot;PROFILE_ID&quot; : &quot;4957&quot;,&quot;PUB_ID&quot; : &quot;160801&quot;}}}\"\/><br \/>\n\t<\/center><\/p>\n<div class=\"sp-authorbox\" data-actas=\"ign-swap\" data-ign-swap-container=\".toheader-dst\" data-ign-swap-on-sm=\"\">\n<div class=\"author\">\n<div class=\"txt\">\n<p>\t<time class=\"date\" datetime=\"2023-03-14T15:43:25+01:00\"><br \/>\n\t    <span><\/p>\n<p>\t  \t\t<span class=\"updated\"><br \/>\n\t\t    \t14\/03\/2023 a las 15:43 \t    \t<\/p>\n<p>\t\t    \t<abbr title=\"Hora de Europa Central\">CET<\/abbr><br \/>\n\t\t    <\/span><br \/>\n\t    <\/span><br \/>\n\t<\/time><\/p><\/div><\/div><\/div>\n<p>Desde <strong>el Ministerio de Derechos Sociales se ha asegurado que el programa de viajes del Imserso necesita una remodelaci\u00f3n<\/strong>. Por lo tanto, su titular Ione Belarra apunta a<strong> la necesidad de ser sensibles ante el aumento de los costes de las empresas como consecuencia del crecimiento de la inflaci\u00f3n<\/strong>. <a rel=\"nofollow noopener\" target=\"_blank\" href=\"https:\/\/www.sport.es\/es\/noticias\/fuera-de-juego\/nuevo-subsidio-desempleo-sepe-cobrar-84572908\">El programa necesitaba desde hace a\u00f1os<\/a> una remodelaci\u00f3n importante, con cambios en los lotes y las prestaciones.<\/p>\n<p>\t<center><br \/>\n\t\t<amp-ad data-block-on-consent=\"_till_responded\" data-force-safeframe=\"true\" width=\"336\" height=\"600\" class=\"backgroundads\" type=\"doubleclick\" data-slot=\"\/138855687\/nacional-spo\/fuera-de-juego_n\" json=\"{&quot;targeting&quot;: {&quot;p&quot;: &quot;cpm_r_dcha&quot;,&quot;platform&quot;:&quot;amp&quot;,&quot;page&quot;:&quot;84631528&quot;,&quot;tagepi&quot;:[&quot;fuera-de-juego&quot;]}}\" layout=\"fixed\" data-multi-size=\"300x600,320x480,300x300,300x250,250x250,fluid\" data-multi-size-validation=\"false\" rtc-config=\"{&quot;urls&quot;: [&quot;https:\/\/analytics.prensaiberica.es\/api\/delivery\/knowledge?amp=1&quot;,&quot;https:\/\/shb.richaudience.com\/amp?p=KK3HGqiChp&amp;w=ATTR(width)&amp;h=ATTR(height)&amp;ow=ATTR(data-override-width)&amp;oh=ATTR(data-override-height)&amp;ms=ATTR(data-multi-size)&amp;slot=ATTR(data-slot)&amp;mref=CANONICAL_URL&amp;timeout=TIMEOUT&amp;adcid=ADCID&amp;purl=HREF&amp;targeting=TGT&amp;consentString=CONSENT_STRING&amp;gdpr=CONSENT_METADATA(gdprApplies)&amp;addtl_consent=CONSENT_METADATA(additionalConsent)&amp;consent_type=CONSENT_METADATA(consentStringType)&quot;],&quot;vendors&quot;:{&quot;criteo&quot;:{&quot;NETWORK_ID&quot;: &quot;5100&quot;,&quot;PUBLISHER_SUB_ID&quot;:&quot;cpm_r_dcha&quot;},&quot;aps&quot;:{&quot;PUB_ID&quot;: &quot;3471&quot;,&quot;PARAMS&quot;:{&quot;amp&quot;:&quot;1&quot;}},&quot;openwrap&quot;: {&quot;PROFILE_ID&quot; : &quot;4957&quot;,&quot;PUB_ID&quot; : &quot;160801&quot;}}}\"\/><br \/>\n\t<\/center><\/p>\n<p><strong>El Consejo de Ministros autorizar\u00e1 previsiblemente este martes 14 de marzo, hoy mismo, al Instituto de Mayores y Servicios Sociales (IMSERSO) la nueva licitaci\u00f3n de los viajes para la temporada 2023-2024 con una oferta mejorada y m\u00e1s diversa,<\/strong> una vez que el Gobierno tom\u00f3 la decisi\u00f3n de no prorrogar el precise contrato. <\/p>\n<p>\t\t\t\t\t<amp-ad width=\"4\" height=\"3\" type=\"sunmedia\" layout=\"responsive\" data-cid=\"ea3c7db2-875f-47a8-b03d-b361e3ec441c\" data-html-access-allowed=\"true\" data-block-on-consent=\"_till_responded\"\/><\/p>\n<p>Entre las modificaciones m\u00e1s aplaudidas del nuevo plan de viajes del<a rel=\"nofollow noopener\" target=\"_blank\" href=\"https:\/\/www.sport.es\/es\/noticias\/fuera-de-juego\/hecho-causante-requisito-ayuda-480-euros-84304648\"><strong> Imserso para 2023-2024 <\/strong><\/a><strong>destaca la incorporaci\u00f3n de todas las provincias y sus respectivas capitales, 34 nuevas, hasta completar las 52<\/strong>. De hecho, la oferta del mayor n\u00famero posible de localidades puntuar\u00e1 en el concurso.<\/p>\n<p>Para ser m\u00e1s exactos, <strong>el nuevo programa estar\u00e1 dotado con unos 300 millones de euros, un 14% m\u00e1s que en el anterior contrato, lo que permitir\u00e1 ampliar hasta 900.000 las plazas, 70.000 m\u00e1s que en la campa\u00f1a precedente<\/strong>. <\/p>\n<p>\t<center><br \/>\n\t\t<amp-ad data-block-on-consent=\"_till_responded\" data-force-safeframe=\"true\" width=\"336\" height=\"600\" class=\"backgroundads\" type=\"doubleclick\" data-slot=\"\/138855687\/nacional-spo\/fuera-de-juego_n\" json=\"{&quot;targeting&quot;: {&quot;p&quot;: &quot;cpm_r_dchab&quot;,&quot;platform&quot;:&quot;amp&quot;,&quot;page&quot;:&quot;84631528&quot;,&quot;tagepi&quot;:[&quot;fuera-de-juego&quot;]}}\" layout=\"fixed\" data-multi-size=\"300x600,320x480,300x300,300x250,250x250,fluid\" data-multi-size-validation=\"false\" rtc-config=\"{&quot;urls&quot;: [&quot;https:\/\/analytics.prensaiberica.es\/api\/delivery\/knowledge?amp=1&quot;,&quot;https:\/\/shb.richaudience.com\/amp?p=Np0yuRsQRp&amp;w=ATTR(width)&amp;h=ATTR(height)&amp;ow=ATTR(data-override-width)&amp;oh=ATTR(data-override-height)&amp;ms=ATTR(data-multi-size)&amp;slot=ATTR(data-slot)&amp;mref=CANONICAL_URL&amp;timeout=TIMEOUT&amp;adcid=ADCID&amp;purl=HREF&amp;targeting=TGT&amp;consentString=CONSENT_STRING&amp;gdpr=CONSENT_METADATA(gdprApplies)&amp;addtl_consent=CONSENT_METADATA(additionalConsent)&amp;consent_type=CONSENT_METADATA(consentStringType)&quot;],&quot;vendors&quot;:{&quot;criteo&quot;:{&quot;NETWORK_ID&quot;: &quot;5100&quot;,&quot;PUBLISHER_SUB_ID&quot;:&quot;cpm_r_dchab&quot;},&quot;aps&quot;:{&quot;PUB_ID&quot;: &quot;3471&quot;,&quot;PARAMS&quot;:{&quot;amp&quot;:&quot;1&quot;}},&quot;openwrap&quot;: {&quot;PROFILE_ID&quot; : &quot;4957&quot;,&quot;PUB_ID&quot; : &quot;160801&quot;}}}\"\/><br \/>\n\t<\/center><\/p>\n<p>La dotaci\u00f3n presupuestaria del Imserso para este ejercicio<strong> ha subido un 7,5%<\/strong>. El contrato vigente, <strong>adjudicado en septiembre de 2021 para la temporada 2021-2022<\/strong>, admit\u00eda dos pr\u00f3rrogas, hasta concluir en 2024, aunque tanto los hoteleros como las agencias de viajes <strong>hab\u00edan demandado reiteradamente un nuevo concurso porque se quejan de que los precios que perciben apenas cubren costes<\/strong>.<\/p>\n<p>Por el momento, <strong>han hecho p\u00fablica su intenci\u00f3n de concurrir a la nueva licitaci\u00f3n Mundiplan <\/strong>(una UTE de Iberia, IAG7 y Alsa), que ya est\u00e1 operando la temporada precise, \u00c1voris y Soltour (del grupo Pi\u00f1ero), un nuevo competidor.<\/p>\n<p>\t\t\t\t\t<amp-ad data-lazy-fetch=\"true\" data-loading-strategy=\"prefer-viewability-over-views\" data-block-on-consent=\"_till_responded\" width=\"300\" height=\"250\" type=\"teads\" data-pid=\"123694\" layout=\"responsive\"\/><\/p>\n<p><amp-lightbox layout=\"nodisplay\" id=\"img-lightbox-1706295947\"> <\/p>\n<p><\/amp-lightbox><\/p>\n<h2>Subidas de precios del Imserso por debajo del aumento de las pensiones<\/h2>\n<p>Siendo justos, para la nueva temporada <strong>no se conoce todav\u00eda si subir\u00e1n los precios de los paquetes o no, que actualmente van desde los 116 hasta los 405 euros<\/strong>, seg\u00fan los destinos y la duraci\u00f3n. <strong>En ning\u00fan caso el incremento ser\u00e1 superior al 8,5% que aumentaron las pensiones a principio de a\u00f1o (8,5%)<\/strong>, seg\u00fan fuentes del Ministerio de Derechos Sociales. El <strong>usuario asume el 78% del coste actual del viaje y el Estado, el 22% restante<\/strong>.<\/p>\n<h2>Estos son los destinos del Imserso 2023-2024<\/h2>\n<p>Los tradicionales destinos de costa e insulares, <strong>que suponen un 75% de la oferta, con 440.000 y 230.000 plazas respectivamente<\/strong>, siguen siendo la estrella de estos viajes para mayores. <strong>Habr\u00e1 adem\u00e1s 10 nuevos circuitos culturales, 19 nuevas rutas de naturaleza, aumentar\u00e1n las plazas con habitaci\u00f3n de uso particular person (del 2% al 10%) o se facilitar\u00e1 el proceso de inscripci\u00f3n<\/strong>. Vamos a verlos:<\/p>\n<h3>Circuitos culturales del IMSERSO<\/h3>\n<ul>\n<li><strong>Andaluc\u00eda<\/strong>: C\u00e1diz (Jerez de la Frontera y Sanl\u00facar de Barrameda), C\u00f3rdoba (C\u00f3rdoba y Palma del R\u00edo), Granada (Albolote y Granada), Ja\u00e9n (Ja\u00e9n, La Iruela y \u00dabeda), M\u00e1laga (Benalm\u00e1dena y Mijas) y Sevilla (Sevilla y Sanl\u00facar la Mayor).<\/li>\n<li><strong>Arag\u00f3n<\/strong>: Huesca (Huesca y Barbastro), Teruel (Albarrac\u00edn, Mora de Rubielos y Teruel) y Zaragoza.<\/li>\n<li><strong>Asturias<\/strong>: Gij\u00f3n y Oviedo.<\/li>\n<li><strong>Baleares<\/strong>: Palma de Mallorca.<\/li>\n<li><strong>Canarias<\/strong>: Las Palmas de Gran Canaria.<\/li>\n<li><strong>Cantabria<\/strong>: Santander, Santo\u00f1a, Suances y Torrelavega.<\/li>\n<li><strong>Castilla La-Mancha<\/strong>: Ciudad Actual, Cuenca, Guadalajara y Toledo (Talavera de la Reina).<\/li>\n<li><strong>Castilla y Le\u00f3n:<\/strong> \u00c1vila (\u00c1vila y Barco de \u00c1vila), Burgos (Burgos y Villagonzalo, Le\u00f3n, Palencia, Salamanca (Salamanca, Mogarraz y Santa Marta de Tormes), Segovia (Segovia y Actual Sitio de San Ildefonso), Soria, Valladolid y Zamora.<\/li>\n<li><strong>Catalu\u00f1a<\/strong>: Barcelona (Calella y Castelldefels) y Tarragona (Reus y Salou).<\/li>\n<li><strong>Comunidad Valenciana<\/strong>: Alicante (Benidorm y Finestrat), Castell\u00f3n (Pe\u00f1\u00edscola) y Valencia (Gand\u00eda).<\/li>\n<li><strong>Extremadura<\/strong>: Badajoz (Badajoz y M\u00e9rida) y C\u00e1ceres (C\u00e1ceres y Trujillo).<\/li>\n<li><strong>Galicia<\/strong>: A Coru\u00f1a (A Coru\u00f1a y Santiago de Compostela), Lugo, Ourense y Pontevedra (Sanxenxo y Silleda).<\/li>\n<li><strong>La Rioja<\/strong>: Haro y Logro\u00f1o.<\/li>\n<li><strong>Madrid<\/strong>: Aranjuez, Pinto y San Lorenzo del Escorial.<\/li>\n<li><strong>Murcia<\/strong>: \u00c1guilas y La Manga del Mar Menor.<\/li>\n<li><strong>Navarra<\/strong>: Pamplona y Burguete.<\/li>\n<li><strong>Pa\u00eds Vasco<\/strong>: \u00c1lava (Laguardia), Guip\u00fazcoa (Eibar, Ir\u00fan, O\u00f1ate y Zarautz) y Vizcaya (Sondika).<\/li>\n<\/ul>\n<h3>Turismo de naturaleza del IMSERSO<\/h3>\n<ul>\n<li><strong>Andaluc\u00eda<\/strong>: Almer\u00eda (Aguadulce), C\u00e1diz (Sanl\u00facar de Barrameda), Huelva (Islantilla y Punta Umbr\u00eda) y Ja\u00e9n (La Iruela y Villanueva del Arzobispo).<\/li>\n<li><strong>Arag\u00f3n<\/strong>: Huesca (Barbastro).<\/li>\n<li><strong>Asturias<\/strong>: Gij\u00f3n.<\/li>\n<li><strong>Baleares<\/strong>: Palma de Mallorca.<\/li>\n<li><strong>Canarias:<\/strong> Tenerife (Puerto de la Cruz).<\/li>\n<li><strong>Cantabria<\/strong>: Cabu\u00e9rniga.<\/li>\n<li><strong>Castilla La-Mancha<\/strong>: Albacete (Hell\u00edn) y Cuenca.<\/li>\n<li><strong>Castilla y Le\u00f3n<\/strong>: \u00c1vila (\u00c1vila y Barco de \u00c1vila), Salamanca (Mogarraz) y Soria.<\/li>\n<li><strong>Catalu\u00f1a<\/strong>: L\u00e9rida (Pont de Suert).<\/li>\n<li><strong>Comunidad Valenciana<\/strong>: Castell\u00f3n (Pe\u00f1\u00edscola).<\/li>\n<li><strong>Extremadura<\/strong>: C\u00e1ceres (Trujillo).<\/li>\n<li><strong>Galicia<\/strong>: Santiago de Compostela (A Coru\u00f1a).<\/li>\n<li><strong>La Rioja<\/strong>: La Rioja (Haro).<\/li>\n<li><strong>Madrid<\/strong>: San Lorenzo del Escorial.<\/li>\n<li><strong>Pa\u00eds Vasco<\/strong>: Guip\u00fazcoa (Zarautz).<\/li>\n<\/ul>\n<p>\t<center><br \/>\n\t\t<amp-ad data-block-on-consent=\"_till_responded\" data-force-safeframe=\"true\" width=\"336\" height=\"600\" class=\"backgroundads\" type=\"doubleclick\" data-slot=\"\/138855687\/nacional-spo\/fuera-de-juego_n\" json=\"{&quot;targeting&quot;: {&quot;p&quot;: &quot;cpm_r_dchac&quot;,&quot;platform&quot;:&quot;amp&quot;,&quot;page&quot;:&quot;84631528&quot;,&quot;tagepi&quot;:[&quot;fuera-de-juego&quot;]}}\" layout=\"fixed\" data-multi-size=\"300x600,320x480,300x300,300x250,250x250,fluid\" data-multi-size-validation=\"false\" rtc-config=\"{&quot;urls&quot;: [&quot;https:\/\/analytics.prensaiberica.es\/api\/delivery\/knowledge?amp=1&quot;,&quot;https:\/\/shb.richaudience.com\/amp?p=ffmzoesvtO&amp;w=ATTR(width)&amp;h=ATTR(height)&amp;ow=ATTR(data-override-width)&amp;oh=ATTR(data-override-height)&amp;ms=ATTR(data-multi-size)&amp;slot=ATTR(data-slot)&amp;mref=CANONICAL_URL&amp;timeout=TIMEOUT&amp;adcid=ADCID&amp;purl=HREF&amp;targeting=TGT&amp;consentString=CONSENT_STRING&amp;gdpr=CONSENT_METADATA(gdprApplies)&amp;addtl_consent=CONSENT_METADATA(additionalConsent)&amp;consent_type=CONSENT_METADATA(consentStringType)&quot;],&quot;vendors&quot;:{&quot;criteo&quot;:{&quot;NETWORK_ID&quot;: &quot;5100&quot;,&quot;PUBLISHER_SUB_ID&quot;:&quot;cpm_r_dchac&quot;},&quot;aps&quot;:{&quot;PUB_ID&quot;: &quot;3471&quot;,&quot;PARAMS&quot;:{&quot;amp&quot;:&quot;1&quot;}},&quot;openwrap&quot;: {&quot;PROFILE_ID&quot; : &quot;4957&quot;,&quot;PUB_ID&quot; : &quot;160801&quot;}}}\"\/><br \/>\n\t<\/center><\/p>\n<p>Para ir cerrando, cabe mencionar que <strong>el mayor aumento de plazas tendr\u00e1 lugar en el lote de turismo de inside (hasta 212.000), que contar\u00e1 con una mayor oferta cultural e incluye propuestas novedosas como itinerarios literarios, musicales o festivales de teatro<\/strong>. Con esta nueva ordenaci\u00f3n, las fuentes de Derechos Sociales entienden que <strong>las empresas adjudicatarias van a tener que negociar al alza con los hoteles<\/strong>, dado que se exigen unos servicios de mayor calidad.<\/p>\n<p>\t<span class=\"Recorte\">\u00a0<\/span><\/p>\n<p>En septiembre de 2021 se adjudic\u00f3 el concurso para la temporada 2021-2022, prorrogable por dos m\u00e1s, a Mundiplan (una UTE de Iberia, IAG7 y Alsa), que se hizo con los lotes 1 y 2, correspondientes a zonas de costa peninsular e insular, respectivamente, y a Turismo Social (\u00c1voris), que se qued\u00f3 con el n\u00famero 3, de turismo de inside y procedencia europea.<\/p>\n<\/p><\/div>\n\n<p><em> &#8221; Fuentes amp.sport.es &#8221; <\/em><\/p>\n","protected":false},"excerpt":{"rendered":"<p>14\/03\/2023 a las 15:43 CET Desde el Ministerio de Derechos Sociales se ha asegurado que el programa de viajes del Imserso necesita una remodelaci\u00f3n. Por lo tanto, su titular Ione Belarra apunta a la necesidad de ser sensibles ante el aumento de los costes de las empresas como consecuencia del crecimiento de la inflaci\u00f3n. El [&hellip;]<\/p>\n","protected":false},"author":4,"featured_media":507563,"comment_status":"open","ping_status":"closed","sticky":false,"template":"","format":"standard","meta":{"om_disable_all_campaigns":false,"jnews-multi-image_gallery":[],"jnews_single_post":[],"jnews_primary_category":[],"jnews_social_meta":[],"footnotes":""},"categories":[39],"tags":[813],"class_list":["post-507562","post","type-post","status-publish","format-standard","has-post-thumbnail","hentry","category-viajes","tag-imserso"],"_links":{"self":[{"href":"https:\/\/dimensionturistica.com\/es\/wp-json\/wp\/v2\/posts\/507562","targetHints":{"allow":["GET"]}}],"collection":[{"href":"https:\/\/dimensionturistica.com\/es\/wp-json\/wp\/v2\/posts"}],"about":[{"href":"https:\/\/dimensionturistica.com\/es\/wp-json\/wp\/v2\/types\/post"}],"author":[{"embeddable":true,"href":"https:\/\/dimensionturistica.com\/es\/wp-json\/wp\/v2\/users\/4"}],"replies":[{"embeddable":true,"href":"https:\/\/dimensionturistica.com\/es\/wp-json\/wp\/v2\/comments?post=507562"}],"version-history":[{"count":0,"href":"https:\/\/dimensionturistica.com\/es\/wp-json\/wp\/v2\/posts\/507562\/revisions"}],"wp:featuredmedia":[{"embeddable":true,"href":"https:\/\/dimensionturistica.com\/es\/wp-json\/wp\/v2\/media\/507563"}],"wp:attachment":[{"href":"https:\/\/dimensionturistica.com\/es\/wp-json\/wp\/v2\/media?parent=507562"}],"wp:term":[{"taxonomy":"category","embeddable":true,"href":"https:\/\/dimensionturistica.com\/es\/wp-json\/wp\/v2\/categories?post=507562"},{"taxonomy":"post_tag","embeddable":true,"href":"https:\/\/dimensionturistica.com\/es\/wp-json\/wp\/v2\/tags?post=507562"}],"curies":[{"name":"wp","href":"https:\/\/api.w.org\/{rel}","templated":true}]}}