{"id":506707,"date":"2023-03-13T05:17:42","date_gmt":"2023-03-13T05:17:42","guid":{"rendered":"https:\/\/dimensionturistica.com\/es\/?p=506707"},"modified":"2023-03-13T05:17:43","modified_gmt":"2023-03-13T05:17:43","slug":"cuatro-millones-de-pasajeros-tuvieron-problemas-con-sus-vuelos-este-invierno","status":"publish","type":"post","link":"https:\/\/dimensionturistica.com\/es\/cuatro-millones-de-pasajeros-tuvieron-problemas-con-sus-vuelos-este-invierno\/","title":{"rendered":"Cuatro millones de pasajeros tuvieron problemas con sus vuelos este invierno"},"content":{"rendered":"<p> <br \/>\n<\/p>\n<div id=\"textoNoticia\">\n<blockquote><p>&#13;<\/p>\n<p>Durante el pasado mes de noviembre, se dej\u00f3 en tierra a casi el 25% de los pasajeros<\/p>\n<p>&#13;\n<\/p><\/blockquote>\n<p>Con la primavera a la vuelta de la esquina, AirHelp, especialistas en derechos de los pasajeros a\u00e9reos, ha elaborado un stability de la situaci\u00f3n a\u00e9rea en estos meses de invierno. Aunque <a rel=\"nofollow noopener\" target=\"_blank\" href=\"https:\/\/www.nexotur.com\/noticia\/117773\/nexotur\/un-estudio-recoge-que-el-dos-por-ciento-de-los-vuelos-se-cancelo-este-verano-en-europa.html?cache=true\">los acontecimientos vividos en los aeropuertos espa\u00f1oles<\/a>, ocasionados por las distintas huelgas, ya avisan de los resultados, los datos recogidos por la compa\u00f1\u00eda determinan que, entre noviembre de 2022 y febrero de 2023, <strong>m\u00e1s de cuatro millones de personas habr\u00edan sufrido alguna incidencia<\/strong> a la hora de coger un avi\u00f3n.<\/p>\n<p>Durante el invierno, se han registrado casi 150.000 vuelos con salida desde Espa\u00f1a, lo que supone que m\u00e1s de 20 millones de personas han disfrutado de alg\u00fan viaje en este per\u00edodo. Esto a\u00fana los viajes de ocio, pero tambi\u00e9n los relacionados con aspectos laborales. Aproximadamente, un 20% de los viajeros habr\u00eda sufrido interrupciones en su vuelo: pese a que la mayor\u00eda de ellos ser\u00edan retrasos de entre 15 minutos y 2 horas (sin derecho a compensaci\u00f3n econ\u00f3mica), <strong>a 100.000 personas le retrasaron el vuelo m\u00e1s de tres horas y a 225.000 m\u00e1s se les cancel\u00f3 el viaje<\/strong>. Esto supone que m\u00e1s de 350.000 personas tendr\u00edan derecho a reclamar y<a rel=\"nofollow noopener\" target=\"_blank\" href=\"https:\/\/www.nexotur.com\/noticia\/116177\/nexotur\/maxima-compensacion-garantizada-para-las-incidencias-de-vuelo.html?cache=true\"> exigir una indemnizaci\u00f3n econ\u00f3mica a su aerol\u00ednea<\/a>.<\/p>\n<p><img decoding=\"async\" class=\"img_ampliable\" src=\"https:\/\/www.nexotur.com\/fotos\/editor\/118668\/Captura_de_Pantalla_2022-08-31_a_las_16.44.42_thumb_690.jpg\" border=\"0\" width=\"601\" height=\"400\" loading=\"lazy\"\/><\/p>\n<p>El mes m\u00e1s conflictivo para volar fue diciembre, y no es de extra\u00f1ar puesto que fueron varias las aerol\u00edneas que anunciaron huelgas durante este mes, incluidas en las fechas navide\u00f1as. <strong>El \u00faltimo mes del 2022 dej\u00f3 en tierra a casi el 25% de viajeros<\/strong>, aproximadamente 1,5 millones fueron afectados de un complete de 6 millones de pasajeros.<\/p>\n<p>En base a esto, desde CEAV, han asegurado que &#8220;es un problema enorme para la organizaci\u00f3n de viajes porque muchas veces son pasajeros con enlaces. En muchas ocasiones, <strong>hemos denunciado la falta de fluidez que hay en los aeropuertos<\/strong> y, por supuesto, los retrasos de los vuelos porque crean muchos perjuicios. Eso s\u00ed, hay que diferenciar entre los retrasos de vuelos por causa mayor y los que son por falta de planificaci\u00f3n o exceso de carga en las rutas&#8221;.<\/p>\n<p>&#8220;Estos retrasos son perjuicios y gestiones que las agencias de viajes tenemos que hacer adicionalmente porque muchas veces implican cambios y devoluciones. Es ah\u00ed, en estas gestiones, donde el valor de las agencias de viajes sobresale y llama la atenci\u00f3n porque, cuando pasa algo de esto y has reservado en la misma compa\u00f1\u00eda, tienes bastantes problemas. Nosotros, c<strong>on el valor del canal profesional, sabemos reconducir la situaci\u00f3n y actuar con m\u00e1s eficacia que las compa\u00f1\u00edas<\/strong>. Por supuesto, denunciamos esos retrasos que hay que tratar de evitar, en ese aspecto las compa\u00f1\u00edas deber\u00edan ser m\u00e1s eficientes&#8221;, a\u00f1aden.<\/p>\n<h2>Aeropuertos con mayores incidencias<\/h2>\n<p>Durante la estaci\u00f3n invernal, <strong>los aeropuertos espa\u00f1oles con m\u00e1s problemas fueron cinco aeropuertos canarios<\/strong> (Gran Canaria, los dos aeropuertos de Tenerife, Fuerteventura y Lanzarote) y dos aeropuertos andaluces (Sevilla y M\u00e1laga). En estos meses, el aeropuerto Adolfo Su\u00e1rez Madrid-Barajas tambi\u00e9n estuvo dentro del prime 10 de aeropuertos m\u00e1s impuntuales, con una tasa de retrasos de casi el 20%, afectando a m\u00e1s de 1 mill\u00f3n de pasajeros.<\/p>\n<p>Por el lado contrario, los aeropuertos m\u00e1s puntuales durante este periodo han sido Asturias, Ibiza y Menorca que, aunque son infraestructuras con menor actividad, no llegan al 10% de incidencias. En lo que se refiere a rutas, <strong>la m\u00e1s recurring desde Espa\u00f1a es la que cubre el trayecto Madrid-Lisboa<\/strong>, con casi 2.000 vuelos y que ha trasladado durante el invierno a casi 300.000 personas. Adem\u00e1s, esta ruta tambi\u00e9n ha sido la que ha dejado mayor registro de pasajeros afectados con 82.000 viajeros. Otras rutas con mayor n\u00famero de pasajeros afectados han sido Madrid-Londres (Heathrow) y Madrid-Par\u00eds (Orly), con m\u00e1s de 55.000 damnificados por los retrasos.<\/p>\n<\/div>\n\n<p><em> &#8221; Fuentes www.nexotur.com &#8221; <\/em><\/p>\n","protected":false},"excerpt":{"rendered":"<p>&#13; Durante el pasado mes de noviembre, se dej\u00f3 en tierra a casi el 25% de los pasajeros &#13; Con la primavera a la vuelta de la esquina, AirHelp, especialistas en derechos de los pasajeros a\u00e9reos, ha elaborado un stability de la situaci\u00f3n a\u00e9rea en estos meses de invierno. Aunque los acontecimientos vividos en los [&hellip;]<\/p>\n","protected":false},"author":4,"featured_media":506708,"comment_status":"open","ping_status":"closed","sticky":false,"template":"","format":"standard","meta":{"om_disable_all_campaigns":false,"jnews-multi-image_gallery":[],"jnews_single_post":[],"jnews_primary_category":[],"jnews_social_meta":[],"footnotes":""},"categories":[40],"tags":[9604,5713,1645,3134,8753,16152,740],"class_list":["post-506707","post","type-post","status-publish","format-standard","has-post-thumbnail","hentry","category-industria","tag-cuatro","tag-invierno","tag-millones","tag-pasajeros","tag-problemas","tag-tuvieron","tag-vuelos"],"_links":{"self":[{"href":"https:\/\/dimensionturistica.com\/es\/wp-json\/wp\/v2\/posts\/506707","targetHints":{"allow":["GET"]}}],"collection":[{"href":"https:\/\/dimensionturistica.com\/es\/wp-json\/wp\/v2\/posts"}],"about":[{"href":"https:\/\/dimensionturistica.com\/es\/wp-json\/wp\/v2\/types\/post"}],"author":[{"embeddable":true,"href":"https:\/\/dimensionturistica.com\/es\/wp-json\/wp\/v2\/users\/4"}],"replies":[{"embeddable":true,"href":"https:\/\/dimensionturistica.com\/es\/wp-json\/wp\/v2\/comments?post=506707"}],"version-history":[{"count":0,"href":"https:\/\/dimensionturistica.com\/es\/wp-json\/wp\/v2\/posts\/506707\/revisions"}],"wp:featuredmedia":[{"embeddable":true,"href":"https:\/\/dimensionturistica.com\/es\/wp-json\/wp\/v2\/media\/506708"}],"wp:attachment":[{"href":"https:\/\/dimensionturistica.com\/es\/wp-json\/wp\/v2\/media?parent=506707"}],"wp:term":[{"taxonomy":"category","embeddable":true,"href":"https:\/\/dimensionturistica.com\/es\/wp-json\/wp\/v2\/categories?post=506707"},{"taxonomy":"post_tag","embeddable":true,"href":"https:\/\/dimensionturistica.com\/es\/wp-json\/wp\/v2\/tags?post=506707"}],"curies":[{"name":"wp","href":"https:\/\/api.w.org\/{rel}","templated":true}]}}