{"id":506280,"date":"2023-03-12T06:41:53","date_gmt":"2023-03-12T06:41:53","guid":{"rendered":"https:\/\/dimensionturistica.com\/es\/?p=506280"},"modified":"2023-03-12T06:41:54","modified_gmt":"2023-03-12T06:41:54","slug":"alava-destino-turistico-con-gran-potencial","status":"publish","type":"post","link":"https:\/\/dimensionturistica.com\/es\/alava-destino-turistico-con-gran-potencial\/","title":{"rendered":"\u00c1lava, destino tur\u00edstico con gran potencial"},"content":{"rendered":"<p> <br \/>\n<\/p>\n<p>\n        El <strong>turismo <\/strong>es uno de los sectores que mayor riqueza aporta a la econom\u00eda y representa m\u00e1s del 30 % de las exportaciones en el comercio world de servicios. En este sentido, \u00c1lava ofrece un espacio geogr\u00e1fico <strong>cada vez m\u00e1s atractivo<\/strong> y las estad\u00edsticas son reflejo de ello. El pasado a\u00f1o este territorio logr\u00f3 los mejores datos tur\u00edsticos de su historia: el territorio hist\u00f3rico recibi\u00f3 un complete de 497.409 visitantes, un 43% m\u00e1s que en 2021 y un 8% m\u00e1s que en 2019, \u00faltimo ejercicio prepandemia. Incluso super\u00f3 el anterior<strong> r\u00e9cord hist\u00f3rico de 2018 <\/strong>en un 5%. Pero la inflaci\u00f3n provoca que el turismo tenga los vientos en contra y este sector podr\u00eda recibir nuevamente un duro golpe en los pr\u00f3ximos meses.\u00a0\n<\/p>\n<div>\n<div class=\"article-text-highlight\">\n<h2>El turismo alav\u00e9s a examen, <a rel=\"nofollow noopener\" target=\"_blank\" class=\"ql-advanced-link link copy\" href=\"https:\/\/www.eventbrite.es\/e\/entradas-encuentro-araba-turismo-575631588577\" data-value=\"{\" type=\"\" ya=\"\" tu=\"\" plaza=\"\">reserva ya tu plaza<\/a> en el nuevo encuentro organizado por DNA<\/h2>\n<\/div>\n<p class=\"article-body__text \">\n        En este contexto de incertidumbre, DIARIO DE NOTICIAS DE \u00c1LAVA ha organizado un <strong>encuentro sobre turismo<\/strong> para debatir acerca su radiograf\u00eda precise y sus retos de futuro. Moderado por el director de DNA, V\u00edctor Go\u00f1i, en este encuentro participar\u00e1 Joseba Doistua (coordinador del Grado de Turismo de la Universidad de Deusto), quien ofrecer\u00e1 una valoraci\u00f3n de la situaci\u00f3n precise y hablar\u00e1 sobre el destino Araba como atractivo tur\u00edstico. Y, tras su intervenci\u00f3n, Cristina Gonz\u00e1lez Calvar (diputada foral de Fomento del Empleo, Comercio y Turismo), Juan Manuel Lav\u00edn (director-gerente del espacio gastron\u00f3mico Villa-Luc\u00eda), Jon Lasa (gerente de la Fundaci\u00f3n Catedral Santa Mar\u00eda) y Eneko Ibarnia (presidente de ABAE-Asociaci\u00f3n de Agencias de Viaje de \u00c1lava) debatir\u00e1n en un coloquio sus experiencias, impresiones y valoraciones sobre este sector.\n<\/p>\n<p class=\"article-body__text \">\n        Este encuentro<strong> se celebrar\u00e1 el pr\u00f3ximo martes d\u00eda 14 a las 10.00 horas<\/strong> en la Sala Plaza del museo Artium y todos los que est\u00e9n interesados podr\u00e1n acudir a este debate como p\u00fablico hasta completar el aforo<strong>. El viernes 17 de marzo se podr\u00e1 seguir en diferido a trav\u00e9s de noticiasdealava.eus<\/strong>. Cabe destacar que este evento est\u00e1 patrocinado por la Diputaci\u00f3n Foral de \u00c1lava, Villa-Luc\u00eda Espacio Gastron\u00f3mico, la Fundaci\u00f3n Catedral Santa Mar\u00eda y ABAE Asociaci\u00f3n Agencias de Viaje de \u00c1lava, y cuenta con la colaboraci\u00f3n de Artium.\u00a0\n<\/p>\n<p class=\"article-body__text \">\n        \u00bfCu\u00e1l es la situaci\u00f3n precise del turismo? \u00bfLa inflaci\u00f3n y la subida de precios provocar\u00e1 que este verano los turistas viajen menos? \u00bfSe espera en este sector un golpe como el recibido durante la pandemia? \u00bfQu\u00e9 estrategias se pueden dise\u00f1ar para ayudar y apoyar el sector del turismo? Todas estas preguntas y otras <strong>ser\u00e1n debatidas <\/strong>en este encuentro.\u00a0\n<\/p>\n<article class=\"article-quote article-quote--middle-quote\">\n<h3>&#8220;El pasado a\u00f1o el territorio alav\u00e9s recibi\u00f3 497.409 visitantes, un 43 % m\u00e1s que en 2021 superando su r\u00e9cord hist\u00f3rico&#8221;<\/h3>\n<\/article>\n<p class=\"article-body__text \">\n        Como datos generales, cabe destacar que la evoluci\u00f3n de las <strong>pernoctaciones<\/strong>, en los distintos alojamientos de \u00c1lava, ascendi\u00f3 significativamente el pasado a\u00f1o y, de hecho, \u201csuperamos en 2022 por primera vez el mill\u00f3n de pernoctaciones\u201d, explica la diputada foral de Turismo, Cristina Gonz\u00e1lez. \u201cEsta cifra m\u00e1gica supone un 35% m\u00e1s que en 2021, un 6,1% m\u00e1s que en 2019 y un 6% m\u00e1s que el anterior r\u00e9cord de 2018. La estancia media se mantuvo por encima de los dos d\u00edas. El <strong>mercado nacional<\/strong> sigue siendo el principal mercado para el turismo en \u00c1lava: el 71,4% de quienes nos visitaron en 2022 son espa\u00f1oles y el 28,6% extranjeros. Se observa, no obstante, un crecimiento del turismo extranjero. 2022 fue el a\u00f1o de la recuperaci\u00f3n del turismo extranjero tras su bajada a m\u00ednimos con la pandemia superando los ratios prepandemia: 28,6% en 2022 frente a 27,3% en 2019 (+1,3 puntos)\u201d, detalla.\n<\/p>\n<p class=\"article-body__text \">\n        Pero, pese a estos buenos datos,<strong> se presagia un golpe<\/strong> en un futuro muy cercano. Al menos, esa es la valoraci\u00f3n de alguno de los ponentes. En este sentido, Juan Manuel Lav\u00edn advierte que la inflaci\u00f3n afectar\u00e1 este verano al turismo de manera irremediable: \u201cSi hablamos de la inflaci\u00f3n oficial, afectar\u00e1 bastante; si hablamos de la subyacente, mucho; y si hablamos de la real, much\u00edsimo desgraciadamente\u201d. \u201cLas econom\u00edas familiares no llegan a fin de mes por el<strong> terrible incremento de los precios<\/strong> en todos los \u00e1mbitos, tanto de productos como de suministros y servicios en general. Y si a esto a\u00f1adimos el incremento del eur\u00edbor y de las mensualidades de las hipotecas, la situaci\u00f3n para las personas de a pie va a impedir que puedan gastar todo lo que quisieran en ocio, turismo y vacaciones. Ganas hay, y muchas, pero la capacidad de poder gastar e invertir en ocio ha disminuido tambi\u00e9n exponencialmente\u201d, advierte.\n<\/p>\n<p class=\"article-body__text \">\n        Su opini\u00f3n es comparable a la que ofrece Eneko Ibarnia, el presidente de la Asociaci\u00f3n de Agencias de Viajes de \u00c1lava. \u201cNos consta que <strong>se est\u00e1 trabajando desde las instituciones<\/strong>, pero un mayor avance en la cogobernanza con empresas del sector as\u00ed como con los propios ciudadanos siempre es deseable, entendiendo que no ser\u00e1 posible crecer como destino si no es de la mano de todos los actores involucrados en el proceso. Las <strong>infraestructuras <\/strong>llegar\u00e1n o ya est\u00e1n (Palacio de Congresos, AVE, Foronda&#8230;); se dispone de recursos, aun como es l\u00f3gico limitados, para invertir en la creaci\u00f3n de productos o servicios; pero lo m\u00e1s relevante es sin duda el trabajo a medio y largo plazo con un plan dinamizador de consenso, con pol\u00edticas claramente definidas donde todos los actores puedan sentirse c\u00f3modos y participantes, y en donde el retorno de exponernos al turismo enriquezca a todos\u201d, opina.\u00a0\n<\/p>\n<p class=\"article-body__text \">\n        \u201cCreo que<strong> la senda futura del turismo en \u00c1lava es muy prometedora<\/strong> por todos los recursos que atesora, por el gran trabajo de promoci\u00f3n y difusi\u00f3n que se est\u00e1 realizando y por una posici\u00f3n territorial estrat\u00e9gica. La futura llegada del AVE y la potenciaci\u00f3n del aeropuerto de Foronda ser\u00e1n muy importantes de cara al futuro\u201d, valora finalmente Jon Lasa.\n<\/p>\n<article class=\"article-quote article-quote--middle-quote\">\n<h3>\u201cAraba es interesante desde una perspectiva sostenible e innovadora para el turismo nacional e internacional\u201d<\/h3>\n<\/article>\n<p class=\"article-body__text \">\n        Por \u00faltimo Joseba Doistua ofrece tambi\u00e9n <strong>una visi\u00f3n realista y optimista<\/strong> sobre la importancia de este sector essential para la econom\u00eda alavesa. \u201cAraba en un destino tur\u00edstico de inter\u00e9s para turistas nacionales e internacionales, desde una perspectiva sostenible e innovadora, adapt\u00e1ndose a un mundo en constante transformaci\u00f3n. Deben actuar con car\u00e1cter global en un mundo cada vez m\u00e1s digitalizado y en sinton\u00eda con los ODS, centrados en el desarrollo sostenible de los destinos, pensando en el futuro del sector tur\u00edstico de Araba y sus profesionales, en l\u00edneas generales\u201d. \u00bfQu\u00e9 ofrece Araba como Destino para que empresas u organizaciones del sector tur\u00edstico decidan trabajar en el territorio? \u00bfQu\u00e9 deber\u00edan aportar estas empresas a Araba como Destino para que dicha aportaci\u00f3n sea positiva? \u00bfCu\u00e1les deben ser los ejes estrat\u00e9gicos compartidos por el sector para que las personas quieran visitar nuestro territorio? Este encuentro ofrecer\u00e1 todas las respuestas.\n<\/p>\n<\/p><\/div>\n\n<p><em> &#8221; Fuentes www.noticiasdealava.eus &#8221; <\/em><\/p>\n","protected":false},"excerpt":{"rendered":"<p>El turismo es uno de los sectores que mayor riqueza aporta a la econom\u00eda y representa m\u00e1s del 30 % de las exportaciones en el comercio world de servicios. En este sentido, \u00c1lava ofrece un espacio geogr\u00e1fico cada vez m\u00e1s atractivo y las estad\u00edsticas son reflejo de ello. El pasado a\u00f1o este territorio logr\u00f3 los [&hellip;]<\/p>\n","protected":false},"author":4,"featured_media":506281,"comment_status":"open","ping_status":"closed","sticky":false,"template":"","format":"standard","meta":{"om_disable_all_campaigns":false,"jnews-multi-image_gallery":[],"jnews_single_post":[],"jnews_primary_category":[],"jnews_social_meta":[],"footnotes":""},"categories":[40],"tags":[5889,548,3402,760,1548],"class_list":["post-506280","post","type-post","status-publish","format-standard","has-post-thumbnail","hentry","category-industria","tag-alava","tag-destino","tag-encuentro","tag-nuevo","tag-turistico"],"_links":{"self":[{"href":"https:\/\/dimensionturistica.com\/es\/wp-json\/wp\/v2\/posts\/506280","targetHints":{"allow":["GET"]}}],"collection":[{"href":"https:\/\/dimensionturistica.com\/es\/wp-json\/wp\/v2\/posts"}],"about":[{"href":"https:\/\/dimensionturistica.com\/es\/wp-json\/wp\/v2\/types\/post"}],"author":[{"embeddable":true,"href":"https:\/\/dimensionturistica.com\/es\/wp-json\/wp\/v2\/users\/4"}],"replies":[{"embeddable":true,"href":"https:\/\/dimensionturistica.com\/es\/wp-json\/wp\/v2\/comments?post=506280"}],"version-history":[{"count":0,"href":"https:\/\/dimensionturistica.com\/es\/wp-json\/wp\/v2\/posts\/506280\/revisions"}],"wp:featuredmedia":[{"embeddable":true,"href":"https:\/\/dimensionturistica.com\/es\/wp-json\/wp\/v2\/media\/506281"}],"wp:attachment":[{"href":"https:\/\/dimensionturistica.com\/es\/wp-json\/wp\/v2\/media?parent=506280"}],"wp:term":[{"taxonomy":"category","embeddable":true,"href":"https:\/\/dimensionturistica.com\/es\/wp-json\/wp\/v2\/categories?post=506280"},{"taxonomy":"post_tag","embeddable":true,"href":"https:\/\/dimensionturistica.com\/es\/wp-json\/wp\/v2\/tags?post=506280"}],"curies":[{"name":"wp","href":"https:\/\/api.w.org\/{rel}","templated":true}]}}