{"id":505907,"date":"2023-03-11T14:47:54","date_gmt":"2023-03-11T14:47:54","guid":{"rendered":"https:\/\/dimensionturistica.com\/es\/?p=505907"},"modified":"2024-02-20T21:29:13","modified_gmt":"2024-02-20T21:29:13","slug":"realidad-extendida-y-metaverso-nuevas-oportunidades-de-venta-para-la-industria-de-la-moda","status":"publish","type":"post","link":"https:\/\/dimensionturistica.com\/es\/realidad-extendida-y-metaverso-nuevas-oportunidades-de-venta-para-la-industria-de-la-moda\/","title":{"rendered":"Realidad extendida y Metaverso, nuevas oportunidades de venta para la industria de la moda."},"content":{"rendered":"<p>Nadia Tamez es directora creativa y fundadora de Synergy Studio, cuya sede est\u00e1 en la Ciudad de Guadalajara. A sus 23 a\u00f1os de edad, ha sido reconocida por Coolhuntermx como una de las 29 creativas m\u00e1s influyentes<br \/>\nen M\u00e9xico menores de 30 a\u00f1os.<br \/>\nLa primera conferencia del \u201cPabell\u00f3n del Conocimiento\u201d en su edici\u00f3n #88 de Sapica que se desarrolla del 7 al 9 de marzo del presente a\u00f1o, correspondi\u00f3 a la joven Nadia. Su aparici\u00f3n en escena, fue sorpresiva ya que portaba unos \u201cHead set de Realidad Virtual\u201d (lentes virtuales) que hac\u00edan armon\u00eda con un outfit completamente en negro.<br \/>\nSu charla inici\u00f3 hablando sobre la evoluci\u00f3n de la conectividad en d\u00f3nde puso como ejemplo el instrumento m\u00e1s antiguo de comunicaci\u00f3n, el tel\u00e9fono tradicional, que empez\u00f3 a evolucionar desde principios del siglo pasado.<br \/>\nPosterior a ello, hizo referencia hacia las computadoras personales que iniciaron su desarrollo en 1980. La referencia, fue cuando inician los tel\u00e9fonos m\u00f3viles y que de acuerdo a su evoluci\u00f3n, a finales del siglo<img decoding=\"async\" class=\" wp-image-505909 alignleft\" src=\"https:\/\/dimensionturistica.com\/es\/wp-content\/uploads\/2023\/03\/1111-300x195.jpg\" alt=\"\" width=\"434\" height=\"282\" srcset=\"https:\/\/dimensionturistica.com\/es\/wp-content\/uploads\/2023\/03\/1111-300x195.jpg 300w, https:\/\/dimensionturistica.com\/es\/wp-content\/uploads\/2023\/03\/1111.jpg 600w\" sizes=\"(max-width: 434px) 100vw, 434px\" \/> pasado y principios del siglo XXI, hace una intensa conexi\u00f3n con las redes sociales que dan hoy vida a lo que es el Metaverso.<br \/>\nCon unos ejemplos claros sobre las redes sociales, continu\u00f3 hablando sobre lo que es hoy el Facebook a trav\u00e9s de \u201cHorizon words\u201d y puso varios ejemplos a trav\u00e9s de su tel\u00e9fono celular, todo el mundo virtual y el \u201cMetaverso\u201d por supuesto, que se puede utilizar principalmente en Instagram, snapchat y evidentemente en Facebook.<br \/>\nLo que hay actualmente, lo que viene y lo que vendr\u00e1 pr\u00f3ximamente genera grandes oportunidades ya que, se est\u00e1 impulsando al \u201cMetaverso\u201d las tecnolog\u00edas, las plataformas y las herramientas. Los gr\u00e1ficos digitales son fundamentales para aumentar la experiencia, pero sobre todo, esto es de gran aplicaci\u00f3n en el mundo f\u00edsico, la moda y los medios digitales ya que van<br \/>\nde la mano y esta fase de creaci\u00f3n es a trav\u00e9s de la tecnolog\u00eda 3D.<br \/>\nGrandes ejemplos digitales para ecommerce present\u00f3 Nadia y explic\u00f3 de forma clara y precisa las diferentes tecnolog\u00edas que cambian un mismo outfit y que son fundamentales para el consumidor que navega a trav\u00e9s de una tienda digital ya que actualmente la gente busca vivir experiencias novedosas mediante la tecnolog\u00eda.<br \/>\nEs importante hacer referencia sobre el ahora y el metaverso experimenta principalmente a trav\u00e9s de aplicaciones 2D con una evoluci\u00f3n en el comercio la comunicaci\u00f3n las comunidades los productos digitales las experiencias web experiencias en realidad aumentada a trav\u00e9s de org\u00e1nica y Apps.<br \/>\nLo que vendr\u00e1 muy pronto ser\u00e1 construir puentes desde nuestras aplicaciones hasta experiencias 3D virtuales y m\u00e1s inmersivas.<br \/>\nLo que vendr\u00e1 pr\u00f3ximamente es que empiece usted a imaginar lo que podr\u00eda significar el metaverso para su negocio y la realidad virtual ser\u00e1 para empresas en formaci\u00f3n, desarrollo y trabajo virtual.<br \/>\nNadia finaliz\u00f3 mediante interesantes ejemplos en donde cinco modelos, mostrando creaciones de diferentes marcas y dise\u00f1os, se hac\u00edan transformaciones a trav\u00e9s del propio celular de la misma Nadia.<br \/>\nSin duda, la primera expositora se anota un 10 en su exposici\u00f3n esto y mucho m\u00e1s es producto de una organizaci\u00f3n para llevar a los asistentes de esa pica un pabell\u00f3n del conocimiento con lo m\u00e1s actual dentro del mundo de los negocios.<\/p>\n","protected":false},"excerpt":{"rendered":"<p>Nadia Tamez es directora creativa y fundadora de Synergy Studio, cuya sede est\u00e1 en la Ciudad de Guadalajara. A sus 23 a\u00f1os de edad, ha sido reconocida por Coolhuntermx como una de las 29 creativas m\u00e1s influyentes en M\u00e9xico menores de 30 a\u00f1os. La primera conferencia del \u201cPabell\u00f3n del Conocimiento\u201d en su edici\u00f3n #88 de [&hellip;]<\/p>\n","protected":false},"author":1,"featured_media":505908,"comment_status":"open","ping_status":"closed","sticky":false,"template":"","format":"standard","meta":{"om_disable_all_campaigns":false,"jnews-multi-image_gallery":[],"jnews_single_post":{"source_name":"","source_url":"","via_name":"","via_url":"","override_template":"0","override":[{"template":"1","single_blog_custom":"","parallax":"1","fullscreen":"1","layout":"right-sidebar","sidebar":"default-sidebar","second_sidebar":"default-sidebar","sticky_sidebar":"1","share_position":"top","share_float_style":"share-monocrhome","show_share_counter":"1","show_view_counter":"1","show_featured":"1","show_post_meta":"1","show_post_author":"1","show_post_author_image":"1","show_post_date":"1","post_date_format":"default","post_date_format_custom":"Y\/m\/d","show_post_category":"1","show_post_reading_time":"0","post_reading_time_wpm":"300","show_zoom_button":"0","zoom_button_out_step":"2","zoom_button_in_step":"3","show_post_tag":"1","show_prev_next_post":"1","show_popup_post":"1","number_popup_post":"1","show_author_box":"0","show_post_related":"0","show_inline_post_related":"0"}],"override_image_size":"0","image_override":[{"single_post_thumbnail_size":"crop-500","single_post_gallery_size":"crop-500"}],"trending_post":"0","trending_post_position":"meta","trending_post_label":"Trending","sponsored_post":"0","sponsored_post_label":"Sponsored by","sponsored_post_name":"","sponsored_post_url":"","sponsored_post_logo_enable":"0","sponsored_post_logo":"","sponsored_post_desc":"","disable_ad":"0"},"jnews_primary_category":{"id":"","hide":""},"jnews_social_meta":{"fb_title":"","fb_description":"","fb_image":"","twitter_title":"","twitter_description":"","twitter_image":""},"footnotes":""},"categories":[144872],"tags":[],"class_list":["post-505907","post","type-post","status-publish","format-standard","has-post-thumbnail","hentry","category-fashion"],"_links":{"self":[{"href":"https:\/\/dimensionturistica.com\/es\/wp-json\/wp\/v2\/posts\/505907","targetHints":{"allow":["GET"]}}],"collection":[{"href":"https:\/\/dimensionturistica.com\/es\/wp-json\/wp\/v2\/posts"}],"about":[{"href":"https:\/\/dimensionturistica.com\/es\/wp-json\/wp\/v2\/types\/post"}],"author":[{"embeddable":true,"href":"https:\/\/dimensionturistica.com\/es\/wp-json\/wp\/v2\/users\/1"}],"replies":[{"embeddable":true,"href":"https:\/\/dimensionturistica.com\/es\/wp-json\/wp\/v2\/comments?post=505907"}],"version-history":[{"count":0,"href":"https:\/\/dimensionturistica.com\/es\/wp-json\/wp\/v2\/posts\/505907\/revisions"}],"wp:featuredmedia":[{"embeddable":true,"href":"https:\/\/dimensionturistica.com\/es\/wp-json\/wp\/v2\/media\/505908"}],"wp:attachment":[{"href":"https:\/\/dimensionturistica.com\/es\/wp-json\/wp\/v2\/media?parent=505907"}],"wp:term":[{"taxonomy":"category","embeddable":true,"href":"https:\/\/dimensionturistica.com\/es\/wp-json\/wp\/v2\/categories?post=505907"},{"taxonomy":"post_tag","embeddable":true,"href":"https:\/\/dimensionturistica.com\/es\/wp-json\/wp\/v2\/tags?post=505907"}],"curies":[{"name":"wp","href":"https:\/\/api.w.org\/{rel}","templated":true}]}}