{"id":505645,"date":"2023-03-10T23:42:46","date_gmt":"2023-03-10T23:42:46","guid":{"rendered":"https:\/\/dimensionturistica.com\/es\/?p=505645"},"modified":"2023-03-10T23:42:47","modified_gmt":"2023-03-10T23:42:47","slug":"dzibilchaltun-la-zona-arqueologica-perfecta-para-recibir-la-primavera-2023","status":"publish","type":"post","link":"https:\/\/dimensionturistica.com\/es\/dzibilchaltun-la-zona-arqueologica-perfecta-para-recibir-la-primavera-2023\/","title":{"rendered":"Dzibilchalt\u00fan, la zona arqueol\u00f3gica perfecta para recibir la primavera 2023"},"content":{"rendered":"<p> <br \/>\n<\/p>\n<div>\n<p> <span class=\"escrito\">Escrito en <\/span> <span class=\"seccion\">DESTINOS<\/span> <span class=\"el\">el<\/span> <time class=\"fecha-time\" itemprop=\"datePublished\" datetime=\"2023-3-10T17:32:00\">10\/3\/2023 \u00b7 17:32 hs<\/time> <\/p>\n<\/p><\/div>\n<div>\n<p>Una de las mejores temporadas del a\u00f1o est\u00e1 por llegar, te hablamos de la <strong>primavera 2023<\/strong>, la cual se caracteriza por sus c\u00e1lidas temperaturas, el florecimiento de la flora, as\u00ed como por lo refrescante que llega a ser el hecho de ir a la playa. No obstante, si quieres llenarte de energ\u00eda y comenzar esta \u00e9poca con las mejores vibras, te recomendamos acudir a la <strong>zona arqueol\u00f3gica de Dzibilchalt\u00fan<\/strong>.\u00a0<\/p>\n<p>En <strong>M\u00e9xico<\/strong> existen diversos destinos tur\u00edsticos que guardan una gran riqueza hist\u00f3rica y cultural, especialmente sobre nuestros ancestros de la \u00e9poca prehisp\u00e1nica, de quienes se les ha aplaudido su gran conocimiento para la construcci\u00f3n de peculiares ciudades, las cuales ahora son<strong> zonas arqueol\u00f3gicas.\u00a0<\/strong><\/p>\n<p><strong>Dzibilchalt\u00fan<\/strong> es uno de estos sitios, considerado como entre las mejores zonas para recibir la <strong>primavera 2023<\/strong>. As\u00ed que si a\u00fan no tienes a d\u00f3nde recargar energ\u00edas, te dejamos la informaci\u00f3n de esta recomendaci\u00f3n.\u00a0<\/p>\n<h2>\u00bfD\u00f3nde est\u00e1 la zona arqueol\u00f3gica de Dzibilchalt\u00fan?<\/h2>\n<p><strong>Dzibilchalt\u00fan<\/strong> se encuentra en <strong>M\u00e8rida, Yucat\u00e1n,<\/strong> exactamente en el kil\u00f3metro 14 de la carretera M\u00e9rida-Progreso, as\u00ed que es considerado como una de las zonas arqueol\u00f3gicas m\u00e1s importantes del sur de M\u00e9xico.\u00a0<\/p>\n<p><strong>Dzibilchalt\u00fan<\/strong> proviene de la lengua maya y significa &#8220;Lugar donde hay escritura en las piedras&#8221;, lo cual est\u00e1 estrechamente relacionado con las numerosas l\u00e1pidas conmemorativas que se encontraron el sitio durante su hallazgo.\u00a0<\/p>\n<p>Asimismo, los historiadores consideran que fue una comunidad que comenz\u00f3 en el a\u00f1o 500 a.C, pero lleg\u00f3 a su fin alrededor del a\u00f1o 1540 d.C, incluso, se cree que pudo haber tenido una poblaci\u00f3n de 40,000 habitantes.\u00a0<\/p>\n<p><strong>Dzibilchalt\u00fan<\/strong> cuenta con una gran arquitectura, pero su edificio m\u00e1s sobresaliente es el <strong>Templo de las Siete Mu\u00f1ecas o Templo del Sol<\/strong>, el cual se caracteriza por su subestructura cuadrangular, la cual es iluminada por el resplandor del Sol, justamente en su centro, pues as\u00ed los mayas se ayudaban a hacer c\u00e1lculos y saber cu\u00e1ndo period la temporada perfecta para la cosecha.\u00a0<\/p>\n<p>Por ello, <strong>Dzibilchalt\u00fan<\/strong> es considerado como uno de los mejores lugares para recibir el <strong>equinoccio de la primavera 2023<\/strong>. De hecho, los turistas podr\u00e1n ser part\u00edcipes de diferentes eventos que se realicen al respecto.\u00a0 <\/p>\n<h2>\u00bfA qu\u00e9 hora y cu\u00e1nto cuesta entrar a Dzibilchalt\u00fan para el equinoccio de la primavera 2023?<\/h2>\n<p>El <strong>equinoccio de la primavera 2023 en Dzibilchalt\u00fan<\/strong> se podr\u00e1 disfrutar desde el d\u00eda lunes 20 de marzo a partir de las 15:13, horario en el que se considerar\u00e1 que la Tierra estar\u00e1 completamente en vertical, provocando que el Sol salga por el oriente.\u00a0 <\/p>\n<p>Y, para poder ser parte de este emblem\u00e1tico y \u00fanico evento, se requiere de un pago que ronda los 100 pesos por persona. \u00bfTe lo vas a perder? <\/p>\n<p>\u00a0  <\/p>\n<\/p><\/div>\n\n<p><em> &#8221; Fuentes www.escapadah.com &#8221; <\/em><\/p>\n","protected":false},"excerpt":{"rendered":"<p>Escrito en DESTINOS el 10\/3\/2023 \u00b7 17:32 hs Una de las mejores temporadas del a\u00f1o est\u00e1 por llegar, te hablamos de la primavera 2023, la cual se caracteriza por sus c\u00e1lidas temperaturas, el florecimiento de la flora, as\u00ed como por lo refrescante que llega a ser el hecho de ir a la playa. No obstante, [&hellip;]<\/p>\n","protected":false},"author":4,"featured_media":505646,"comment_status":"open","ping_status":"closed","sticky":false,"template":"","format":"standard","meta":{"om_disable_all_campaigns":false,"jnews-multi-image_gallery":[],"jnews_single_post":[],"jnews_primary_category":[],"jnews_social_meta":[],"footnotes":""},"categories":[39],"tags":[65059,65061,2504,65060],"class_list":["post-505645","post","type-post","status-publish","format-standard","has-post-thumbnail","hentry","category-viajes","tag-dzibilchaltun","tag-equinoccio-de-primavera-2023","tag-yucatan","tag-zonas-arqueologicas-mayas"],"_links":{"self":[{"href":"https:\/\/dimensionturistica.com\/es\/wp-json\/wp\/v2\/posts\/505645","targetHints":{"allow":["GET"]}}],"collection":[{"href":"https:\/\/dimensionturistica.com\/es\/wp-json\/wp\/v2\/posts"}],"about":[{"href":"https:\/\/dimensionturistica.com\/es\/wp-json\/wp\/v2\/types\/post"}],"author":[{"embeddable":true,"href":"https:\/\/dimensionturistica.com\/es\/wp-json\/wp\/v2\/users\/4"}],"replies":[{"embeddable":true,"href":"https:\/\/dimensionturistica.com\/es\/wp-json\/wp\/v2\/comments?post=505645"}],"version-history":[{"count":0,"href":"https:\/\/dimensionturistica.com\/es\/wp-json\/wp\/v2\/posts\/505645\/revisions"}],"wp:featuredmedia":[{"embeddable":true,"href":"https:\/\/dimensionturistica.com\/es\/wp-json\/wp\/v2\/media\/505646"}],"wp:attachment":[{"href":"https:\/\/dimensionturistica.com\/es\/wp-json\/wp\/v2\/media?parent=505645"}],"wp:term":[{"taxonomy":"category","embeddable":true,"href":"https:\/\/dimensionturistica.com\/es\/wp-json\/wp\/v2\/categories?post=505645"},{"taxonomy":"post_tag","embeddable":true,"href":"https:\/\/dimensionturistica.com\/es\/wp-json\/wp\/v2\/tags?post=505645"}],"curies":[{"name":"wp","href":"https:\/\/api.w.org\/{rel}","templated":true}]}}