{"id":504354,"date":"2023-03-09T16:36:05","date_gmt":"2023-03-09T16:36:05","guid":{"rendered":"https:\/\/dimensionturistica.com\/es\/?p=504354"},"modified":"2023-03-09T16:36:05","modified_gmt":"2023-03-09T16:36:05","slug":"cc-exige-a-zapata-que-reaccione-ante-el-ninguneo-a-la-palma-de-la-autoridad-portuaria-por-el-desvio-a-tenerife-del-crucero-msc-seaview","status":"publish","type":"post","link":"https:\/\/dimensionturistica.com\/es\/cc-exige-a-zapata-que-reaccione-ante-el-ninguneo-a-la-palma-de-la-autoridad-portuaria-por-el-desvio-a-tenerife-del-crucero-msc-seaview\/","title":{"rendered":"CC exige a Zapata que \u201creaccione ante el ninguneo a La Palma de la Autoridad Portuaria\u201d por el desv\u00edo a Tenerife del crucero \u2018MSC Seaview\u2019"},"content":{"rendered":"<p> <br \/>\n<\/p>\n<div id=\"\">\n<p class=\"article-text\">\n        Coalici\u00f3n Canaria reclama al presidente del Cabildo, Mariano Zapata, que \u201creaccione ante el ninguneo hacia La Palma de la Autoridad Portuaria para impedir que se vuelva a repetir lo ocurrido con la escala del crucero MSC Seaview, que ha sido desviado a Tenerife y que no es la primera vez que pasa. Le exigimos que abra la boca alguna vez para defender los intereses de la isla\u201d, se\u00f1ala el portavoz nacionalista Juan Ram\u00f3n Felipe.\n    <\/p>\n<p class=\"article-text\">\n        \u201c\u00bfQu\u00e9 est\u00e1n haciendo el presidente y vicepresidente del Cabildo que, junto al ex alcalde de Santa Cruz de La Palma, son miembros del Consejo Administraci\u00f3n de la Autoridad Portuaria?\u201d, pregunta. \u201cLas empresas palmeras echan en falta una queja firme de la principal instituci\u00f3n de la isla que, en esto, como en tantas otras cosas, tolera en silencio este atropello\u201d.\n    <\/p>\n<p class=\"article-text\">\n        \u201cEstaba previsto que este crucero que transporta a 5.429 pasajeros y 1.413 tripulantes hiciera escala en la isla el 24 de marzo, proveniente de Brasil. Sin embargo, y alegando un problema t\u00e9cnico sin especificar, la Autoridad Portuaria ha decidido desviarlo al puerto de Santa Cruz de Tenerife. Es, adem\u00e1s, tal y como denuncian las asociaciones de empresarios y comerciantes palmeros, la segunda vez que se usa la excusa de los problemas t\u00e9cnicos para cancelar la escala de este mega crucero en La Palma\u201d, recuerda el portavoz de CC.\n    <\/p>\n<p class=\"article-text\">\n        \u201cSi damos por cierto que hay impedimentos t\u00e9cnicos para que un crucero de estas caracter\u00edsticas atraque en el puerto de Santa Cruz de La Palma, \u00bfque hace la Autoridad Portuaria que no los ha solventado? \u00bfes as\u00ed como desde este ente estatal se apoya a la isla en su momento m\u00e1s complicado? \u00bfd\u00f3nde est\u00e1n las inversiones que necesita el puerto capitalino para poder acoger como es debido a los cruceros?\u201d, plantea Juan Ram\u00f3n Felipe.\n    <\/p>\n<p class=\"article-text\">\n        \u201cEl Puerto de Santa Cruz de La Palma lleva a\u00f1os sin recibir inversiones para mejorar sus infraestructuras y convertirlo en la mejor puerta de entrada a la isla\u201d, a\u00f1ade el portavoz de CC. \u201cEste es un asunto que tiene que pelearse como prioritario en la pr\u00f3xima legislatura, cuando los representantes del Cabildo que se sienten en el Consejo de Administraci\u00f3n de la Autoridad Portuaria lo hagan para trabajar y no solo para figurar\u201d.\n    <\/p>\n<p class=\"article-text\">\n        Felipe recuerda que \u201cel ninguneo de la Autoridad Portuaria a La Palma no es nuevo, en referencia a los ruidos de madrugada, vibraciones y gases que sufrieron durante a\u00f1os los vecinos de la capital y de Bre\u00f1a Alta debido a que el puerto no proporcionaba suministro de electricidad a los buques y deb\u00edan usar la energ\u00eda de sus propios motores para poder realizar las maniobras de descarga y carga de mercanc\u00eda\u201d.\u00a0\n    <\/p>\n<\/p><\/div>\n\n<p><em> &#8221; Fuentes www.eldiario.es &#8221; <\/em><\/p>\n","protected":false},"excerpt":{"rendered":"<p>Coalici\u00f3n Canaria reclama al presidente del Cabildo, Mariano Zapata, que \u201creaccione ante el ninguneo hacia La Palma de la Autoridad Portuaria para impedir que se vuelva a repetir lo ocurrido con la escala del crucero MSC Seaview, que ha sido desviado a Tenerife y que no es la primera vez que pasa. Le exigimos que [&hellip;]<\/p>\n","protected":false},"author":4,"featured_media":504355,"comment_status":"open","ping_status":"closed","sticky":false,"template":"","format":"standard","meta":{"om_disable_all_campaigns":false,"jnews-multi-image_gallery":[],"jnews_single_post":[],"jnews_primary_category":[],"jnews_social_meta":[],"footnotes":""},"categories":[41],"tags":[18105,57102,1280,64955,13183,8122,20046,7201,18104,64954,64331,2067,11476],"class_list":["post-504354","post","type-post","status-publish","format-standard","has-post-thumbnail","hentry","category-cruceros","tag-autoridad","tag-cc","tag-crucero","tag-desvio","tag-exige","tag-msc","tag-ninguneo","tag-palma","tag-portuaria","tag-reaccione","tag-seaview","tag-tenerife","tag-zapata"],"_links":{"self":[{"href":"https:\/\/dimensionturistica.com\/es\/wp-json\/wp\/v2\/posts\/504354","targetHints":{"allow":["GET"]}}],"collection":[{"href":"https:\/\/dimensionturistica.com\/es\/wp-json\/wp\/v2\/posts"}],"about":[{"href":"https:\/\/dimensionturistica.com\/es\/wp-json\/wp\/v2\/types\/post"}],"author":[{"embeddable":true,"href":"https:\/\/dimensionturistica.com\/es\/wp-json\/wp\/v2\/users\/4"}],"replies":[{"embeddable":true,"href":"https:\/\/dimensionturistica.com\/es\/wp-json\/wp\/v2\/comments?post=504354"}],"version-history":[{"count":0,"href":"https:\/\/dimensionturistica.com\/es\/wp-json\/wp\/v2\/posts\/504354\/revisions"}],"wp:featuredmedia":[{"embeddable":true,"href":"https:\/\/dimensionturistica.com\/es\/wp-json\/wp\/v2\/media\/504355"}],"wp:attachment":[{"href":"https:\/\/dimensionturistica.com\/es\/wp-json\/wp\/v2\/media?parent=504354"}],"wp:term":[{"taxonomy":"category","embeddable":true,"href":"https:\/\/dimensionturistica.com\/es\/wp-json\/wp\/v2\/categories?post=504354"},{"taxonomy":"post_tag","embeddable":true,"href":"https:\/\/dimensionturistica.com\/es\/wp-json\/wp\/v2\/tags?post=504354"}],"curies":[{"name":"wp","href":"https:\/\/api.w.org\/{rel}","templated":true}]}}