{"id":504005,"date":"2023-03-09T06:44:05","date_gmt":"2023-03-09T06:44:05","guid":{"rendered":"https:\/\/dimensionturistica.com\/es\/?p=504005"},"modified":"2023-03-09T06:44:06","modified_gmt":"2023-03-09T06:44:06","slug":"iberia-viajes-peru-iberia-adelanta-sus-planes-de-crecimiento-en-peru-en-septiembre-ya-contara-con-dos-vuelos-diarios-entre-lima-y-madrid-vida","status":"publish","type":"post","link":"https:\/\/dimensionturistica.com\/es\/iberia-viajes-peru-iberia-adelanta-sus-planes-de-crecimiento-en-peru-en-septiembre-ya-contara-con-dos-vuelos-diarios-entre-lima-y-madrid-vida\/","title":{"rendered":"iberia-viajes-per\u00fa | Iberia adelanta sus planes de crecimiento en Per\u00fa: en septiembre ya contar\u00e1 con dos vuelos diarios entre Lima y Madrid | VIDA"},"content":{"rendered":"<p> <br \/>\n<\/p>\n<div id=\"\">\n<p class=\"amp-story-content__news-text \"><b>En una nueva muestra de la importancia de Am\u00e9rica Latina para las operaciones de<\/b><a rel=\"nofollow noopener\" target=\"_blank\" itemprop=\"url\" href=\"https:\/\/peru21.pe\/noticias\/iberia\/\"><b> Iberia<\/b><\/a><b>, la aerol\u00ednea ha decido adelantar sus planes de crecimiento en Per\u00fa.<\/b><\/p>\n<p class=\"amp-story-content__news-text \">En concreto, a partir del pr\u00f3ximo mes de junio, Iberia contar\u00e1 con 11 frecuencias semanales (doble vuelo diario excepto martes, jueves y domingos), que se incrementar\u00e1n en el mes de septiembre hasta los 13 vuelos (doble vuelo diario, excepto los domingos) para el resto de la temporada de verano hasta finales de octubre. Esto supone un refuerzo de la apuesta previamente anunciada para este a\u00f1o, que contemplaba llegar hasta las 10 frecuencias semanales de marzo a octubre.<\/p>\n<p class=\"amp-story-content__news-text \">\u201c<i>Vemos que la demanda entre Espa\u00f1a y Per\u00fa est\u00e1 muy robusta, que hay un creciente inter\u00e9s de los viajeros en ambos sentidos, tanto por turismo como por negocios, y esto nos anima a adelantar nuestros planes de crecimiento en el pa\u00eds para avanzar a nuestro objetivo, que es llegar a ofrecer dos vuelos diarios entre Lima y Madrid<\/i>\u201d, ha comentado M\u00aa Jes\u00fas L\u00f3pez-Sol\u00e1s, directora comercial, de purple y alianzas de Iberia.<\/p>\n<blockquote class=\"amp-story-content__blockquote text-lg secondary-font text-gray-300 text-xl line-h-md ml-15 mt-25 mb-25 pl-10 pr-30\"><p><b>MIRA: <\/b><a rel=\"nofollow noopener\" target=\"_blank\" href=\"https:\/\/peru21.pe\/vida\/viajes\/viajes-iberia-vacaciones-en-la-temporada-de-verano-iberia-vuelve-a-crecer-en-america-latina-noticia\/\"><b>Iberia busca crecer en Am\u00e9rica Latina por la temporada de verano<\/b><\/a><\/p><\/blockquote>\n<p class=\"amp-story-content__news-text \"><mark class=\"hl_yellow\"><b>12 por ciento m\u00e1s de capacidad que en 2019<\/b><\/mark><\/p>\n<p class=\"amp-story-content__news-text \">La ruta entre Lima y Madrid se opera con los aviones m\u00e1s eficientes de Iberia, los Airbus A350, con capacidad para 348 pasajeros. Esto supone que para los seis meses que comprenden la temporada de verano de 2023, Iberia desplegar\u00eda en este corredor una oferta que superar\u00e1 los 210.000 asientos.<\/p>\n<p class=\"amp-story-content__news-text \">Estos datos confirman no solo la completa recuperaci\u00f3n de la capacidad en esta ruta, sino tambi\u00e9n su crecimiento, pues con esta apuesta el n\u00famero de asientos de esta temporada de verano estar\u00e1 un 54 por ciento por encima de lo que se registraba en la del 2022 y un 12 por ciento superior a la que ten\u00eda en esta \u00e9poca antes de la pandemia, en 2019.<\/p>\n<p class=\"amp-story-content__news-text \">Adem\u00e1s, los horarios de los vuelos Madrid-Lima-Madrid permiten las mejores conexiones con la purple de destinos de Iberia en Europa que abarca m\u00e1s de 100 ciudades y, m\u00e1s all\u00e1 de Lima, conectar con otros 12 destinos en Per\u00fa: Arequipa, Cajamarca, Cuzco, Chiclayo, Iquitos, Juliaca, Piura, Puerto Maldonado, Tacna, Talara, Tarapoto y Trujillo.<\/p>\n<figure><amp-img src=\"https:\/\/peru21.pe\/resizer\/BCd5UH8jnBSnw0BjfAaTaaRzAJE=\/400x0\/smart\/filters:format(jpeg):quality(75)\/cloudfront-us-east-1.images.arcpublishing.com\/elcomercio\/O7AZELSNARD4HNPR3QZTSY3FOQ.jpg\" alt=\"Con este incremento, la aerol\u00ednea registra ya un crecimiento de 54 por ciento frente a la capacidad que ten\u00eda en 2022 y de 12 por ciento respecto a la que contaba antes de la pandemia, en 2019.\" class=\"amp-story-content__image mt-10 mb-10\" height=\"2458\" width=\"1640\" layout=\"responsive\"\/><figcaption>Con este incremento, la aerol\u00ednea registra ya un crecimiento de 54 por ciento frente a la capacidad que ten\u00eda en 2022 y de 12 por ciento respecto a la que contaba antes de la pandemia, en 2019.<\/figcaption><\/figure>\n<p class=\"amp-story-content__news-text \"><mark class=\"hl_yellow\"><b>Una ruta con alto impacto social<\/b><\/mark><\/p>\n<p class=\"amp-story-content__news-text \">Iberia, en l\u00ednea con su prop\u00f3sito de generar prosperidad conectando a las personas con el mundo, evalu\u00f3 el impacto actual que tiene la ruta entre Lima y Madrid, para conocer de primera mano el valor que aporta esta conectividad entre ambos pa\u00edses a la sociedad.<\/p>\n<p class=\"amp-story-content__news-text \">Entre los hallazgos se encontr\u00f3 que, tan solo esta ruta, genera casi 15.000 empleos entre directos, indirectos e inducidos. Estos, a su vez, cuentan con una remuneraci\u00f3n 3,4 veces por encima del promedio nacional de Per\u00fa.<\/p>\n<p class=\"amp-story-content__news-text \">De igual forma, la conectividad de Iberia entre Per\u00fa y Europa tiene una contribuci\u00f3n de 140 millones de euros al PIB tur\u00edstico de ambos pa\u00edses, al tiempo que supone inversiones y gastos en proveedores locales que ascienden hasta los 64,2 millones de euros. Tambi\u00e9n cabe resaltar que la ruta contribuye a la exportaci\u00f3n de 7.900 toneladas de bienes entre Per\u00fa y Espa\u00f1a al a\u00f1o, y hace posibles casi 65.000 viajes de negocios cada a\u00f1o.<\/p>\n<p class=\"amp-story-content__news-text \">En t\u00e9rminos tur\u00edsticos, es importante rese\u00f1ar que el 42% de los pasajeros de Per\u00fa que eligen esta ruta, no tienen a Espa\u00f1a como destino ultimate, sino que contin\u00faan despu\u00e9s con otras conexiones internacionales.<\/p>\n<p class=\"amp-story-content__news-text \">Por \u00faltimo, en cuanto al aspecto medioambiental, la ruta entre Lima y Madrid hace posible una reducci\u00f3n de 8,1% de las emisiones de CO2 respecto al promedio de este trayecto.<\/p>\n<p class=\"amp-story-content__news-text \">Consulta el informe completo <a rel=\"nofollow noopener\" target=\"_blank\" itemprop=\"url\" href=\"https:\/\/chrome-extension\/\/efaidnbmnnnibpcajpcglclefindmkaj\/https:\/\/grupo.iberia.es\/js\/ckfinder\/userfiles\/109\/files\/Medici%C3%B3n%20de%20impacto%20MADLIM_Resumen%20ejecutivo.pdf\">aqu\u00ed<\/a>.<\/p>\n<p class=\"amp-story-content__news-text \"><mark class=\"hl_yellow\"><b>Entre Lima y Madrid en Premium Economic system <\/b><\/mark><\/p>\n<p class=\"amp-story-content__news-text \">Iberia est\u00e1 dedicando gran parte de sus esfuerzos para mejorar al m\u00e1ximo la experiencia de vuelo de sus clientes en el corredor Europa -Am\u00e9rica Latina.<\/p>\n<p class=\"amp-story-content__news-text \">En el caso de Per\u00fa, les ofrece la posibilidad de viajar en Turista Premium, una cabina que ofrece mayor confort, con m\u00e1s espacio en el asiento, una pantalla m\u00e1s grande, sillas que permiten una mayor reclinaci\u00f3n y un men\u00fa gastron\u00f3mico exclusivo. Adem\u00e1s, la aerol\u00ednea ofrece a todos sus clientes Iberia Plus en todas las cabinas acceso gratuito al WiFi para chatear durante todo el vuelo.<\/p>\n<h2\/><amp-jwplayer data-player-id=\"uTZV4zGu\" data-media-id=\"DuQeCDCo\" layout=\"responsive\" width=\"16\" dock=\"#my-dock-slot\" height=\"9\"\/><\/p>\n<p> <!-- -->Patricia Ju\u00e1rez sobre El Espa\u00f1ol<\/p>\n<\/div>\n\n<p><em> &#8221; Fuentes peru21.pe &#8221; <\/em><\/p>\n","protected":false},"excerpt":{"rendered":"<p>En una nueva muestra de la importancia de Am\u00e9rica Latina para las operaciones de Iberia, la aerol\u00ednea ha decido adelantar sus planes de crecimiento en Per\u00fa. En concreto, a partir del pr\u00f3ximo mes de junio, Iberia contar\u00e1 con 11 frecuencias semanales (doble vuelo diario excepto martes, jueves y domingos), que se incrementar\u00e1n en el mes [&hellip;]<\/p>\n","protected":false},"author":4,"featured_media":504006,"comment_status":"open","ping_status":"closed","sticky":false,"template":"","format":"standard","meta":{"om_disable_all_campaigns":false,"jnews-multi-image_gallery":[],"jnews_single_post":[],"jnews_primary_category":[],"jnews_social_meta":[],"footnotes":""},"categories":[39],"tags":[803,808],"class_list":["post-504005","post","type-post","status-publish","format-standard","has-post-thumbnail","hentry","category-viajes","tag-aerolineas","tag-iberia"],"_links":{"self":[{"href":"https:\/\/dimensionturistica.com\/es\/wp-json\/wp\/v2\/posts\/504005","targetHints":{"allow":["GET"]}}],"collection":[{"href":"https:\/\/dimensionturistica.com\/es\/wp-json\/wp\/v2\/posts"}],"about":[{"href":"https:\/\/dimensionturistica.com\/es\/wp-json\/wp\/v2\/types\/post"}],"author":[{"embeddable":true,"href":"https:\/\/dimensionturistica.com\/es\/wp-json\/wp\/v2\/users\/4"}],"replies":[{"embeddable":true,"href":"https:\/\/dimensionturistica.com\/es\/wp-json\/wp\/v2\/comments?post=504005"}],"version-history":[{"count":0,"href":"https:\/\/dimensionturistica.com\/es\/wp-json\/wp\/v2\/posts\/504005\/revisions"}],"wp:featuredmedia":[{"embeddable":true,"href":"https:\/\/dimensionturistica.com\/es\/wp-json\/wp\/v2\/media\/504006"}],"wp:attachment":[{"href":"https:\/\/dimensionturistica.com\/es\/wp-json\/wp\/v2\/media?parent=504005"}],"wp:term":[{"taxonomy":"category","embeddable":true,"href":"https:\/\/dimensionturistica.com\/es\/wp-json\/wp\/v2\/categories?post=504005"},{"taxonomy":"post_tag","embeddable":true,"href":"https:\/\/dimensionturistica.com\/es\/wp-json\/wp\/v2\/tags?post=504005"}],"curies":[{"name":"wp","href":"https:\/\/api.w.org\/{rel}","templated":true}]}}