{"id":503890,"date":"2023-03-09T02:15:22","date_gmt":"2023-03-09T02:15:22","guid":{"rendered":"https:\/\/dimensionturistica.com\/es\/?p=503890"},"modified":"2023-03-09T02:15:23","modified_gmt":"2023-03-09T02:15:23","slug":"segunda-edicion-de-la-cumbre-de-destinos-sostenibles","status":"publish","type":"post","link":"https:\/\/dimensionturistica.com\/es\/segunda-edicion-de-la-cumbre-de-destinos-sostenibles\/","title":{"rendered":"segunda edici\u00f3n de la Cumbre de Destinos Sostenibles"},"content":{"rendered":"<p> <br \/>\n<\/p>\n<div>\n\t\t\t\t\t\t\t \t\t\t\t\t\t\t\t<strong>&#13;<\/p>\n<p>Bajo el lema \u201c<a rel=\"nofollow noopener\" target=\"_blank\" href=\"https:\/\/www.nexotur.com\/noticia\/113281\/nexotur\/brell:-el-turismo-sostenible-ya-no-es-una-opcion-sino-una-obligacion.html\">Liderando la Transformaci\u00f3n<\/a>\u201d, los l\u00edderes de la transformaci\u00f3n tur\u00edstica reflexionar\u00e1n sobre la transformaci\u00f3n del sector<\/p>\n<p>\t\t\t\t\t\t\t\t<\/strong><\/p>\n<p>Tras el \u00e9xito de la primera edici\u00f3n,<strong> la Fundaci\u00f3 Mallorca Turisme del Consell de Mallorca y la Organizaci\u00f3n Mundial del Turismo (OMT)<\/strong> acogen la segunda edici\u00f3n de la Cumbre de Destinos Sostenibles, que se llevar\u00e1 a cabo el 30 y 31 de marzo en Palma.<\/p>\n<p>Mallorca se convierte en el punto de encuentro de <strong>dos d\u00edas de trabajo centrados en temas alineados con el acuerdo de Glasgow, los Objetivos de Desarrollo Sostenible de la Agenda 2030 y el Plan de Acci\u00f3n de la OMT<\/strong>.<\/p>\n<p>El foro contar\u00e1 con mesas redondas, charlas y entrevistas con importantes figuras de diferentes \u00e1mbitos vinculados al turismo y la sostenibilidad<\/p>\n<p>Esta segunda edici\u00f3n de la Cumbre de Destinos Sostenibles convertir\u00e1 la isla en un entorno de intercambio y aprendizaje, generador del conocimiento sobre las mejores pr\u00e1cticas de sostenibilidad ambiental, social y econ\u00f3mica que se desarrollan en el mundo.<\/p>\n<p>Bajo el lema \u201c<strong>Liderando la Transformaci\u00f3n<\/strong>\u201d, los l\u00edderes de la transformaci\u00f3n tur\u00edstica compartir\u00e1n conocimientos y reflexionar\u00e1n sobre pr\u00e1cticas respetuosas con el medio ambiente y sobre la contribuci\u00f3n a una transformaci\u00f3n exitosa del sector tur\u00edstico.<\/p>\n<p>El foro contar\u00e1 con <strong>mesas redondas, charlas y entrevistas<\/strong> con importantes figuras de diferentes \u00e1mbitos vinculados al turismo y la sostenibilidad, entre los que se encuentran Jes\u00fas Alqu\u00e9zar Sabadie, analista socioecon\u00f3mico de la Direcci\u00f3n Common de Medio Ambiente de la Comisi\u00f3n Europea; Massimo Marchiori, impulsor de HyperSearch; o Alexa Firmenich, consultora y facilitadora centrada en la disaster del clima y la biodiversidad.<\/p>\n<p>Un nutrido grupo de expertos internacionales del m\u00e1s alto nivel debatir\u00e1n sobre diferentes tem\u00e1ticas, a trav\u00e9s de mesas redondas que reflexionar\u00e1n a trav\u00e9s de m\u00faltiples e innovadoras perspectivas como la ind\u00edgena, la exterior o la financiera, as\u00ed como los destinos catalizadores de un desarrollo sostenible y regenerativo; la cooperaci\u00f3n precompetitiva para acciones sostenibles; la puesta en pr\u00e1ctica de la circularidad; ciertos datos sobre naturaleza para la gesti\u00f3n; los modelos de gobernanza que refuerzan la sostenibilidad; y varios marcos de acci\u00f3n que impulsan la transformaci\u00f3n.<\/p>\n<h2>Programa de las jornadas<\/h2>\n<p>Adem\u00e1s de las charlas dedicadas a los diferentes puntos de vista que plantea el turismo sostenible, tambi\u00e9n tendr\u00e1n lugar entrevistas bajo las tem\u00e1ticas de \u201cUna sociedad en transformaci\u00f3n: aprender de la historia\u201d y \u201cDos generaciones, una perspectiva\u201d.<\/p>\n<p>La primera mesa redonda se iniciar\u00e1 el jueves 30 de marzo de 11.30h a 12.30h y s<strong>e centrar\u00e1 en renovar las perspectivas sostenibles<\/strong>, empezando por una inmersi\u00f3n profunda en el estilo de vida ind\u00edgena tratando el significado de las tradiciones, la inclusi\u00f3n y la buena gesti\u00f3n para el equilibrio con la naturaleza, as\u00ed como las necesidades de las comunidades, proponiendo soluciones concretas para ayudar en la transformaci\u00f3n del sector tur\u00edstico.<\/p>\n<p>Tambi\u00e9n se tratar\u00e1 una perspectiva exterior para aprender de un astronauta y contemplar la tierra a vista de p\u00e1jaro ofreciendo as\u00ed una imagen nueva y muy actual de c\u00f3mo debemos comportarnos cuando los recursos son realmente escasos.<\/p>\n<p>Se abordar\u00e1 la tem\u00e1tica desde un punto de vista m\u00e1s financiero, exponiendo c\u00f3mo el futuro de las finanzas aumentar\u00e1 la importancia de un desarrollo sostenible, que incluya una mejor gesti\u00f3n de los riesgos ambientales y sociales, una mayor responsabilidad y la contribuci\u00f3n para construir un futuro m\u00e1s verde.<\/p>\n<p>De 12.30h a 13.00h, le seguir\u00e1 una <strong>entrevista con el profesor Massimo Marchiori<\/strong>, impulsor de HyperSearch, el principal pilar de la labor de Google como motor de b\u00fasqueda. Una herramienta que cambi\u00f3 la forma en la que la sociedad busca y usa la informaci\u00f3n de la forma m\u00e1s radical. Una conversaci\u00f3n en la que se conocer\u00e1 la opini\u00f3n de Marchiori sobre como este cambio ha afectado al mundo precise y cu\u00e1les son sus previsiones de futuro.<\/p>\n<p>La segunda mesa redonda dar\u00e1 comienzo a las 14.30h. En ella los protagonistas ser\u00e1n <strong>los destinos vacacionales<\/strong>, quienes a menudo lideran la puesta en marcha de los objetivos de las pol\u00edticas tur\u00edsticas. Esta mesa redonda brindar\u00e1 una reflexi\u00f3n sobre los elementos clave y los factores pol\u00edticos que facilitan un desarrollo sostenible inclusivo y resiliente.<\/p>\n<p>De 15.30h a 16.30h tendr\u00e1 lugar la tercera mesa redonda. En ella se abordar\u00e1n <strong>las \u00e1reas de inter\u00e9s y las necesidades de informaci\u00f3n de las empresas tur\u00edsticas<\/strong>, as\u00ed como el papel que pueden desempe\u00f1ar las DMO para garantizar soluciones efectivas y eficaces, destacando la colaboraci\u00f3n precompetitiva como clave para el \u00e9xito de las estrategias de sostenibilidad en el turismo.<\/p>\n<p>La agenda del jueves finalizar\u00e1 con una mesa redonda sobre <strong>la circularidad en el turismo<\/strong> y el objetivo de transformar el sector para que sea regenerativo, minimice el uso de los recursos y evite el desperdicio. Un debate que se centrar\u00e1 en las prioridades y las concepts pr\u00e1cticas necesarias para conseguir una transformaci\u00f3n exitosa.<\/p>\n<p>El viernes, 31 de marzo, dar\u00e1 comienzo a las 09.15h, con una mesa redonda que tratar\u00e1 <strong>los datos recabados en los destinos en materia de medici\u00f3n e indicadores<\/strong>, su comparabilidad y utilidad para tomar posteriormente decisiones acertadas.<\/p>\n<p>Una hora m\u00e1s tarde ser\u00e1 el turno de la sexta mesa redonda del evento, en la que se profundizar\u00e1 en la efectividad de la interrelaci\u00f3n entre los actores relevantes del sector que est\u00e1n<strong> involucrados en dar forma a las pol\u00edticas p\u00fablicas y las decisiones mediante procesos participativos<\/strong>.<\/p>\n<p>Por \u00faltimo, la s\u00e9ptima mesa redonda de la cumbre de destinos sostenibles, de 11.15h a 12.15h, expondr\u00e1 la necesidad unos marcos de acci\u00f3n para desencadenar y guiar la aceleraci\u00f3n necesaria para consolidar <strong>unos patrones de consumo y producci\u00f3n sostenibles<\/strong>.<\/p>\n<p>Para el viernes por la tarde y el s\u00e1bado, 1 de abril, se ha desarrollado un programa social que ofrece la posibilidad de visitar algunas de las iniciativas sostenibles m\u00e1s destacadas que est\u00e1n teniendo lugar en Mallorca para poder conocer m\u00e1s de cerca el funcionamiento y desarrollo de las mismas.<\/p>\n<\/p><\/div>\n\n<p><em> &#8221; Fuentes www.nexotur.com &#8221; <\/em><\/p>\n","protected":false},"excerpt":{"rendered":"<p>&#13; Bajo el lema \u201cLiderando la Transformaci\u00f3n\u201d, los l\u00edderes de la transformaci\u00f3n tur\u00edstica reflexionar\u00e1n sobre la transformaci\u00f3n del sector Tras el \u00e9xito de la primera edici\u00f3n, la Fundaci\u00f3 Mallorca Turisme del Consell de Mallorca y la Organizaci\u00f3n Mundial del Turismo (OMT) acogen la segunda edici\u00f3n de la Cumbre de Destinos Sostenibles, que se llevar\u00e1 a [&hellip;]<\/p>\n","protected":false},"author":4,"featured_media":503891,"comment_status":"open","ping_status":"closed","sticky":false,"template":"","format":"standard","meta":{"om_disable_all_campaigns":false,"jnews-multi-image_gallery":[],"jnews_single_post":[],"jnews_primary_category":[],"jnews_social_meta":[],"footnotes":""},"categories":[39],"tags":[9056,1228,1536,2475,10331],"class_list":["post-503890","post","type-post","status-publish","format-standard","has-post-thumbnail","hentry","category-viajes","tag-cumbre","tag-destinos","tag-edicion","tag-segunda","tag-sostenibles"],"_links":{"self":[{"href":"https:\/\/dimensionturistica.com\/es\/wp-json\/wp\/v2\/posts\/503890","targetHints":{"allow":["GET"]}}],"collection":[{"href":"https:\/\/dimensionturistica.com\/es\/wp-json\/wp\/v2\/posts"}],"about":[{"href":"https:\/\/dimensionturistica.com\/es\/wp-json\/wp\/v2\/types\/post"}],"author":[{"embeddable":true,"href":"https:\/\/dimensionturistica.com\/es\/wp-json\/wp\/v2\/users\/4"}],"replies":[{"embeddable":true,"href":"https:\/\/dimensionturistica.com\/es\/wp-json\/wp\/v2\/comments?post=503890"}],"version-history":[{"count":0,"href":"https:\/\/dimensionturistica.com\/es\/wp-json\/wp\/v2\/posts\/503890\/revisions"}],"wp:featuredmedia":[{"embeddable":true,"href":"https:\/\/dimensionturistica.com\/es\/wp-json\/wp\/v2\/media\/503891"}],"wp:attachment":[{"href":"https:\/\/dimensionturistica.com\/es\/wp-json\/wp\/v2\/media?parent=503890"}],"wp:term":[{"taxonomy":"category","embeddable":true,"href":"https:\/\/dimensionturistica.com\/es\/wp-json\/wp\/v2\/categories?post=503890"},{"taxonomy":"post_tag","embeddable":true,"href":"https:\/\/dimensionturistica.com\/es\/wp-json\/wp\/v2\/tags?post=503890"}],"curies":[{"name":"wp","href":"https:\/\/api.w.org\/{rel}","templated":true}]}}