{"id":503155,"date":"2023-03-08T11:01:45","date_gmt":"2023-03-08T11:01:45","guid":{"rendered":"https:\/\/dimensionturistica.com\/es\/?p=503155"},"modified":"2023-03-08T11:01:45","modified_gmt":"2023-03-08T11:01:45","slug":"regresa-a-berlin-la-mayor-feria-de-viajes-del-mundo","status":"publish","type":"post","link":"https:\/\/dimensionturistica.com\/es\/regresa-a-berlin-la-mayor-feria-de-viajes-del-mundo\/","title":{"rendered":"Regresa a Berl\u00edn la mayor feria de viajes del mundo"},"content":{"rendered":"<p> <br \/>\n<\/p>\n<div>\n<p><strong>La ITB de Berl\u00edn, la mayor feria de viajes del mundo, <a rel=\"nofollow noopener\" target=\"_blank\" href=\"https:\/\/www.itb.com\/\">regresa tras tres a\u00f1os de crisis sanitaria<\/a>.<\/strong> Hasta el jueves habr\u00e1 unos 10.000 expositores y se espera a unos 160.000 visitantes -en su mayor\u00eda profesionales-, decididos a hacer negocios y pasar p\u00e1gina a una disaster que ha sacudido el mercado tur\u00edstico.<\/p>\n<p><strong>&#8220;El sector de los viajes ha demostrado ser resistente y adaptable.<\/strong> Vemos que ya est\u00e1 aumentando, que las reservas est\u00e1n creciendo mucho, sobre todo las salidas. <strong>Vemos tambi\u00e9n un aumento de los viajes internacionales y nacionales.<\/strong> Sin embargo, la sostenibilidad es uno de los temas principales en este campo&#8221;, explica la directora de la feria,\u00a0Deborah Rothe.<\/p>\n<p>Con muchos viajeros deseosos de reducir el impacto clim\u00e1tico de sus viajes, &#8220;Open for change&#8221; es el lema del sal\u00f3n de este a\u00f1o. Entre las tendencias, la tecnolog\u00eda, por supuesto, y los medios de transporte menos emisores, como el tren.<\/p>\n<p>Bj\u00f6rn Bender, es presidente y CEO de Rail Europe:\u00a0&#8220;El sector ferroviario en Europa se ha recuperado muy bien. Si comparamos las cifras de 2022 con las de 2019, ya est\u00e1 casi un 10% por encima del volumen de antes de Covid. <strong>Yo dir\u00eda que los pr\u00f3ximos a\u00f1os y d\u00e9cadas ser\u00e1n la \u00e9poca de los viajes en tren, porque los pa\u00edses de Europa est\u00e1n invirtiendo miles de millones de euros en nuevas infraestructuras.<\/strong><\/p>\n<p>Otros apuestan por su autenticidad, como Georgia, pa\u00eds anfitri\u00f3n de esta edici\u00f3n de 2023. Seg\u00fan la Organizaci\u00f3n Mundial del Turismo (OMT), el a\u00f1o pasado los viajes internacionales alcanzaron en todo el mundo el 63% de sus niveles anteriores a la pandemia.<\/p>\n<p>&#8220;2022 fue bastante impresionante. En t\u00e9rminos de ingresos nos hemos recuperado completamente de 2019, as\u00ed que hemos vuelto a las pistas, cuenta\u00a0Levan Davitashvili, ministro de Econom\u00eda de Georgia.\u00a0<\/p>\n<p><strong>2023 podr\u00eda marcar la vuelta del turismo a los niveles anteriores a la pandemia, seg\u00fan la OMT. Pero esto depender\u00e1<\/strong>, cube, de la desaceleraci\u00f3n econ\u00f3mica, la situaci\u00f3n de los viajes en Asia-Pac\u00edfico y la evoluci\u00f3n de la guerra en Ucrania.<\/p>\n<\/div>\n\n<p><em> &#8221; Fuentes es.euronews.com &#8221; <\/em><\/p>\n","protected":false},"excerpt":{"rendered":"<p>La ITB de Berl\u00edn, la mayor feria de viajes del mundo, regresa tras tres a\u00f1os de crisis sanitaria. Hasta el jueves habr\u00e1 unos 10.000 expositores y se espera a unos 160.000 visitantes -en su mayor\u00eda profesionales-, decididos a hacer negocios y pasar p\u00e1gina a una disaster que ha sacudido el mercado tur\u00edstico. &#8220;El sector de [&hellip;]<\/p>\n","protected":false},"author":4,"featured_media":503156,"comment_status":"open","ping_status":"closed","sticky":false,"template":"","format":"standard","meta":{"om_disable_all_campaigns":false,"jnews-multi-image_gallery":[],"jnews_single_post":[],"jnews_primary_category":[],"jnews_social_meta":[],"footnotes":""},"categories":[39],"tags":[13096,9609,544],"class_list":["post-503155","post","type-post","status-publish","format-standard","has-post-thumbnail","hentry","category-viajes","tag-berlin","tag-exposicion","tag-turismo"],"_links":{"self":[{"href":"https:\/\/dimensionturistica.com\/es\/wp-json\/wp\/v2\/posts\/503155","targetHints":{"allow":["GET"]}}],"collection":[{"href":"https:\/\/dimensionturistica.com\/es\/wp-json\/wp\/v2\/posts"}],"about":[{"href":"https:\/\/dimensionturistica.com\/es\/wp-json\/wp\/v2\/types\/post"}],"author":[{"embeddable":true,"href":"https:\/\/dimensionturistica.com\/es\/wp-json\/wp\/v2\/users\/4"}],"replies":[{"embeddable":true,"href":"https:\/\/dimensionturistica.com\/es\/wp-json\/wp\/v2\/comments?post=503155"}],"version-history":[{"count":0,"href":"https:\/\/dimensionturistica.com\/es\/wp-json\/wp\/v2\/posts\/503155\/revisions"}],"wp:featuredmedia":[{"embeddable":true,"href":"https:\/\/dimensionturistica.com\/es\/wp-json\/wp\/v2\/media\/503156"}],"wp:attachment":[{"href":"https:\/\/dimensionturistica.com\/es\/wp-json\/wp\/v2\/media?parent=503155"}],"wp:term":[{"taxonomy":"category","embeddable":true,"href":"https:\/\/dimensionturistica.com\/es\/wp-json\/wp\/v2\/categories?post=503155"},{"taxonomy":"post_tag","embeddable":true,"href":"https:\/\/dimensionturistica.com\/es\/wp-json\/wp\/v2\/tags?post=503155"}],"curies":[{"name":"wp","href":"https:\/\/api.w.org\/{rel}","templated":true}]}}