{"id":503080,"date":"2023-03-08T08:55:37","date_gmt":"2023-03-08T08:55:37","guid":{"rendered":"https:\/\/dimensionturistica.com\/es\/?p=503080"},"modified":"2023-03-08T08:55:38","modified_gmt":"2023-03-08T08:55:38","slug":"isabel-lluch-dura-es-la-autora-del-cartel-de-la-xiv-cursa-de-la-dona-vicky-foods-de-gandia","status":"publish","type":"post","link":"https:\/\/dimensionturistica.com\/es\/isabel-lluch-dura-es-la-autora-del-cartel-de-la-xiv-cursa-de-la-dona-vicky-foods-de-gandia\/","title":{"rendered":"Isabel Lluch Dur\u00e0 es la autora del cartel de la XIV Cursa de la Dona Vicky Foods de Gandia"},"content":{"rendered":"<p> <br \/>\n<\/p>\n<div>\n<p><img decoding=\"async\" alt=\"[Img #71131]\" class=\"RichTextAlignLeft\" src=\"https:\/\/saforguia.com\/upload\/images\/03_2023\/1895_2-isabel-lluch-v.jpg\" style=\"height:447px;width:400px;\"\/>El cartel de l<strong>a XIV Cursa de la Dona Vicky Meals de Gandia <\/strong>es obra de la gandiense Isabel Lluch Dur\u00e0. Licenciada en Bellas Artes, dirige la academia de arte y pintura AD, en Gandia, desde que se jubil\u00f3 su t\u00edo, el pintor Toni Dur\u00e0. Compagina su trabajo como profesora de dibujo y pintura en esta academia, que se abri\u00f3 hace m\u00e1s de 30 a\u00f1os, con el de ilustradora.<\/p>\n<p>\u00a0<\/p>\n<p>Bajo el pseud\u00f3nimo \u201cPintar como querer\u201d, Isabel Lluch inmortaliza por encargo momentos especiales. Tambi\u00e9n ha realizado logotipos y proyectos de \u201cbranding\u201d para empresas. El estilo que m\u00e1s le caracteriza es una mezcla de dibujo y colour. Es la primera vez que hace un cartel para un evento tan multitudinario como \u00e9ste.<\/p>\n<p>\u00a0<\/p>\n<p>Respecto de la composici\u00f3n, refleja el momento previo a la carrera entre una madre y su hija, con la madre at\u00e1ndole la zapatilla a la ni\u00f1a, y esta a su vez d\u00e1ndole \u00e1nimos apoyando su mano sobre el hombro. \u201cCon ello quer\u00eda lanzar un mensaje de esperanza a las nuevas generaciones de mujeres, de corredoras\u201d, explica la autora. El trazo verde del fondo hace referencia al colour de la camiseta de este a\u00f1o, que como viene siendo routine, fue votado en redes sociales.<\/p>\n<p>\u00a0<\/p>\n<p>La t\u00e9cnica es ilustraci\u00f3n digital, con un dibujo a l\u00ednea previo coloreado luego por ordenador, aunque con unos trazos en los colores que parecen manuales. La tipograf\u00eda es tambi\u00e9n authentic, creada para la ocasi\u00f3n. Cabe destacar que, adem\u00e1s del cartel, la autora tambi\u00e9n ha adaptado la imagen para varios soportes.<\/p>\n<p>\u00a0<\/p>\n<p><strong>Inscripciones abiertas<\/strong><br \/>La XIV Cursa de la Dona Vicky Meals tendr\u00e1 lugar en Gandia y Benirredr\u00e0, el pr\u00f3ximo domingo, 23 de abril. Est\u00e1 organizada por el CA Safor Teika y cuenta con la colaboraci\u00f3n de los Ayuntamientos de Gandia y Benirredr\u00e0, adem\u00e1s de diversas asociaciones, como la de vecinos de Benipeixcar, entidades deportivas y empresas patrocinadoras, como Vicky Meals.\u00a0\u00a0<\/p>\n<p>\u00a0<br \/>El circuito urbano, de 5,9 km, discurrir\u00e1, como siempre, por las calles de Gandia y Benirredr\u00e0. La salida ser\u00e1 a las 10.30 horas desde la avenida de Les Esclaves y la meta ser\u00e1 en el mismo espacio. Las inscripciones est\u00e1n abiertas en la internet oficial y en los puntos f\u00edsicos de entidades colaboradoras.<\/p>\n<\/div>\n\n<p><em> \u2018 The preceding article may include information circulated by third parties \u2019 <\/em><\/p>\n<p><em> \u2018 Some details of this article were extracted from the following source saforguia.com \u2019 <\/em><\/p>\n","protected":false},"excerpt":{"rendered":"<p>El cartel de la XIV Cursa de la Dona Vicky Meals de Gandia es obra de la gandiense Isabel Lluch Dur\u00e0. Licenciada en Bellas Artes, dirige la academia de arte y pintura AD, en Gandia, desde que se jubil\u00f3 su t\u00edo, el pintor Toni Dur\u00e0. Compagina su trabajo como profesora de dibujo y pintura en [&hellip;]<\/p>\n","protected":false},"author":2,"featured_media":503081,"comment_status":"open","ping_status":"closed","sticky":false,"template":"","format":"standard","meta":{"om_disable_all_campaigns":false,"jnews-multi-image_gallery":[],"jnews_single_post":[],"jnews_primary_category":[],"jnews_social_meta":[],"footnotes":""},"categories":[43],"tags":[41640],"class_list":["post-503080","post","type-post","status-publish","format-standard","has-post-thumbnail","hentry","category-gourmet","tag-cursa-dona-gandia"],"_links":{"self":[{"href":"https:\/\/dimensionturistica.com\/es\/wp-json\/wp\/v2\/posts\/503080","targetHints":{"allow":["GET"]}}],"collection":[{"href":"https:\/\/dimensionturistica.com\/es\/wp-json\/wp\/v2\/posts"}],"about":[{"href":"https:\/\/dimensionturistica.com\/es\/wp-json\/wp\/v2\/types\/post"}],"author":[{"embeddable":true,"href":"https:\/\/dimensionturistica.com\/es\/wp-json\/wp\/v2\/users\/2"}],"replies":[{"embeddable":true,"href":"https:\/\/dimensionturistica.com\/es\/wp-json\/wp\/v2\/comments?post=503080"}],"version-history":[{"count":0,"href":"https:\/\/dimensionturistica.com\/es\/wp-json\/wp\/v2\/posts\/503080\/revisions"}],"wp:featuredmedia":[{"embeddable":true,"href":"https:\/\/dimensionturistica.com\/es\/wp-json\/wp\/v2\/media\/503081"}],"wp:attachment":[{"href":"https:\/\/dimensionturistica.com\/es\/wp-json\/wp\/v2\/media?parent=503080"}],"wp:term":[{"taxonomy":"category","embeddable":true,"href":"https:\/\/dimensionturistica.com\/es\/wp-json\/wp\/v2\/categories?post=503080"},{"taxonomy":"post_tag","embeddable":true,"href":"https:\/\/dimensionturistica.com\/es\/wp-json\/wp\/v2\/tags?post=503080"}],"curies":[{"name":"wp","href":"https:\/\/api.w.org\/{rel}","templated":true}]}}