{"id":502618,"date":"2023-03-07T19:16:27","date_gmt":"2023-03-07T19:16:27","guid":{"rendered":"https:\/\/dimensionturistica.com\/es\/?p=502618"},"modified":"2023-03-07T19:16:27","modified_gmt":"2023-03-07T19:16:27","slug":"encuentran-a-dos-estadounidenses-muertos-de-los-cuatro-secuestrados-en-tamaulipas","status":"publish","type":"post","link":"https:\/\/dimensionturistica.com\/es\/encuentran-a-dos-estadounidenses-muertos-de-los-cuatro-secuestrados-en-tamaulipas\/","title":{"rendered":"Encuentran a dos estadounidenses muertos de los cuatro secuestrados en Tamaulipas"},"content":{"rendered":"<p> <br \/>\n<\/p>\n<div data-section=\"articleBody\">\n<p><span class=\"capital-letter\">T<\/span>errible noticia la confirmada por <strong>presidente mexicano,<\/strong> respecto al paradero de los cuatro estadounidenses secuestrados. <\/p>\n<p>En las primeras horas de este martes <strong>7 de marzo<\/strong> y durante la conferencia matutina del <strong>Presidente Andr\u00e9s Manuel L\u00f3pez Obrador<\/strong>, el gobernador de <strong>Tamaulipas, Am\u00e9rico Villareal,<\/strong> dijo que dos de los cuatro estadounidenses secuestrados de forma violenta la semana pasada en la entidad que gobierna, est\u00e1n muertos.<\/p>\n<figure class=\"ue-c-article__media ue-c-article__media--image ue-c-article--media-icon-m-from-phablet ue-l-article--expand-left-full-from-tablet\"><figcaption class=\"ue-c-article__media-caption \"\/><\/figure>\n<p>&#8220;Ya fue plenamente confirmado por la <strong>Fiscal\u00eda [General de Justicia].<\/strong> De los cuatro, hay dos de ellos fallecidos, una persona herida y la otra con vida&#8221;. El mandatario del Estado norte\u00f1o agreg\u00f3: &#8220;Lamentamos mucho que esto suceda en nuestro pa\u00eds y enviamos a los familiares de las v\u00edctimas, a sus amigos, al pueblo de <strong>Estados Unidos<\/strong>, y al gobierno, nuestras condolencias&#8221;.<\/p>\n<p>Por su parte, el <strong>Fiscal Basic de Tamaulipas<\/strong>, <strong>Irving Barrios<\/strong>, se\u00f1al\u00f3 que continuar\u00e1n las labores de investigaci\u00f3n. Por otro lado, algunos reportes de la prensa native indicaron que las autoridades detuvieron a un sospechoso.<\/p>\n<p>El<strong> Presidente de M\u00e9xico, Andr\u00e9s Manuel L\u00f3pez Obrador,<\/strong> confirm\u00f3 que cuatro personas de origen estadunidense fueron secuestradas el <strong>viernes 3 de marzo<\/strong> en las calles del Estado de <strong>Tamaulipas<\/strong>. Los hechos ocurrieron cuando las victimas viajaban de<strong> Brownsville, Texas, <\/strong>espec\u00edficamente a <strong>Matamoros<\/strong>, en una minivan blanca con placas de<strong> Carolina del Norte<\/strong> y fueron interceptados por grupos delincuenciales.<\/p>\n<p>De acuerdo con un reporte de la cadena <strong>ABC Information<\/strong>, una de las madres de los norteamericanos secuestrados dio a conocer que el motivo del viaje fue para que una de las v\u00edctimas se realizara un procedimiento est\u00e9tico: &#8220;S\u00ed, sabemos, por parte de la madre de una de estas v\u00edctimas, que viajaron a <strong>M\u00e9xico<\/strong> para que ella pudiera someterse a un procedimiento de cirug\u00eda pl\u00e1stica, algo que es relativamente com\u00fan en la zona de la frontera&#8221;.<\/p>\n<p>Este lunes, la <strong>Casa Blanca <\/strong>asegur\u00f3 que <strong>Estados Unidos<\/strong> sigue de cerca la investigaci\u00f3n por la agresi\u00f3n y secuestro de cuatro de sus ciudadanos, hechos que calific\u00f3 de &#8220;inaceptables&#8221;. Mientras tanto, durante una conferencia de prensa, la vocera del presidente <strong>Joe Biden, Karine Jean-Pierre,<\/strong> apunt\u00f3: &#8220;estamos siguiendo de cerca el ataque y secuestro de cuatro ciudadanos estadunidenses en <strong>Matamoros, M\u00e9xico.<\/strong> Este tipo de ataques son inaceptables. Nuestros pensamientos est\u00e1n con las familias de estos individuos y estamos listos para darles todo tipo de asistencia consular. Agencias de la ley estadunidenses est\u00e1n en contacto con agencias de la ley mexicanas. Los <strong>Departamentos de Estado y de Seguridad <\/strong>Interna tambi\u00e9n se est\u00e1n coordinando con autoridades mexicanas y nos seguiremos coordinando con M\u00e9xico y presionando para que se lleve a los responsables ante la justicia, y de nuevo, nuestros corazones est\u00e1n con las familias&#8221;.<\/p>\n<\/div>\n\n<p><em> &#8221; Fuentes amp-us.marca.com &#8221; <\/em><\/p>\n","protected":false},"excerpt":{"rendered":"<p>Terrible noticia la confirmada por presidente mexicano, respecto al paradero de los cuatro estadounidenses secuestrados. En las primeras horas de este martes 7 de marzo y durante la conferencia matutina del Presidente Andr\u00e9s Manuel L\u00f3pez Obrador, el gobernador de Tamaulipas, Am\u00e9rico Villareal, dijo que dos de los cuatro estadounidenses secuestrados de forma violenta la semana [&hellip;]<\/p>\n","protected":false},"author":4,"featured_media":502619,"comment_status":"open","ping_status":"closed","sticky":false,"template":"","format":"standard","meta":{"om_disable_all_campaigns":false,"jnews-multi-image_gallery":[],"jnews_single_post":[],"jnews_primary_category":[],"jnews_social_meta":[],"footnotes":""},"categories":[40],"tags":[707],"class_list":["post-502618","post","type-post","status-publish","format-standard","has-post-thumbnail","hentry","category-industria","tag-actualidad"],"_links":{"self":[{"href":"https:\/\/dimensionturistica.com\/es\/wp-json\/wp\/v2\/posts\/502618","targetHints":{"allow":["GET"]}}],"collection":[{"href":"https:\/\/dimensionturistica.com\/es\/wp-json\/wp\/v2\/posts"}],"about":[{"href":"https:\/\/dimensionturistica.com\/es\/wp-json\/wp\/v2\/types\/post"}],"author":[{"embeddable":true,"href":"https:\/\/dimensionturistica.com\/es\/wp-json\/wp\/v2\/users\/4"}],"replies":[{"embeddable":true,"href":"https:\/\/dimensionturistica.com\/es\/wp-json\/wp\/v2\/comments?post=502618"}],"version-history":[{"count":0,"href":"https:\/\/dimensionturistica.com\/es\/wp-json\/wp\/v2\/posts\/502618\/revisions"}],"wp:featuredmedia":[{"embeddable":true,"href":"https:\/\/dimensionturistica.com\/es\/wp-json\/wp\/v2\/media\/502619"}],"wp:attachment":[{"href":"https:\/\/dimensionturistica.com\/es\/wp-json\/wp\/v2\/media?parent=502618"}],"wp:term":[{"taxonomy":"category","embeddable":true,"href":"https:\/\/dimensionturistica.com\/es\/wp-json\/wp\/v2\/categories?post=502618"},{"taxonomy":"post_tag","embeddable":true,"href":"https:\/\/dimensionturistica.com\/es\/wp-json\/wp\/v2\/tags?post=502618"}],"curies":[{"name":"wp","href":"https:\/\/api.w.org\/{rel}","templated":true}]}}