{"id":502208,"date":"2023-03-07T09:01:40","date_gmt":"2023-03-07T09:01:40","guid":{"rendered":"https:\/\/dimensionturistica.com\/es\/?p=502208"},"modified":"2023-03-07T09:01:41","modified_gmt":"2023-03-07T09:01:41","slug":"benidorm-afronta-marzo-con-una-decena-de-acciones-promocionales-internacionales","status":"publish","type":"post","link":"https:\/\/dimensionturistica.com\/es\/benidorm-afronta-marzo-con-una-decena-de-acciones-promocionales-internacionales\/","title":{"rendered":"Benidorm afronta marzo con una decena de acciones promocionales internacionales"},"content":{"rendered":"<p> <br \/>\n<\/p>\n<div>\n<p>La <strong>Fundaci\u00f3n Go to Benidorm<\/strong> continua con su labor promocional y este mes de marzo tiene programadas una decena de acciones promocionales. Entre las que encontramos ferias internacionales, workshops profesionales y un viaje de prensa especializada.<\/p>\n<p>En cuanto a la presencia en ferias, Benidorm tiene programadas un whole de cuatro cert\u00e1menes tur\u00edsticos para este tercer mes del a\u00f1o. Arrancando esta misma semana con la participaci\u00f3n en la feria<strong> ITB de Berl\u00edn<\/strong>, que est\u00e1 entre las tres mayores a nivel mundial y que ser\u00e1 clave para que la capital tur\u00edstica de la Costa Blanca siga reforzando su imagen como destino vacacional para el p\u00fablico germano.<\/p>\n<p>Para esta edici\u00f3n, la principal novedad de la feria berlinesa es su car\u00e1cter estrictamente profesional, un <strong>nuevo formato sin la presencia de p\u00fablico en basic<\/strong>, donde se estima que en los tres d\u00edas de duraci\u00f3n de la feria el private de Go to Benidorn mantenga numerosas reuniones y encuentros profesionales.<\/p>\n<p>El objetivo no es otro que el de abrir nuevas oportunidades de negocio, establecer<strong> colaboraciones con turoperadores, agentes de viajes, medios prensa y creadores de contenido.<\/strong><\/p>\n<p>El pasado a\u00f1o visitaron la Comunitat Valenciana m\u00e1s de medio mill\u00f3n de turistas alemanes (586.123). Un 51,6% de estos turistas tiene como destino la provincia de Alicante y la ciudad de<strong> Benidorm concentra el 5,3% de los turistas alemanes de esta provincia<\/strong>. Siendo originarios principalmente del \u00e1rea metropolitana de Berl\u00edn y Renania del Norte-Westfalia, donde se concentran el mayor n\u00famero de conexiones a\u00e9reas con el Aeropuerto de Alicante.<\/p>\n<p><em><strong>Go to Benidorm pone su foco en el turista italiano<\/strong><\/em><\/p>\n<p>Para la segunda quincena del mes de marzo, Go to Benidorm tiene previsto viajar en tres ocasiones hasta Italia con la intenci\u00f3n de participar en dos eventos dirigidos a cicloturistas y otro para atraer turistas napolitanos.<\/p>\n<p>En cuanto a los eventos para los amantes de las dos ruedas, se trata por un lado de <strong>la cl\u00e1sica Milan-San Remo<\/strong> del pr\u00f3ximo<strong> 19 de marzo<\/strong> y en la que Benidorm contar\u00e1 con invitaci\u00f3n en la zona VIP de llegadas (San Remo) para poder presentar la Copa del Mundo Benidorm CX 2024 as\u00ed como la oferta de la ciudad a periodistas, autoridades, equipos ciclistas y federaciones.<\/p>\n<p>Benidorm, acude a este evento de la mano de Turisme Comunitat Valenciana y contar\u00e1n con dos puntos de atenci\u00f3n al p\u00fablico tanto en la salida como en la llegada.<\/p>\n<p>La otra acci\u00f3n con la que Benidorm busca atraer m\u00e1s cicloturistas italianos es<strong> la feria del Cicloturista de Bolonia<\/strong>, un evento de tres d\u00edas en el que se espera que asistan numerosos amantes de este deporte.<\/p>\n<p>Un punto de encuentro en el que se reunir\u00e1 una parte importante de la cadena de valor del ciclismo italiano y en el que Benidorm buscar\u00e1 posicionar su oferta m\u00e1s bikefriendly entre los visitantes y profesionales presentes, con el objetivo de seguir trabajando la desestacionalizaci\u00f3n de la demanda tur\u00edstica.<\/p>\n<p>Para cerrar esta traves\u00eda promocional en Italia, Benidorm tambi\u00e9n viajar\u00e1 hasta la ciudad sure\u00f1a de N\u00e1poles con la intenci\u00f3n de participar en por primera vez en<strong> la feria BMT (Borsa Mediterranea del Turismo)<\/strong>, que se celebra del 16 al 18 de Marzo.<\/p>\n<p>Un certamen dirigido a p\u00fablico closing y en el que se dar\u00e1n a conocer las bondades de la capital de la Costa Blanca con el fin de potenciar la excelente conectividad a\u00e9rea entre Centro y Sur de Italia con Alicante.<\/p>\n<p>Las previsiones para el mercado Italiano para este 2023 se mantienen muy positivas. Datos de programaci\u00f3n a\u00e9rea prev\u00e9n 1.400 vuelos para este a\u00f1o, un 38,6% m\u00e1s que en 2019, con una capacidad de <strong>261.400 asientos.<\/strong><\/p>\n<p><em><strong>Seis workshops profesionales para atraer polacos, portugueses e irlandeses.<\/strong><\/em><\/p>\n<p>Marzo tambi\u00e9n viene cargado de workshops y jornadas profesionales que suponen un punto de encuentro entre Benidorm y potenciales vendedores de la oferta de la ciudad como agencias de viajes y turoperadores.<\/p>\n<p>El ente de promoci\u00f3n tiene previsto participar en<strong> tres workshops en Portugal<\/strong>. Se visitar\u00e1n las ciudades de<strong> Lisboa, Oporto y Coimbra<\/strong> en un encuentro con el sector profesional portugu\u00e9s con el objetivo de favorecer la comercializaci\u00f3n del producto de Benidorm.<\/p>\n<p>El mercado portugu\u00e9s a\u00f1o a a\u00f1o sigue consolid\u00e1ndose en Benidorm. Seg\u00fan fuentes del INE y Hosbec, en 2022 un whole de 52.218 viajeros portugueses decidieron alojarse en Benidorm, con m\u00e1s de 322.000 pernoctaciones, situ\u00e1ndose como 2\u00ba pa\u00eds internacional por detr\u00e1s de Reino Unido.<\/p>\n<p>Benidorm tambi\u00e9n viajar\u00e1 a Polonia d\u00f3nde tiene previsto participar en <strong>dos eventos profesionales<\/strong> de reuniones B2B, uno en la localidad de<strong> Katowice<\/strong> y otro en la capital, <strong>Varsovia<\/strong>.<\/p>\n<p>Una oportunidad para seguir poniendo en valor la oferta de Benidorm en un destino que ya cuenta con una conexi\u00f3n directa con el aeropuerto de Alicante desde seis ciudades y que por lo tanto su potencial de crecimiento va en aumento.<\/p>\n<p>Finalmente, en lo que se refiere a workshops, Benidorm estar\u00e1 presente a closing de este mes y por segundo a\u00f1o consecutivo en <strong>el Irish Journey Trade Present<\/strong>, un evento profesional dirigido a la industria tur\u00edstica irlandesa y en que Benidorm buscar\u00e1 establecer nuevas relaciones profesionales con turoperadores, agencias y medios de prensa locales.<\/p>\n<p><em><strong>Promoci\u00f3n del segmento LGBTIQ+<\/strong><\/em><\/p>\n<p>Siguiendo fiel a su estrategia de promoci\u00f3n por productos, la Fundaci\u00f3n Go to Benidorm tiene programadas dos acciones para seguir fomentando la llegada de p\u00fablico LGBTIQ+ a Benidorm.<\/p>\n<p>Por un lado, Benidorm estar\u00e1 presente en el <strong>Pink Nook de la feria ITB de Berlin<\/strong>, d\u00f3nde aprovechar\u00e1 para establecer contactos profesionales especializados en este segmento.<\/p>\n<p>Por otro lado, para closing de mes, Benidorm tiene previsto un<strong> viaje de prensa especializada<\/strong> que vendr\u00e1n a Benidorm para cubrir el <strong>\u201cRetiro Orlander<\/strong>\u201d para el colectivo LGBTIQ+ y que consistir\u00e1 en un fin de semana de 3 d\u00edas con charlas, entrenamiento funcional, yoga, estiramientos, senderismo en la naturaleza y comida saludable.<\/p>\n<div class=\"wysiwyg-photo\"><img decoding=\"async\" src=\"https:\/\/static.hosteltur.com\/app\/public\/uploads\/img\/releases\/2023\/03\/07\/L_081316_unnamed-78.jpg\" alt=\"Imagen nota de prensa Hosteltur\" width=\"1711\" height=\"785\"\/>   <\/div>\n<div class=\"wysiwyg-photo\">\n<div class=\"wysiwyg-photo\"><img decoding=\"async\" src=\"https:\/\/static.hosteltur.com\/app\/public\/uploads\/img\/releases\/2023\/03\/07\/L_081254_unnamed-80.jpg\" alt=\"Imagen nota de prensa Hosteltur\" width=\"1360\" height=\"1360\"\/><\/div>\n<p> <img decoding=\"async\" src=\"https:\/\/static.hosteltur.com\/app\/public\/uploads\/img\/releases\/2023\/03\/07\/L_081240_unnamed-79.jpg\" alt=\"Imagen nota de prensa Hosteltur\" width=\"1440\" height=\"1440\"\/><\/div><\/div>\n\n<p><em> &#8221; Fuentes www.hosteltur.com &#8221; <\/em><\/p>\n","protected":false},"excerpt":{"rendered":"<p>La Fundaci\u00f3n Go to Benidorm continua con su labor promocional y este mes de marzo tiene programadas una decena de acciones promocionales. Entre las que encontramos ferias internacionales, workshops profesionales y un viaje de prensa especializada. En cuanto a la presencia en ferias, Benidorm tiene programadas un whole de cuatro cert\u00e1menes tur\u00edsticos para este tercer [&hellip;]<\/p>\n","protected":false},"author":4,"featured_media":502209,"comment_status":"open","ping_status":"closed","sticky":false,"template":"","format":"standard","meta":{"om_disable_all_campaigns":false,"jnews-multi-image_gallery":[],"jnews_single_post":[],"jnews_primary_category":[],"jnews_social_meta":[],"footnotes":""},"categories":[40],"tags":[572],"class_list":["post-502208","post","type-post","status-publish","format-standard","has-post-thumbnail","hentry","category-industria","tag-distribucion"],"_links":{"self":[{"href":"https:\/\/dimensionturistica.com\/es\/wp-json\/wp\/v2\/posts\/502208","targetHints":{"allow":["GET"]}}],"collection":[{"href":"https:\/\/dimensionturistica.com\/es\/wp-json\/wp\/v2\/posts"}],"about":[{"href":"https:\/\/dimensionturistica.com\/es\/wp-json\/wp\/v2\/types\/post"}],"author":[{"embeddable":true,"href":"https:\/\/dimensionturistica.com\/es\/wp-json\/wp\/v2\/users\/4"}],"replies":[{"embeddable":true,"href":"https:\/\/dimensionturistica.com\/es\/wp-json\/wp\/v2\/comments?post=502208"}],"version-history":[{"count":0,"href":"https:\/\/dimensionturistica.com\/es\/wp-json\/wp\/v2\/posts\/502208\/revisions"}],"wp:featuredmedia":[{"embeddable":true,"href":"https:\/\/dimensionturistica.com\/es\/wp-json\/wp\/v2\/media\/502209"}],"wp:attachment":[{"href":"https:\/\/dimensionturistica.com\/es\/wp-json\/wp\/v2\/media?parent=502208"}],"wp:term":[{"taxonomy":"category","embeddable":true,"href":"https:\/\/dimensionturistica.com\/es\/wp-json\/wp\/v2\/categories?post=502208"},{"taxonomy":"post_tag","embeddable":true,"href":"https:\/\/dimensionturistica.com\/es\/wp-json\/wp\/v2\/tags?post=502208"}],"curies":[{"name":"wp","href":"https:\/\/api.w.org\/{rel}","templated":true}]}}