{"id":502202,"date":"2023-03-07T08:55:43","date_gmt":"2023-03-07T08:55:43","guid":{"rendered":"https:\/\/dimensionturistica.com\/es\/?p=502202"},"modified":"2023-03-07T08:55:43","modified_gmt":"2023-03-07T08:55:43","slug":"a-donde-viajar-en-semana-santa-2023","status":"publish","type":"post","link":"https:\/\/dimensionturistica.com\/es\/a-donde-viajar-en-semana-santa-2023\/","title":{"rendered":"A d\u00f3nde viajar en Semana Santa 2023"},"content":{"rendered":"<p> <br \/>\n<\/p>\n<div>\n<p>Al pensar en el\u00a0<a rel=\"nofollow noopener\" target=\"_blank\" href=\"https:\/\/www.epe.es\/es\/espana\/20230109\/calendario-laboral-2023-son-festivos-dv-79862575\"><strong>calendario laboral del 2023<\/strong><\/a>, una de las primeras dudas que surgen en estas fechas es cu\u00e1ndo es\u00a0<strong>Semana Santa<\/strong>. En esta ocasi\u00f3n, las\u00a0<strong>vacaciones\u00a0<\/strong>de primavera caer\u00e1n entre el domingo\u00a0<strong>2<\/strong>\u00a0y el lunes\u00a0<strong>10 de abril<\/strong>.<\/p>\n<p>\t<center><br \/>\n\t\t<amp-ad data-block-on-consent=\"_till_responded\" width=\"336\" height=\"600\" class=\"backgroundads\" type=\"doubleclick\" data-slot=\"\/138855687\/nacional-epe\/noticias\" json=\"{&quot;targeting&quot;: {&quot;p&quot;: &quot;cpm_r_dcha&quot;,&quot;platform&quot;:&quot;amp&quot;,&quot;page&quot;:&quot;84213139&quot;,&quot;tagepi&quot;:[&quot;viajes&quot;]}}\" layout=\"fixed\" data-multi-size=\"300x600,320x480,300x300,300x250,250x250,fluid\" data-multi-size-validation=\"false\" rtc-config=\"{&quot;vendors&quot;:{&quot;criteo&quot;:{&quot;NETWORK_ID&quot;: &quot;5100&quot;,&quot;PUBLISHER_SUB_ID&quot;:&quot;cpm_r_dcha&quot;},&quot;aps&quot;:{&quot;PUB_ID&quot;: &quot;3471&quot;,&quot;PARAMS&quot;:{&quot;amp&quot;:&quot;1&quot;}}}}\"\/><br \/>\n\t<\/center><\/p>\n<p>Gran parte de la poblaci\u00f3n aprovecha estas fechas para salir de la ciudad, hacer una\u00a0<strong>escapada\u00a0<\/strong>y dirigirse a segundas residencias o lugares de descanso.<\/p>\n<p>\t\t\t\t\t\t\t<amp-ad width=\"4\" height=\"3\" type=\"sunmedia\" layout=\"responsive\" data-cid=\"81b5e513-4048-43dc-adba-d966fb1aee21\" data-html-access-allowed=\"true\" data-block-on-consent=\"_till_responded\"\/><\/p>\n<h2>D\u00edas de Semana Santa<\/h2>\n<p>Las\u00a0<strong>fechas de la Semana Santa<\/strong>\u00a0se determinan a partir del calendario lunar. As\u00ed, el domingo posterior a la<strong>\u00a0primera luna llena<\/strong>\u00a0despu\u00e9s del inicio de la\u00a0<strong>primavera\u00a0<\/strong>en el hemisferio norte es el Domingo de Pascua (tambi\u00e9n llamado de Gloria o de Resurrecci\u00f3n), que puede caer\u00a0<strong>entre el 22 de marzo y el 25 de abril<\/strong>. A partir de ah\u00ed se distribuyen el resto de fechas, que en el\u00a0<strong>2023\u00a0<\/strong>quedan as\u00ed:<\/p>\n<p>\t <!-- --><\/p>\n<ul>\n<li>\n<h2><strong>Domingo de Ramos<\/strong>: 2 de abril<\/h2>\n<\/li>\n<li>\n<h2><strong>Lunes Santo<\/strong>: 3 de abril<\/h2>\n<\/li>\n<li>\n<h2><strong>Martes Santo<\/strong>: 4 de abril<\/h2>\n<\/li>\n<li>\n<h2><strong>Mi\u00e9rcoles Santo<\/strong>: 5 de abril<\/h2>\n<\/li>\n<li>\n<h2><strong>Jueves Santo<\/strong>: 6 de abril<\/h2>\n<\/li>\n<li>\n<h2><strong>Viernes Santo<\/strong>: 7 de abril<\/h2>\n<\/li>\n<li>\n<h2><strong>S\u00e1bado Santo<\/strong>: 8 de abril<\/h2>\n<\/li>\n<li>\n<h2><strong>Domingo de Resurrecci\u00f3n<\/strong>: 9 de abril<\/h2>\n<\/li>\n<li>\n<h2><strong>Lunes de Pascua<\/strong>: 10 de abril<\/h2>\n<\/li>\n<\/ul>\n<p>Partiendo del\u00a0<strong>Domingo de Pascua,<\/strong>\u00a0tambi\u00e9n se fijan los d\u00edas de\u00a0<strong>Cuaresma\u00a0<\/strong>y, en consecuencia, del\u00a0<strong>Carnaval<\/strong>. La Cuaresma, que consta de 40 d\u00edas, empieza el Mi\u00e9rcoles de Ceniza -que en el 2023 ser\u00e1 el\u00a0<strong>22 de febrero<\/strong>&#8211; y termina el Jueves Santo &#8211;<strong>6 de abril<\/strong>&#8211; (los domingos no se incluyen). Por tanto, el\u00a0s\u00e1bado de\u00a0<strong>Carnaval\u00a0<\/strong>ser\u00e1 el<strong>\u00a018 de febrero<\/strong>.<\/p>\n<p>\t<center><br \/>\n\t\t<amp-ad data-block-on-consent=\"_till_responded\" width=\"336\" height=\"600\" class=\"backgroundads\" type=\"doubleclick\" data-slot=\"\/138855687\/nacional-epe\/noticias\" json=\"{&quot;targeting&quot;: {&quot;p&quot;: &quot;cpm_r_dchab&quot;,&quot;platform&quot;:&quot;amp&quot;,&quot;page&quot;:&quot;84213139&quot;,&quot;tagepi&quot;:[&quot;viajes&quot;]}}\" layout=\"fixed\" data-multi-size=\"300x600,320x480,300x300,300x250,250x250,fluid\" data-multi-size-validation=\"false\" rtc-config=\"{&quot;vendors&quot;:{&quot;criteo&quot;:{&quot;NETWORK_ID&quot;: &quot;5100&quot;,&quot;PUBLISHER_SUB_ID&quot;:&quot;cpm_r_dchab&quot;},&quot;aps&quot;:{&quot;PUB_ID&quot;: &quot;3471&quot;,&quot;PARAMS&quot;:{&quot;amp&quot;:&quot;1&quot;}}}}\"\/><br \/>\n\t<\/center><\/p>\n<h2>Sitios para hacer una escapada en vacaciones <\/h2>\n<h3>1. Algarve<\/h3>\n<p><strong>Circuitos de Semana Santa 4 d\u00edas Visitando\u00a0Algarve, sur de Portugal. <\/strong>En esta Semana Santa, realiza un viaje maravilloso a Algarve, sur de Portugal, y disfruta de sus magn\u00edficas playas, sus hermosas calles y paisajes, visitando los lugares m\u00e1s visitados de <strong>esta localidad, apreciando su fant\u00e1stica cultura <\/strong>y deliciosa gastronom\u00eda. <strong>Conociendo porque la llaman \u201cLa Ciudad de los Fil\u00f3sofos y Poetas&amp;rdquor;,<\/strong> recorrer\u00e1s Cabo S\u00e3o Vicente, pasearas por Faro, capital del Algarve, destacada por numerosos sitios de<strong> inter\u00e9s hist\u00f3ricos y culturales.<\/strong><\/p>\n<ul>\n<li>\n<h2>D\u00eda 1: Silves<\/h2>\n<\/li>\n<li>\n<h2>D\u00eda 2: Vilamoura<\/h2>\n<\/li>\n<li>\n<h2>D\u00eda 3: Faro<\/h2>\n<\/li>\n<li>\n<h2>D\u00eda 4: Olhao<\/h2>\n<\/li>\n<\/ul>\n<p>Lo puedes encontrar por 269 euros<\/p>\n<p>\t\t\t\t\t\t\t<amp-ad data-lazy-fetch=\"true\" data-loading-strategy=\"prefer-viewability-over-views\" data-block-on-consent=\"_till_responded\" width=\"300\" height=\"250\" type=\"teads\" data-pid=\"143250\" layout=\"responsive\"\/><\/p>\n<h3>2. C\u00e1diz <\/h3>\n<p><strong>Pueblos Blancos<\/strong>. Arcos De la Frontera, C\u00e1diz, El Bosque, Grazalema, Jerez de la Frontera, <strong>Medina Sidonia<\/strong>, Sanl\u00facar de Barrameda, Ubrique. <\/p>\n<ul>\n<li>\n<h2>D\u00eda 1: C\u00e1diz-Costa de C\u00e1diz<\/h2>\n<\/li>\n<li>\n<h2>D\u00eda 2: Jer\u00e9z de la Frontera-Sanl\u00facar de Barrameda <\/h2>\n<\/li>\n<li>\n<h2>D\u00eda 3: Ubrique, Grazalema, El Bosque <\/h2>\n<\/li>\n<li>\n<h2>D\u00eda 4: Medina Sidonia <\/h2>\n<\/li>\n<\/ul>\n<p>Lo puedes encontrar por 285 euros <\/p>\n<p>\t<center><br \/>\n\t\t<amp-ad data-block-on-consent=\"_till_responded\" width=\"336\" height=\"600\" class=\"backgroundads\" type=\"doubleclick\" data-slot=\"\/138855687\/nacional-epe\/noticias\" json=\"{&quot;targeting&quot;: {&quot;p&quot;: &quot;cpm_r_dchac&quot;,&quot;platform&quot;:&quot;amp&quot;,&quot;page&quot;:&quot;84213139&quot;,&quot;tagepi&quot;:[&quot;viajes&quot;]}}\" layout=\"fixed\" data-multi-size=\"300x600,320x480,300x300,300x250,250x250,fluid\" data-multi-size-validation=\"false\" rtc-config=\"{&quot;vendors&quot;:{&quot;criteo&quot;:{&quot;NETWORK_ID&quot;: &quot;5100&quot;,&quot;PUBLISHER_SUB_ID&quot;:&quot;cpm_r_dchac&quot;},&quot;aps&quot;:{&quot;PUB_ID&quot;: &quot;3471&quot;,&quot;PARAMS&quot;:{&quot;amp&quot;:&quot;1&quot;}}}}\"\/><br \/>\n\t<\/center><\/p>\n<h3>3. Portugal Monumental <\/h3>\n<p><strong>Circuito de 4 d\u00edas Visitando\u00a0el\u00a0Norte de Portugal<\/strong>| Conoce el Norte de Portugal, una ciudad con paisajes maravillosos que <strong>te dejara experiencias inolvidables,<\/strong> el Norte de Portugal es un e<strong>stado ubicado en Europa Occidental<\/strong>. Se sit\u00faa en la Pen\u00ednsula<strong> ib\u00e9rica en Espa\u00f1a,<\/strong> con cerca de 10.707.924 habitantes. El Norte de Portugal es una de las ciudades hermosas que se pueden visitar, con una <strong>exquisita gastronom\u00eda <\/strong>y con antig\u00fcedades dignas de ser admiradas por los visitantes.<\/p>\n<ul>\n<li>\n<h2>D\u00eda 1: F\u00e1tima, Aljustrel<\/h2>\n<\/li>\n<li>\n<h2>D\u00eda 2: Lisboa\/Lisboa de los descubrimientos <\/h2>\n<\/li>\n<li>\n<h2>D\u00eda 3: Alcoba\u00e7a\/ Batalha<\/h2>\n<\/li>\n<li>\n<h2>Castelo Branco <\/h2>\n<\/li>\n<\/ul>\n<p>Lo puedes encontrar por 309 euros <\/p>\n<h3>4. Galicia <\/h3>\n<p>R\u00edas Bajas. <strong>Realiza un inolvidable viaja a la Galicia Terra Meiga,<\/strong>\u00a0d\u00e9jate maravillar por<strong> sus hermosos paisajes naturales<\/strong> con una gran riqueza pure, de clima inigualable por<strong> su suavidad,<\/strong> una gastronom\u00eda<strong> deliciosa con sus variados platos<\/strong> con productos de alt\u00edsima calidad, y <strong>diferentes sitios culturales e hist\u00f3ricos <\/strong>de gran importancia. <\/p>\n<ul>\n<li>\n<h2>D\u00eda 1: Origen, Galicia <\/h2>\n<\/li>\n<li>\n<h2>D\u00eda 2: Vigo- Cambado- Comarca de Saln\u00e9s<\/h2>\n<\/li>\n<li>\n<h2>D\u00eda 3: Excursi\u00f3n opcional norte de Portugal. Santa Tecla-Baiona <\/h2>\n<\/li>\n<li>\n<h2>D\u00eda 4: O Grove- Isla de la Toja- Pontevedra- Combarro <\/h2>\n<\/li>\n<li>\n<h2>D\u00eda 5: Excursi\u00f3n opcional A Coru\u00f1a <\/h2>\n<\/li>\n<li>\n<h2>D\u00eda 6: Santiago de Compostela <\/h2>\n<\/li>\n<li>\n<h2>D\u00eda 7: Galicia- Punto de Origen <\/h2>\n<\/li>\n<\/ul>\n<p>Lo puedes encontrar por 299 euros. <\/p>\n<p>\t <!-- --><\/p>\n<p>\t <!-- --><\/p><\/div>\n\n<p><em> &#8221; Fuentes amp.epe.es &#8221; <\/em><\/p>\n","protected":false},"excerpt":{"rendered":"<p>Al pensar en el\u00a0calendario laboral del 2023, una de las primeras dudas que surgen en estas fechas es cu\u00e1ndo es\u00a0Semana Santa. En esta ocasi\u00f3n, las\u00a0vacaciones\u00a0de primavera caer\u00e1n entre el domingo\u00a02\u00a0y el lunes\u00a010 de abril. Gran parte de la poblaci\u00f3n aprovecha estas fechas para salir de la ciudad, hacer una\u00a0escapada\u00a0y dirigirse a segundas residencias o lugares [&hellip;]<\/p>\n","protected":false},"author":4,"featured_media":502203,"comment_status":"open","ping_status":"closed","sticky":false,"template":"","format":"standard","meta":{"om_disable_all_campaigns":false,"jnews-multi-image_gallery":[],"jnews_single_post":[],"jnews_primary_category":[],"jnews_social_meta":[],"footnotes":""},"categories":[39],"tags":[1861,545],"class_list":["post-502202","post","type-post","status-publish","format-standard","has-post-thumbnail","hentry","category-viajes","tag-vacaciones","tag-viajes"],"_links":{"self":[{"href":"https:\/\/dimensionturistica.com\/es\/wp-json\/wp\/v2\/posts\/502202","targetHints":{"allow":["GET"]}}],"collection":[{"href":"https:\/\/dimensionturistica.com\/es\/wp-json\/wp\/v2\/posts"}],"about":[{"href":"https:\/\/dimensionturistica.com\/es\/wp-json\/wp\/v2\/types\/post"}],"author":[{"embeddable":true,"href":"https:\/\/dimensionturistica.com\/es\/wp-json\/wp\/v2\/users\/4"}],"replies":[{"embeddable":true,"href":"https:\/\/dimensionturistica.com\/es\/wp-json\/wp\/v2\/comments?post=502202"}],"version-history":[{"count":0,"href":"https:\/\/dimensionturistica.com\/es\/wp-json\/wp\/v2\/posts\/502202\/revisions"}],"wp:featuredmedia":[{"embeddable":true,"href":"https:\/\/dimensionturistica.com\/es\/wp-json\/wp\/v2\/media\/502203"}],"wp:attachment":[{"href":"https:\/\/dimensionturistica.com\/es\/wp-json\/wp\/v2\/media?parent=502202"}],"wp:term":[{"taxonomy":"category","embeddable":true,"href":"https:\/\/dimensionturistica.com\/es\/wp-json\/wp\/v2\/categories?post=502202"},{"taxonomy":"post_tag","embeddable":true,"href":"https:\/\/dimensionturistica.com\/es\/wp-json\/wp\/v2\/tags?post=502202"}],"curies":[{"name":"wp","href":"https:\/\/api.w.org\/{rel}","templated":true}]}}