{"id":501939,"date":"2023-03-07T00:42:23","date_gmt":"2023-03-07T00:42:23","guid":{"rendered":"https:\/\/dimensionturistica.com\/es\/?p=501939"},"modified":"2023-03-07T00:42:23","modified_gmt":"2023-03-07T00:42:23","slug":"nizuc-resort-spa-anuncia-a-alfonso-martinez-como-su-nuevo-director-general","status":"publish","type":"post","link":"https:\/\/dimensionturistica.com\/es\/nizuc-resort-spa-anuncia-a-alfonso-martinez-como-su-nuevo-director-general\/","title":{"rendered":"NIZUC Resort &#038; Spa anuncia a Alfonso Mart\u00ednez como su nuevo Director General"},"content":{"rendered":"<p>NIZUC Resort &amp; Spa anunci\u00f3 el nombramiento de Alfonso Mart\u00ednez Guerrero como Director General de este exclusivo resort que este a\u00f1o celebra su d\u00e9cimo aniversario en el Caribe Mexicano.<br \/>\nOriginario de la Ciudad de M\u00e9xico y con estudios en la Universidad An\u00e1huac en Administraci\u00f3n Tur\u00edstica, el Sr. Alfonso Mart\u00ednez es un profesional orientado al servicio de lujo, operaciones hoteleras, financieras, proyectos y planificaci\u00f3n estrat\u00e9gica con una prol\u00edfica trayectoria en importantes resorts de M\u00e9xico y<img decoding=\"async\" class=\"size-medium wp-image-501949 alignright\" src=\"https:\/\/dimensionturistica.com\/es\/wp-content\/uploads\/2023\/03\/NIZUC9-300x150.jpg\" alt=\"\" width=\"300\" height=\"150\" srcset=\"https:\/\/dimensionturistica.com\/es\/wp-content\/uploads\/2023\/03\/NIZUC9-300x150.jpg 300w, https:\/\/dimensionturistica.com\/es\/wp-content\/uploads\/2023\/03\/NIZUC9-360x180.jpg 360w, https:\/\/dimensionturistica.com\/es\/wp-content\/uploads\/2023\/03\/NIZUC9.jpg 600w\" sizes=\"(max-width: 300px) 100vw, 300px\" \/> Centroam\u00e9rica de cadenas hoteleras como Camino Real, Intercontinental y Posadas.<br \/>\nEn Camino Real inicio su carrera como guardia de seguridad y posteriormente paso por varias posiciones hasta llegar al \u00e1rea de Divisi\u00f3n Cuartos del Camino Real Polanco, continuando de forma ascendente su carrera hotelera como Gerente General de los hoteles de la misma cadena en la Ciudad de M\u00e9xico, Tuxtla Guti\u00e9rrez, Guadalajara y Acapulco.<br \/>\nComo Director General en Centroam\u00e9rica de Real Hotels &amp; Resorts, operados por hoteles Intercontinental, obtiene el premio IHG Torchbearer para el hotel en San Salvador por ser uno de los 4 mejores hoteles de Am\u00e9rica en el 2016; el premio IHG Quality Excellence Award como mejor hotel regional en M\u00e9xico y Latinoam\u00e9rica del 2014 al 2017, ganador del Premio a la Excelencia de Tripadvisor del 2013 al 2016, as\u00ed como el Travel Choice Award para los restaurantes de la cadena hotelera, The Market y Faisca Do Brasil por tres a\u00f1os consecutivos.<br \/>\nEn 2018, Alfonso Mart\u00ednez es invitado por Grupo Posadas para regresar a M\u00e9xico, y es en ese entonces cuando dirige con gran \u00e9xito la apertura del resort de lujo Live Aqua en San Miguel Allende, logrando convertirlo en el primer hotel de la compa\u00f1\u00eda en recibir las 4 estrellas de Forbes Travel Guide durante su primer a\u00f1o de operaci\u00f3n. De igual forma logr\u00f3 en los siguientes meses obtener el Prix Versailles, otorgado por la UNESCO Par\u00eds como el mejor hotel de Norteam\u00e9rica, fue nominado como el Mejor Hotel por Conde Nast y fue seleccionado dentro de la selecta lista de Preferred Hotels &amp; Resorts en su portafolio de Legend Hotels in M\u00e9xico. En el 2022, el resort fue aceptado dentro de la Red Virtuoso y a la fecha sus dos restaurantes ocupan los cinco primeros lugares de Trip Advisor\u00b4s en San Miguel de Allende.<br \/>\n\u201cLa vida me ha dado la oportunidad de vivir en diferentes pa\u00edses, he conocido<img decoding=\"async\" class=\"size-medium wp-image-501947 alignright\" src=\"https:\/\/dimensionturistica.com\/es\/wp-content\/uploads\/2023\/03\/NIZUC2-201x300.jpg\" alt=\"\" width=\"201\" height=\"300\" srcset=\"https:\/\/dimensionturistica.com\/es\/wp-content\/uploads\/2023\/03\/NIZUC2-201x300.jpg 201w, https:\/\/dimensionturistica.com\/es\/wp-content\/uploads\/2023\/03\/NIZUC2.jpg 600w\" sizes=\"(max-width: 201px) 100vw, 201px\" \/> diversas culturas y me siento honrado de haber logrado conformar equipos unidos y comprometidos con la excelencia. He trabajado con gente maravillosa que ha cre\u00eddo en m\u00ed, y mi familia y su apoyo es parte fundamental\u201d, se\u00f1al\u00f3.<br \/>\n&#8220;NIZUC Resort &amp; Spa es uno de los resorts de lujo m\u00e1s reconocidos y se ha convertido en un referente no solamente del destino m\u00e1s prestigiado de M\u00e9xico que es Canc\u00fan, sino que ya es reconocido a nivel mundial y estoy emocionado de unirme a este equipo excepcional. Espero trabajar de la mano de todo su capital humano para seguir superando las expectativas de nuestros hu\u00e9spedes\u201d concluy\u00f3 el Sr. Alfonso Mart\u00ednez.<br \/>\n&#8220;Estamos muy contentos de dar la bienvenida a Alfonso como nuestro nuevo Director General y estamos seguros de que su amplia experiencia y habilidades de liderazgo ser\u00e1n una gran adici\u00f3n a nuestro equipo&#8221;. dijo el Director Corporativo de Operaciones de Grupo Brisas, el Sr. Jaime Jaramillo.<\/p>\n<p>&nbsp;<\/p>\n","protected":false},"excerpt":{"rendered":"<p>NIZUC Resort &amp; Spa anunci\u00f3 el nombramiento de Alfonso Mart\u00ednez Guerrero como Director General de este exclusivo resort que este a\u00f1o celebra su d\u00e9cimo aniversario en el Caribe Mexicano. Originario de la Ciudad de M\u00e9xico y con estudios en la Universidad An\u00e1huac en Administraci\u00f3n Tur\u00edstica, el Sr. Alfonso Mart\u00ednez es un profesional orientado al servicio [&hellip;]<\/p>\n","protected":false},"author":1,"featured_media":501948,"comment_status":"open","ping_status":"closed","sticky":false,"template":"","format":"standard","meta":{"om_disable_all_campaigns":false,"jnews-multi-image_gallery":[],"jnews_single_post":{"source_name":"","source_url":"","via_name":"","via_url":"","override_template":"0","override":[{"template":"1","single_blog_custom":"","parallax":"1","fullscreen":"1","layout":"right-sidebar","sidebar":"default-sidebar","second_sidebar":"default-sidebar","sticky_sidebar":"1","share_position":"top","share_float_style":"share-monocrhome","show_share_counter":"1","show_view_counter":"1","show_featured":"1","show_post_meta":"1","show_post_author":"1","show_post_author_image":"1","show_post_date":"1","post_date_format":"default","post_date_format_custom":"Y\/m\/d","show_post_category":"1","show_post_reading_time":"0","post_reading_time_wpm":"300","show_zoom_button":"0","zoom_button_out_step":"2","zoom_button_in_step":"3","show_post_tag":"1","show_prev_next_post":"1","show_popup_post":"1","number_popup_post":"1","show_author_box":"0","show_post_related":"0","show_inline_post_related":"0"}],"override_image_size":"0","image_override":[{"single_post_thumbnail_size":"crop-500","single_post_gallery_size":"crop-500"}],"trending_post":"0","trending_post_position":"meta","trending_post_label":"Trending","sponsored_post":"0","sponsored_post_label":"Sponsored by","sponsored_post_name":"","sponsored_post_url":"","sponsored_post_logo_enable":"0","sponsored_post_logo":"","sponsored_post_desc":"","disable_ad":"0"},"jnews_primary_category":{"id":"","hide":""},"jnews_social_meta":{"fb_title":"","fb_description":"","fb_image":"","twitter_title":"","twitter_description":"","twitter_image":""},"footnotes":""},"categories":[39],"tags":[],"class_list":["post-501939","post","type-post","status-publish","format-standard","has-post-thumbnail","hentry","category-viajes"],"_links":{"self":[{"href":"https:\/\/dimensionturistica.com\/es\/wp-json\/wp\/v2\/posts\/501939","targetHints":{"allow":["GET"]}}],"collection":[{"href":"https:\/\/dimensionturistica.com\/es\/wp-json\/wp\/v2\/posts"}],"about":[{"href":"https:\/\/dimensionturistica.com\/es\/wp-json\/wp\/v2\/types\/post"}],"author":[{"embeddable":true,"href":"https:\/\/dimensionturistica.com\/es\/wp-json\/wp\/v2\/users\/1"}],"replies":[{"embeddable":true,"href":"https:\/\/dimensionturistica.com\/es\/wp-json\/wp\/v2\/comments?post=501939"}],"version-history":[{"count":0,"href":"https:\/\/dimensionturistica.com\/es\/wp-json\/wp\/v2\/posts\/501939\/revisions"}],"wp:featuredmedia":[{"embeddable":true,"href":"https:\/\/dimensionturistica.com\/es\/wp-json\/wp\/v2\/media\/501948"}],"wp:attachment":[{"href":"https:\/\/dimensionturistica.com\/es\/wp-json\/wp\/v2\/media?parent=501939"}],"wp:term":[{"taxonomy":"category","embeddable":true,"href":"https:\/\/dimensionturistica.com\/es\/wp-json\/wp\/v2\/categories?post=501939"},{"taxonomy":"post_tag","embeddable":true,"href":"https:\/\/dimensionturistica.com\/es\/wp-json\/wp\/v2\/tags?post=501939"}],"curies":[{"name":"wp","href":"https:\/\/api.w.org\/{rel}","templated":true}]}}