{"id":501847,"date":"2023-03-06T22:20:20","date_gmt":"2023-03-06T22:20:20","guid":{"rendered":"https:\/\/dimensionturistica.com\/es\/?p=501847"},"modified":"2023-03-06T22:20:21","modified_gmt":"2023-03-06T22:20:21","slug":"congreso-justifica-millonarios-gastos-en-viajes-y-contratacion-de-personal-de-confianza-peru","status":"publish","type":"post","link":"https:\/\/dimensionturistica.com\/es\/congreso-justifica-millonarios-gastos-en-viajes-y-contratacion-de-personal-de-confianza-peru\/","title":{"rendered":"Congreso justifica millonarios gastos en viajes y contrataci\u00f3n de personal de confianza | PERU"},"content":{"rendered":"<p> <br \/>\n<\/p>\n<div id=\"\">\n<p class=\"amp-story-content__news-text \"><b>El jefe de la Oficina de Comunicaciones del <\/b><a rel=\"nofollow noopener\" target=\"_blank\" itemprop=\"url\" href=\"https:\/\/gestion.pe\/noticias\/congreso\/\"><b>Congreso<\/b><\/a><b>, Miguel Seminario, y la jefa del Departamento de comisiones, Patricia Durand, brindaron una conferencia de prensa en donde justificaron los <\/b><a rel=\"nofollow noopener\" target=\"_blank\" itemprop=\"url\" href=\"https:\/\/gestion.pe\/peru\/politica\/congreso-cuenta-con-45-trabajadores-de-confianza-cuyos-contratos-implican-un-desembolso-de-s-38-millones-en-seis-meses-noticia\/?ref=gesr\/\"><b>millonarios gastos en viajes y contrataci\u00f3n de personal de confianza<\/b><\/a><b> que realizan los parlamentarios. <\/b><\/p>\n<p class=\"amp-story-content__news-text \">Seminario se\u00f1al\u00f3 que los legisladores est\u00e1n obligados a rendir cuenta de los viajes que hacen y tambi\u00e9n deben rendir un informe del mismo ante el Consejo Directivo del <a rel=\"nofollow noopener\" target=\"_blank\" itemprop=\"url\" href=\"https:\/\/gestion.pe\/noticias\/poder-legislativo\/\">Poder Legislativo<\/a>. Adem\u00e1s, record\u00f3 que en un acuerdo reciente, la Mesa Directiva dispuso que se informe de las salidad del pa\u00eds a las comisiones respectivas. <\/p>\n<p class=\"amp-story-content__news-text \">\u201c<i>La actual Mesa Directiva ha dispuesto recientemente el acuerdo 045, por el cual los congresistas que salen en representaci\u00f3n fuera del pa\u00eds, no solo deben cumplir con los informes ya mencionados, sino que adem\u00e1s <\/i><i><b>deben emitir un informe para las comisiones especializadas relacionadas con el destino del viaje. La emisi\u00f3n y realizaci\u00f3n de este informe se viene cumpliendo a cabalidad<\/b><\/i>\u201d, manifest\u00f3 para los medios.<\/p>\n<blockquote class=\"amp-story-content__blockquote text-lg secondary-font text-gray-300 text-xl line-h-md ml-15 mt-25 mb-25 pl-10 pr-30\"><p><b>LEA TAMBI\u00c9N: <\/b><a rel=\"nofollow noopener\" target=\"_blank\" href=\"https:\/\/gestion.pe\/peru\/politica\/congreso-plantean-adelantar-las-elecciones-generales-al-domingo-10-de-diciembre-de-este-ano-noticia\/\"><b>Congreso: Plantean adelantar las elecciones generales al domingo 10 de diciembre de este a\u00f1o<\/b><\/a><\/p><\/blockquote>\n<p class=\"amp-story-content__news-text \">En ese sentido, el funcionario resalt\u00f3 que el Parlamento peruano es parte de una serie de organismos y alianzas internacionesl que agrupan diferentes congresos a nivel mundial, por lo que asegur\u00f3 que tienen una obligaci\u00f3n de representaci\u00f3n y de car\u00e1cter administrativo. <\/p>\n<p class=\"amp-story-content__news-text \">En la misma l\u00ednea, Durand indic\u00f3 que no todos los costos que se hacen en estos viajes le cuestan al <a rel=\"nofollow noopener\" target=\"_blank\" itemprop=\"url\" href=\"https:\/\/gestion.pe\/peru\/politica\/denuncian-a-la-congresista-magaly-ruiz-de-cobrar-cupo-del-sueldo-de-sus-trabajadores-noticia\/\">Congreso<\/a>, pues <b>aleg\u00f3 que a veces hay instituciones que brindan alojamiento, pasaje y vi\u00e1ticos<\/b>. <\/p>\n<p class=\"amp-story-content__news-text \">En relaci\u00f3n a los <a rel=\"nofollow noopener\" target=\"_blank\" itemprop=\"url\" href=\"https:\/\/gestion.pe\/peru\/politica\/congreso-cuenta-con-45-trabajadores-de-confianza-cuyos-contratos-implican-un-desembolso-de-s-38-millones-en-seis-meses-noticia\/\">excesivos gastos en la contrataci\u00f3n de personal de confianza<\/a>, la jefa del Departamento de comisiones del Parlamento sostuvo que existen m\u00f3dulos de confianza en cada comisi\u00f3n, pero aclar\u00f3 que cada profesional contratado es especialista en el sector correspondiente y no cualquiera puede ocupar el cargo. <\/p>\n<p class=\"amp-story-content__news-text \">\u201c<i><b>No es asignaci\u00f3n a dedo, tiene que cumplir requisitos, adem\u00e1s los requisitos est\u00e1n incluidos en el reglamento interno<\/b><\/i><i> de trabajo que establece claramente cuando uno puede ser contratado como profesional, como t\u00e9cnico y como auxiliar<\/i>\u201d, agreg\u00f3. <\/p>\n<blockquote class=\"amp-story-content__blockquote text-lg secondary-font text-gray-300 text-xl line-h-md ml-15 mt-25 mb-25 pl-10 pr-30\"><p><b>LEA TAMBI\u00c9N: <\/b><a rel=\"nofollow noopener\" target=\"_blank\" href=\"https:\/\/gestion.pe\/economia\/empresas\/indecopi-visa-posicion-de-dominio-visa-en-la-mira-de-indecopi-por-presunto-posicion-de-dominio-de-que-trata-el-caso-noticia\/\"><b>Visa en la mira de Indecopi por presunta posici\u00f3n de dominio, \u00bfde qu\u00e9 trata el caso?<\/b><\/a><\/p><\/blockquote>\n<h2 class=\"\"><b>Millonarios gastos <\/b><\/h2>\n<p class=\"amp-story-content__news-text \">Un reportaje de Panorama, emitido el pasado domingo 5 de marzo, revel\u00f3 el n\u00famero del private de confianza en el\u00a0Congreso ha crecido.\u00a0Detall\u00f3 que ahora hay 45 trabajadores cuyos sueldos van desde los S\/\u00a07 mil, S\/8 mil y \u00a0S\/ 10 mil \u00a0y <b>dichos contratos sobrepasan en seis meses S\/ 3,8 millones<\/b>.<\/p>\n<p class=\"amp-story-content__news-text \">Otra investigaci\u00f3n del mismo dominical se\u00f1al\u00f3 que durante el precise periodo parlamentario ha registrado <b>un gasto de m\u00e1s de un mill\u00f3n y medio de soles <\/b>por el concepto de vi\u00e1ticos en viajes de representaci\u00f3n a Europa y \u00c1frica. <b>Dichos viajes de legisladores le costaron al Estado desde S\/ 8,000 hasta casi S\/ 77,000<\/b>.<\/p>\n<\/div>\n\n<p><em> &#8221; Fuentes gestion.pe &#8221; <\/em><\/p>\n","protected":false},"excerpt":{"rendered":"<p>El jefe de la Oficina de Comunicaciones del Congreso, Miguel Seminario, y la jefa del Departamento de comisiones, Patricia Durand, brindaron una conferencia de prensa en donde justificaron los millonarios gastos en viajes y contrataci\u00f3n de personal de confianza que realizan los parlamentarios. Seminario se\u00f1al\u00f3 que los legisladores est\u00e1n obligados a rendir cuenta de los [&hellip;]<\/p>\n","protected":false},"author":4,"featured_media":501848,"comment_status":"open","ping_status":"closed","sticky":false,"template":"","format":"standard","meta":{"om_disable_all_campaigns":false,"jnews-multi-image_gallery":[],"jnews_single_post":[],"jnews_primary_category":[],"jnews_social_meta":[],"footnotes":""},"categories":[39],"tags":[923,1653,64706,11532,545],"class_list":["post-501847","post","type-post","status-publish","format-standard","has-post-thumbnail","hentry","category-viajes","tag-congreso","tag-europa","tag-personal-de-confianza","tag-presupuesto","tag-viajes"],"_links":{"self":[{"href":"https:\/\/dimensionturistica.com\/es\/wp-json\/wp\/v2\/posts\/501847","targetHints":{"allow":["GET"]}}],"collection":[{"href":"https:\/\/dimensionturistica.com\/es\/wp-json\/wp\/v2\/posts"}],"about":[{"href":"https:\/\/dimensionturistica.com\/es\/wp-json\/wp\/v2\/types\/post"}],"author":[{"embeddable":true,"href":"https:\/\/dimensionturistica.com\/es\/wp-json\/wp\/v2\/users\/4"}],"replies":[{"embeddable":true,"href":"https:\/\/dimensionturistica.com\/es\/wp-json\/wp\/v2\/comments?post=501847"}],"version-history":[{"count":0,"href":"https:\/\/dimensionturistica.com\/es\/wp-json\/wp\/v2\/posts\/501847\/revisions"}],"wp:featuredmedia":[{"embeddable":true,"href":"https:\/\/dimensionturistica.com\/es\/wp-json\/wp\/v2\/media\/501848"}],"wp:attachment":[{"href":"https:\/\/dimensionturistica.com\/es\/wp-json\/wp\/v2\/media?parent=501847"}],"wp:term":[{"taxonomy":"category","embeddable":true,"href":"https:\/\/dimensionturistica.com\/es\/wp-json\/wp\/v2\/categories?post=501847"},{"taxonomy":"post_tag","embeddable":true,"href":"https:\/\/dimensionturistica.com\/es\/wp-json\/wp\/v2\/tags?post=501847"}],"curies":[{"name":"wp","href":"https:\/\/api.w.org\/{rel}","templated":true}]}}