{"id":501590,"date":"2023-03-06T16:44:50","date_gmt":"2023-03-06T16:44:50","guid":{"rendered":"https:\/\/dimensionturistica.com\/es\/?p=501590"},"modified":"2023-03-06T16:44:50","modified_gmt":"2023-03-06T16:44:50","slug":"el-sellado-al-alto-vacio-uno-de-los-secretos-de-calidad-que-ofrece-la-carniceria-virtual","status":"publish","type":"post","link":"https:\/\/dimensionturistica.com\/es\/el-sellado-al-alto-vacio-uno-de-los-secretos-de-calidad-que-ofrece-la-carniceria-virtual\/","title":{"rendered":"El sellado al alto vac\u00edo: uno de los secretos de calidad que ofrece La Carnicer\u00eda Virtual"},"content":{"rendered":"<p>Despu\u00e9s de la pandemia del Covid-19 que vio sus picos m\u00e1s altos desde el 2022 y parte del 2022, los servicios de entrega, sobre todo de productos alimenticios se incrementaron en altos porcentajes, mismos que contin\u00edan debido a la practicidad y seguridad a la hora de la entrega de los mismos.<br \/>\nLa Carnicer\u00eda Virtual, empresa 100% mexicana que ha posicionado como la plataforma de venta de los mejores cortes divididos en tres calidades: Prime, Angus Choice y Peque\u00f1os Ranchos, garantiza de una forma \u00f3ptima, r\u00e1pida e<img decoding=\"async\" class=\"size-medium wp-image-501603 alignright\" src=\"https:\/\/dimensionturistica.com\/es\/wp-content\/uploads\/2023\/03\/Carne3-300x201.jpg\" alt=\"\" width=\"300\" height=\"201\" srcset=\"https:\/\/dimensionturistica.com\/es\/wp-content\/uploads\/2023\/03\/Carne3-300x201.jpg 300w, https:\/\/dimensionturistica.com\/es\/wp-content\/uploads\/2023\/03\/Carne3-1024x685.jpg 1024w, https:\/\/dimensionturistica.com\/es\/wp-content\/uploads\/2023\/03\/Carne3-768x514.jpg 768w, https:\/\/dimensionturistica.com\/es\/wp-content\/uploads\/2023\/03\/Carne3-1536x1028.jpg 1536w, https:\/\/dimensionturistica.com\/es\/wp-content\/uploads\/2023\/03\/Carne3-750x502.jpg 750w, https:\/\/dimensionturistica.com\/es\/wp-content\/uploads\/2023\/03\/Carne3-1140x763.jpg 1140w, https:\/\/dimensionturistica.com\/es\/wp-content\/uploads\/2023\/03\/Carne3.jpg 1914w\" sizes=\"(max-width: 300px) 100vw, 300px\" \/> higi\u00e9nica, la llegada de sus productos en 24 horas cuando se tratan de pedidos en la Ciudad de M\u00e9xico, y de 24 en el interior de la Rep\u00fablica; gracias a sus empaques sellados al alto vac\u00edo. Al utilizar este sistema, no solo se garantiza la frescura, si no la garantia de que el producto no ser\u00e1 manipulado.<br \/>\nEl proceso consiste en envolver el producto en una l\u00e1mina impermeable, resistente a la abrasi\u00f3n, lo que inhibe el crecimiento de mohos, levaduras y bacterias en la superficie de la carne. De esta forma, todo material que se utilice para la congelaci\u00f3n y el empacado al alto vac\u00edo bloquea la entrada de aire y salida de humedad. Por lo tanto, gracias a este sistema de empaque, se retrasa el deterioro del producto, ya que se evita el crecimiento bacteriol\u00f3gico.<br \/>\nMantener los productos de La Carnicer\u00eda Virtual en congelaci\u00f3n y empacados al alto vac\u00edo, tambi\u00e9n permiten el ablandamiento y maduraci\u00f3n natural de la carne, incrementando la vida en almacenamiento. El color que normalmente es asociado con la carne fresca es el rojo brillante, resultado de su contacto con el aire. Al sacar el corte empacado al vac\u00edo, cambiar\u00e1 a un color cereza brillante aprox en 15 o 30 minutos.<br \/>\nDesde la compra y preparaci\u00f3n hasta la presentaci\u00f3n. El envasado al vac\u00edo sobre todo en esta cuaresma, garantiza siempre las mejores condiciones de frescura de<img decoding=\"async\" class=\"size-medium wp-image-501602 alignright\" src=\"https:\/\/dimensionturistica.com\/es\/wp-content\/uploads\/2023\/03\/Carne2-300x201.jpg\" alt=\"\" width=\"300\" height=\"201\" srcset=\"https:\/\/dimensionturistica.com\/es\/wp-content\/uploads\/2023\/03\/Carne2-300x201.jpg 300w, https:\/\/dimensionturistica.com\/es\/wp-content\/uploads\/2023\/03\/Carne2-1024x685.jpg 1024w, https:\/\/dimensionturistica.com\/es\/wp-content\/uploads\/2023\/03\/Carne2-768x514.jpg 768w, https:\/\/dimensionturistica.com\/es\/wp-content\/uploads\/2023\/03\/Carne2-1536x1027.jpg 1536w, https:\/\/dimensionturistica.com\/es\/wp-content\/uploads\/2023\/03\/Carne2-750x502.jpg 750w, https:\/\/dimensionturistica.com\/es\/wp-content\/uploads\/2023\/03\/Carne2-1140x762.jpg 1140w, https:\/\/dimensionturistica.com\/es\/wp-content\/uploads\/2023\/03\/Carne2.jpg 1908w\" sizes=\"(max-width: 300px) 100vw, 300px\" \/> los alimentos y una presentaci\u00f3n profesional directamente hacia el consumidor.<br \/>\nOtra de las recomendaciones de La Carnicer\u00eda Virtual le brinda a sus clientes, es que existen varias formas de descongelar la carne. Lo ideal es pasarla del congelador al refirgerador de 24 a 48 horas antes de ser consumido, con el objetivo de descongelar lentamente y mantener todas sus cualidades.<br \/>\nSi la carne congelada y empacada al ato vac\u00edo se consume de inmediato, el primer paso es colocarla junto con la bolsa de pl\u00e1stico en la que viene, en un recipiente con agua al tiempo, para acelerar el proceso de descongelamiento. De<img decoding=\"async\" class=\"size-medium wp-image-501601 alignright\" src=\"https:\/\/dimensionturistica.com\/es\/wp-content\/uploads\/2023\/03\/Carne1-300x202.jpg\" alt=\"\" width=\"300\" height=\"202\" srcset=\"https:\/\/dimensionturistica.com\/es\/wp-content\/uploads\/2023\/03\/Carne1-300x202.jpg 300w, https:\/\/dimensionturistica.com\/es\/wp-content\/uploads\/2023\/03\/Carne1-1024x689.jpg 1024w, https:\/\/dimensionturistica.com\/es\/wp-content\/uploads\/2023\/03\/Carne1-768x517.jpg 768w, https:\/\/dimensionturistica.com\/es\/wp-content\/uploads\/2023\/03\/Carne1-1536x1033.jpg 1536w, https:\/\/dimensionturistica.com\/es\/wp-content\/uploads\/2023\/03\/Carne1-750x505.jpg 750w, https:\/\/dimensionturistica.com\/es\/wp-content\/uploads\/2023\/03\/Carne1-1140x767.jpg 1140w, https:\/\/dimensionturistica.com\/es\/wp-content\/uploads\/2023\/03\/Carne1.jpg 1898w\" sizes=\"(max-width: 300px) 100vw, 300px\" \/> una a dos horas, el producto estar\u00e1 decongelado por completo.<br \/>\nAdem\u00e1s de cortes de res, La Carnicer\u00eda Virtual cuenta con un amplio cat\u00e1logo de opciones para disfrutar todos los d\u00edas como carne de cerdo, aves, pescados y mariscos, as\u00ed como productos gourmet como ravioles, salsas, quesos, vinos y mucho m\u00e1s.<br \/>\nTodos los productos del cat\u00e1logo se ordenan a trav\u00e9s de la p\u00e1gina https:\/\/lacarniceriavirtualcdmx.com<br \/>\nLa Carnicer\u00eda Virtual<br \/>\nwww.lacarniceriavirtual.com.mx<br \/>\nFacebook: https:\/\/www.facebook.com\/lacarniceriavirtualcom<br \/>\nIG: @lacarniceriavirtualcom<\/p>\n","protected":false},"excerpt":{"rendered":"<p>Despu\u00e9s de la pandemia del Covid-19 que vio sus picos m\u00e1s altos desde el 2022 y parte del 2022, los servicios de entrega, sobre todo de productos alimenticios se incrementaron en altos porcentajes, mismos que contin\u00edan debido a la practicidad y seguridad a la hora de la entrega de los mismos. La Carnicer\u00eda Virtual, empresa [&hellip;]<\/p>\n","protected":false},"author":1,"featured_media":501606,"comment_status":"open","ping_status":"closed","sticky":false,"template":"","format":"standard","meta":{"om_disable_all_campaigns":false,"jnews-multi-image_gallery":[],"jnews_single_post":{"source_name":"","source_url":"","via_name":"","via_url":"","override_template":"0","override":[{"template":"1","single_blog_custom":"","parallax":"1","fullscreen":"1","layout":"right-sidebar","sidebar":"default-sidebar","second_sidebar":"default-sidebar","sticky_sidebar":"1","share_position":"top","share_float_style":"share-monocrhome","show_share_counter":"1","show_view_counter":"1","show_featured":"1","show_post_meta":"1","show_post_author":"1","show_post_author_image":"1","show_post_date":"1","post_date_format":"default","post_date_format_custom":"Y\/m\/d","show_post_category":"1","show_post_reading_time":"0","post_reading_time_wpm":"300","show_zoom_button":"0","zoom_button_out_step":"2","zoom_button_in_step":"3","show_post_tag":"1","show_prev_next_post":"1","show_popup_post":"1","number_popup_post":"1","show_author_box":"0","show_post_related":"0","show_inline_post_related":"0"}],"override_image_size":"0","image_override":[{"single_post_thumbnail_size":"crop-500","single_post_gallery_size":"crop-500"}],"trending_post":"0","trending_post_position":"meta","trending_post_label":"Trending","sponsored_post":"0","sponsored_post_label":"Sponsored by","sponsored_post_name":"","sponsored_post_url":"","sponsored_post_logo_enable":"0","sponsored_post_logo":"","sponsored_post_desc":"","disable_ad":"0"},"jnews_primary_category":{"id":"","hide":""},"jnews_social_meta":{"fb_title":"","fb_description":"","fb_image":"","twitter_title":"","twitter_description":"","twitter_image":""},"footnotes":""},"categories":[43],"tags":[],"class_list":["post-501590","post","type-post","status-publish","format-standard","has-post-thumbnail","hentry","category-gourmet"],"_links":{"self":[{"href":"https:\/\/dimensionturistica.com\/es\/wp-json\/wp\/v2\/posts\/501590","targetHints":{"allow":["GET"]}}],"collection":[{"href":"https:\/\/dimensionturistica.com\/es\/wp-json\/wp\/v2\/posts"}],"about":[{"href":"https:\/\/dimensionturistica.com\/es\/wp-json\/wp\/v2\/types\/post"}],"author":[{"embeddable":true,"href":"https:\/\/dimensionturistica.com\/es\/wp-json\/wp\/v2\/users\/1"}],"replies":[{"embeddable":true,"href":"https:\/\/dimensionturistica.com\/es\/wp-json\/wp\/v2\/comments?post=501590"}],"version-history":[{"count":0,"href":"https:\/\/dimensionturistica.com\/es\/wp-json\/wp\/v2\/posts\/501590\/revisions"}],"wp:featuredmedia":[{"embeddable":true,"href":"https:\/\/dimensionturistica.com\/es\/wp-json\/wp\/v2\/media\/501606"}],"wp:attachment":[{"href":"https:\/\/dimensionturistica.com\/es\/wp-json\/wp\/v2\/media?parent=501590"}],"wp:term":[{"taxonomy":"category","embeddable":true,"href":"https:\/\/dimensionturistica.com\/es\/wp-json\/wp\/v2\/categories?post=501590"},{"taxonomy":"post_tag","embeddable":true,"href":"https:\/\/dimensionturistica.com\/es\/wp-json\/wp\/v2\/tags?post=501590"}],"curies":[{"name":"wp","href":"https:\/\/api.w.org\/{rel}","templated":true}]}}