{"id":501375,"date":"2023-03-06T11:26:16","date_gmt":"2023-03-06T11:26:16","guid":{"rendered":"https:\/\/dimensionturistica.com\/es\/?p=501375"},"modified":"2023-03-06T11:26:17","modified_gmt":"2023-03-06T11:26:17","slug":"nuevos-precios-y-mas-destinos","status":"publish","type":"post","link":"https:\/\/dimensionturistica.com\/es\/nuevos-precios-y-mas-destinos\/","title":{"rendered":"nuevos precios y m\u00e1s destinos"},"content":{"rendered":"<p> <br \/>\n<\/p>\n<div>\n<p>Los\u00a0viajes del Imserso\u00a0para la temporada 2023\/2024\u00a0ser\u00e1n m\u00e1s caros. El Imserso pretende modernizar estos paquetes vacacionales y aumentar la variedad y calidad de la oferta, lo que implicar\u00e1, por una parte, un aumento de la financiaci\u00f3n por parte del Estado, pero tambi\u00e9n un incremento de la cuant\u00eda que paga el usuario (la administraci\u00f3n abona algo m\u00e1s del 20% del whole de los viajes).<\/p>\n<p>El pasado jueves, el Ministerio de Derechos Sociales y Agenda 2030 hizo p\u00fablico que no prorrogar\u00e1 los contratos con Mundiplan y \u00c1voris, abriendo un nuevo proceso de licitaci\u00f3n.\u00a0Los nuevos pliegos traen novedades.\u00a0La primera, con la partida destinada al concurso, 300 millones de euros, un 14% m\u00e1s en la anterior. El n\u00famero de plazas pasar\u00e1 de las 816.029 iniciales de la temporada precise, a unas 900.000.<\/p>\n<p>En cuanto a los destinos, tambi\u00e9n se ampl\u00eda la oferta. \u00a0Por una parte se mantendr\u00e1n\u00a0los destinos t\u00edpicos de costa (en torno al 75% del whole), pero se incluyen las\u00a050\u00a0capitales de provincias\u00a0y\u00a0las dos ciudades aut\u00f3nomas, Ceuta y Melilla. Habr\u00e1\u00a019 rutas m\u00e1s de naturaleza y\u00a010 nuevos circuitos culturales.\u00a0En esta \u00faltima variedad,\u00a0se han propuesto ofertar opciones de paquetes tem\u00e1ticos, como\u00a0itinerarios literarios, musicales o de festivales de teatro.<\/p>\n<p>La mayor novedad llega en el apartado del precio. Aunque a\u00fan no se conocen todos los detalles, el Ministerio asegura que habr\u00e1 subida durante el periodo 2023\/2024. No obstante, aseguran que ser\u00e1n siendo \u201caccesibles y ajustados\u201d, y que \u201cen ning\u00fan caso\u201d ser\u00e1 superior al incremento de las pensiones (+8,5%).<\/p>\n<p>Este encarecimiento se debe a una presunta mejora de la calidad. La categor\u00eda de los hoteles ser\u00e1 superior a la de a\u00f1os previos, al tiempo que se avanzar\u00e1 en potenciar la accesibilidad y los reg\u00edmenes alimenticios. Tambi\u00e9n se ampliar\u00e1n las opciones de transporte, con la llegada del AVE a la oferta como sustituto de los largos viajes en autob\u00fas para algunas de las opciones.<\/p>\n<p>\n        <button class=\"read-more-btn\" on=\"tap:AMP.setState({ expand:'content-body', hiddenState: true })\"><br \/>\n          Leer m\u00e1s        <\/button>\n      <\/p>\n<\/p><\/div>\n\n<p><em> &#8221; Fuentes www.ceutaactualidad.com &#8221; <\/em><\/p>\n","protected":false},"excerpt":{"rendered":"<p>Los\u00a0viajes del Imserso\u00a0para la temporada 2023\/2024\u00a0ser\u00e1n m\u00e1s caros. El Imserso pretende modernizar estos paquetes vacacionales y aumentar la variedad y calidad de la oferta, lo que implicar\u00e1, por una parte, un aumento de la financiaci\u00f3n por parte del Estado, pero tambi\u00e9n un incremento de la cuant\u00eda que paga el usuario (la administraci\u00f3n abona algo m\u00e1s [&hellip;]<\/p>\n","protected":false},"author":4,"featured_media":501376,"comment_status":"open","ping_status":"closed","sticky":false,"template":"","format":"standard","meta":{"om_disable_all_campaigns":false,"jnews-multi-image_gallery":[],"jnews_single_post":[],"jnews_primary_category":[],"jnews_social_meta":[],"footnotes":""},"categories":[39],"tags":[813,1268,544],"class_list":["post-501375","post","type-post","status-publish","format-standard","has-post-thumbnail","hentry","category-viajes","tag-imserso","tag-nacional","tag-turismo"],"_links":{"self":[{"href":"https:\/\/dimensionturistica.com\/es\/wp-json\/wp\/v2\/posts\/501375","targetHints":{"allow":["GET"]}}],"collection":[{"href":"https:\/\/dimensionturistica.com\/es\/wp-json\/wp\/v2\/posts"}],"about":[{"href":"https:\/\/dimensionturistica.com\/es\/wp-json\/wp\/v2\/types\/post"}],"author":[{"embeddable":true,"href":"https:\/\/dimensionturistica.com\/es\/wp-json\/wp\/v2\/users\/4"}],"replies":[{"embeddable":true,"href":"https:\/\/dimensionturistica.com\/es\/wp-json\/wp\/v2\/comments?post=501375"}],"version-history":[{"count":0,"href":"https:\/\/dimensionturistica.com\/es\/wp-json\/wp\/v2\/posts\/501375\/revisions"}],"wp:featuredmedia":[{"embeddable":true,"href":"https:\/\/dimensionturistica.com\/es\/wp-json\/wp\/v2\/media\/501376"}],"wp:attachment":[{"href":"https:\/\/dimensionturistica.com\/es\/wp-json\/wp\/v2\/media?parent=501375"}],"wp:term":[{"taxonomy":"category","embeddable":true,"href":"https:\/\/dimensionturistica.com\/es\/wp-json\/wp\/v2\/categories?post=501375"},{"taxonomy":"post_tag","embeddable":true,"href":"https:\/\/dimensionturistica.com\/es\/wp-json\/wp\/v2\/tags?post=501375"}],"curies":[{"name":"wp","href":"https:\/\/api.w.org\/{rel}","templated":true}]}}