{"id":501120,"date":"2023-03-05T23:08:45","date_gmt":"2023-03-05T23:08:45","guid":{"rendered":"https:\/\/dimensionturistica.com\/es\/?p=501120"},"modified":"2023-03-05T23:08:45","modified_gmt":"2023-03-05T23:08:45","slug":"celebrara-el-macrofest-2023-el-primer-concierto-musical-con-la-presentacion-de-los-angeles-azules","status":"publish","type":"post","link":"https:\/\/dimensionturistica.com\/es\/celebrara-el-macrofest-2023-el-primer-concierto-musical-con-la-presentacion-de-los-angeles-azules\/","title":{"rendered":"Celebrara el Macrofest 2023 el primer concierto musical con la presentaci\u00f3n de \u201cLos \u00c1ngeles Azules\u201d"},"content":{"rendered":"<p><img decoding=\"async\" class=\" wp-image-501123 alignright\" src=\"https:\/\/dimensionturistica.com\/es\/wp-content\/uploads\/2023\/03\/AZULESZ-240x300.jpg\" alt=\"\" width=\"402\" height=\"503\" srcset=\"https:\/\/dimensionturistica.com\/es\/wp-content\/uploads\/2023\/03\/AZULESZ-240x300.jpg 240w, https:\/\/dimensionturistica.com\/es\/wp-content\/uploads\/2023\/03\/AZULESZ-819x1024.jpg 819w, https:\/\/dimensionturistica.com\/es\/wp-content\/uploads\/2023\/03\/AZULESZ-768x960.jpg 768w, https:\/\/dimensionturistica.com\/es\/wp-content\/uploads\/2023\/03\/AZULESZ-750x938.jpg 750w, https:\/\/dimensionturistica.com\/es\/wp-content\/uploads\/2023\/03\/AZULESZ.jpg 1080w\" sizes=\"(max-width: 402px) 100vw, 402px\" \/> El pr\u00f3ximo 5 de marzo, en la Explanada de los H\u00e9roes, de la Macroplaza de Monterrey, Nuevo Le\u00f3n, se presentar\u00e1 el primer concierto del MACROFEST 2023, con la participaci\u00f3n de la mundialmente conocida agrupaci\u00f3n, Los \u00c1ngeles Azules.<br \/>\nImpulsado por el Gobierno del Estado, la iniciativa del MACROFEST consiste en ser un punto de encuentro para toda la familia, a trav\u00e9s de una serie de conciertos gratuitos que se realizar\u00e1n mensualmente, iniciando el primer domingo del mes de marzo.<br \/>\nDe este modo, los encargados de inaugurar el primer concierto del festival ser\u00e1n las agrupaciones Los \u00c1ngeles Azules, La Leyenda, La Sonora Dinamita, as\u00ed como el sonido tropical de Elidian. Cabe se\u00f1alar que un domingo al mes habr\u00e1 una<img decoding=\"async\" class=\"size-medium wp-image-501124 alignright\" src=\"https:\/\/dimensionturistica.com\/es\/wp-content\/uploads\/2023\/03\/AZULEZ2-300x186.jpg\" alt=\"\" width=\"300\" height=\"186\" srcset=\"https:\/\/dimensionturistica.com\/es\/wp-content\/uploads\/2023\/03\/AZULEZ2-300x186.jpg 300w, https:\/\/dimensionturistica.com\/es\/wp-content\/uploads\/2023\/03\/AZULEZ2.jpg 697w\" sizes=\"(max-width: 300px) 100vw, 300px\" \/> programaci\u00f3n musical diferente con artistas nacionales e internacionales. Estas actividades tienen el fin de entretener al p\u00fablico e incentivar la convivencia en un espacio ic\u00f3nico de la capital neoleonesa, como la Macroplaza.<br \/>\nEntre las atracciones que flanquean la Macroplaza est\u00e1n, el complejo 3 Museos, la Catedral Metropolitana, y el Palacio de Gobierno, donde cada 15 de septiembre se da el tradicional Grito de Independencia. As\u00ed como todo tipo de restaurantes como el Sierra Madre, Las Alitas, el Buffet Josephinos, o la oferta gastron\u00f3mica del Barrio Antiguo y del Mercado Barrio.<\/p>\n","protected":false},"excerpt":{"rendered":"<p>El pr\u00f3ximo 5 de marzo, en la Explanada de los H\u00e9roes, de la Macroplaza de Monterrey, Nuevo Le\u00f3n, se presentar\u00e1 el primer concierto del MACROFEST 2023, con la participaci\u00f3n de la mundialmente conocida agrupaci\u00f3n, Los \u00c1ngeles Azules. Impulsado por el Gobierno del Estado, la iniciativa del MACROFEST consiste en ser un punto de encuentro para [&hellip;]<\/p>\n","protected":false},"author":1,"featured_media":501125,"comment_status":"open","ping_status":"closed","sticky":false,"template":"","format":"standard","meta":{"om_disable_all_campaigns":false,"jnews-multi-image_gallery":[],"jnews_single_post":{"source_name":"","source_url":"","via_name":"","via_url":"","override_template":"0","override":[{"template":"1","single_blog_custom":"","parallax":"1","fullscreen":"1","layout":"right-sidebar","sidebar":"default-sidebar","second_sidebar":"default-sidebar","sticky_sidebar":"1","share_position":"top","share_float_style":"share-monocrhome","show_share_counter":"1","show_view_counter":"1","show_featured":"1","show_post_meta":"1","show_post_author":"1","show_post_author_image":"1","show_post_date":"1","post_date_format":"default","post_date_format_custom":"Y\/m\/d","show_post_category":"1","show_post_reading_time":"0","post_reading_time_wpm":"300","show_zoom_button":"0","zoom_button_out_step":"2","zoom_button_in_step":"3","show_post_tag":"1","show_prev_next_post":"1","show_popup_post":"1","number_popup_post":"1","show_author_box":"0","show_post_related":"0","show_inline_post_related":"0"}],"override_image_size":"0","image_override":[{"single_post_thumbnail_size":"crop-500","single_post_gallery_size":"crop-500"}],"trending_post":"0","trending_post_position":"meta","trending_post_label":"Trending","sponsored_post":"0","sponsored_post_label":"Sponsored by","sponsored_post_name":"","sponsored_post_url":"","sponsored_post_logo_enable":"0","sponsored_post_logo":"","sponsored_post_desc":"","disable_ad":"0"},"jnews_primary_category":{"id":"","hide":""},"jnews_social_meta":{"fb_title":"","fb_description":"","fb_image":"","twitter_title":"","twitter_description":"","twitter_image":""},"footnotes":""},"categories":[40],"tags":[],"class_list":["post-501120","post","type-post","status-publish","format-standard","has-post-thumbnail","hentry","category-industria"],"_links":{"self":[{"href":"https:\/\/dimensionturistica.com\/es\/wp-json\/wp\/v2\/posts\/501120","targetHints":{"allow":["GET"]}}],"collection":[{"href":"https:\/\/dimensionturistica.com\/es\/wp-json\/wp\/v2\/posts"}],"about":[{"href":"https:\/\/dimensionturistica.com\/es\/wp-json\/wp\/v2\/types\/post"}],"author":[{"embeddable":true,"href":"https:\/\/dimensionturistica.com\/es\/wp-json\/wp\/v2\/users\/1"}],"replies":[{"embeddable":true,"href":"https:\/\/dimensionturistica.com\/es\/wp-json\/wp\/v2\/comments?post=501120"}],"version-history":[{"count":0,"href":"https:\/\/dimensionturistica.com\/es\/wp-json\/wp\/v2\/posts\/501120\/revisions"}],"wp:featuredmedia":[{"embeddable":true,"href":"https:\/\/dimensionturistica.com\/es\/wp-json\/wp\/v2\/media\/501125"}],"wp:attachment":[{"href":"https:\/\/dimensionturistica.com\/es\/wp-json\/wp\/v2\/media?parent=501120"}],"wp:term":[{"taxonomy":"category","embeddable":true,"href":"https:\/\/dimensionturistica.com\/es\/wp-json\/wp\/v2\/categories?post=501120"},{"taxonomy":"post_tag","embeddable":true,"href":"https:\/\/dimensionturistica.com\/es\/wp-json\/wp\/v2\/tags?post=501120"}],"curies":[{"name":"wp","href":"https:\/\/api.w.org\/{rel}","templated":true}]}}