{"id":501091,"date":"2023-03-05T22:42:45","date_gmt":"2023-03-05T22:42:45","guid":{"rendered":"https:\/\/dimensionturistica.com\/es\/?p=501091"},"modified":"2023-03-05T22:52:10","modified_gmt":"2023-03-05T22:52:10","slug":"hablemos-sobre-obesidad-es-tiempo-de-cambiar-la-historia","status":"publish","type":"post","link":"https:\/\/dimensionturistica.com\/es\/hablemos-sobre-obesidad-es-tiempo-de-cambiar-la-historia\/","title":{"rendered":"Hablemos sobre obesidad, es tiempo de cambiar la historia"},"content":{"rendered":"<p>La obesidad es una enfermedad compleja y multifactorial que requiere una acci\u00f3n colectiva, intersectorial y transdisciplinaria para su prevenci\u00f3n y control. En el marco del D\u00eda Mundial de la Obesidad 2023, el Instituto Nacional de Salud<img decoding=\"async\" class=\"size-medium wp-image-501105 alignright\" src=\"https:\/\/dimensionturistica.com\/es\/wp-content\/uploads\/2023\/03\/GORDOS5-300x275.jpg\" alt=\"\" width=\"300\" height=\"275\" srcset=\"https:\/\/dimensionturistica.com\/es\/wp-content\/uploads\/2023\/03\/GORDOS5-300x275.jpg 300w, https:\/\/dimensionturistica.com\/es\/wp-content\/uploads\/2023\/03\/GORDOS5.jpg 600w\" sizes=\"(max-width: 300px) 100vw, 300px\" \/> P\u00fablica en colaboraci\u00f3n con la World Obesity Federation, organismos multilaterales (como OPS\/OMS y UNICEF), asociaciones profesionales (como la Academia Nacional de Medicina, la Sociedad Mexicana de Obesidad, la Asociaci\u00f3n Psiqui\u00e1trica Mexicana, el Colegio de Endocrin\u00f3logos de M\u00e9xico, la Asociaci\u00f3n Mexicana para el estudio Multidisciplinario del S\u00edndrome Metab\u00f3lico y el Colegio Mexicano de Medicina interna), se reunieron para generar un intercambio de ideas de alto nivel e identificar acciones en beneficio de la salud de la poblaci\u00f3n, poniendo al centro a las personas que viven con esta enfermedad y buscando formas de lograr el apoyo y acompa\u00f1amiento \u00f3ptimo para mejores resultados.<br \/>\nEl Dr. Sim\u00f3n Barquera, director del Centro de Investigaci\u00f3n en Nutrici\u00f3n y Salud del INSP y presidente electo de la WOF, mostr\u00f3 an\u00e1lisis preliminares que sugieren que los esfuerzos de prevenci\u00f3n implementados en M\u00e9xico est\u00e1n logrando controlar la epidemia. \u201cPara cambiar la historia, se debe hablar de obesidad\u201d &#8211; coment\u00f3. \u201cQueremos aprovechar el poder de la conversaci\u00f3n, el di\u00e1logo emp\u00e1tico y abierto que permiten a las personas que viven con obesidad tomar acciones<img decoding=\"async\" class=\"size-medium wp-image-501103 alignright\" src=\"https:\/\/dimensionturistica.com\/es\/wp-content\/uploads\/2023\/03\/GORDO9-300x263.jpg\" alt=\"\" width=\"300\" height=\"263\" srcset=\"https:\/\/dimensionturistica.com\/es\/wp-content\/uploads\/2023\/03\/GORDO9-300x263.jpg 300w, https:\/\/dimensionturistica.com\/es\/wp-content\/uploads\/2023\/03\/GORDO9.jpg 600w\" sizes=\"(max-width: 300px) 100vw, 300px\" \/> concretas junto con l\u00edderes profesionales de la salud, para mejorar la conciencia colectiva y evitar el estigma que rodea a este problema de salud\u201d.<br \/>\n\u201cLa obesidad no se trata de hacer revoluciones para defender quienes somos, ni auto validarse en una sociedad estigmatizada que critica la imagen corporal para encajar en ella, sino reconocer que es una enfermedad compleja y multifactorial\u201d, coment\u00f3 la Dra. Jacqueline Cort\u00e9s, presidenta de la Asociaci\u00f3n Psiqui\u00e1trica Mexicana (APM). \u201cEnviar mensajes err\u00f3neos acerca de la obesidad fomenta un sesgo y estigma en las personas que viven con la enfermedad, lo que contribuye a una mayor morbilidad y mortalidad de ellas\u201d. \u2013 concluy\u00f3.<br \/>\nEl Dr. Juan Luis Salgado Loza, presidente del Colegio de Medicina Interna de M\u00e9xico (CMIM), explic\u00f3 que \u201cLa obesidad es una enfermedad que debe tratarse para evitar comorbilidades asociadas al exceso de tejido adiposo en el largo plazo, como la diabetes, hipertensi\u00f3n, c\u00e1ncer y enfermedad severa por la COVID-19, entre otras\u201d.<br \/>\nDr. Antonio Gonz\u00e1lez Ch\u00e1vez, presidente de la Asociaci\u00f3n Mexicana para el Estudio Multidisciplinario del S\u00edndrome Metab\u00f3lico (AMESI), dijo que \u201cLa obesidad afecta nuestros cuerpos y mentes influyendo en el apetito, la saciedad, el metabolismo, la distribuci\u00f3n de la grasa corporal y las conductas alimentarias estresantes Cuando una persona trata de perder peso, los cambios hormonales se producen r\u00e1pidamente, lo que puede llevar a un aumento de apetito y, al mismo<img decoding=\"async\" class=\" wp-image-501104 alignleft\" src=\"https:\/\/dimensionturistica.com\/es\/wp-content\/uploads\/2023\/03\/GORDOS1-300x225.jpg\" alt=\"\" width=\"617\" height=\"463\" srcset=\"https:\/\/dimensionturistica.com\/es\/wp-content\/uploads\/2023\/03\/GORDOS1-300x225.jpg 300w, https:\/\/dimensionturistica.com\/es\/wp-content\/uploads\/2023\/03\/GORDOS1.jpg 600w\" sizes=\"(max-width: 617px) 100vw, 617px\" \/> tiempo, la tasa metab\u00f3lica se ralentiza, lo que hace que se consuman menos calor\u00edas. La obesidad, por lo tanto, es una enfermedad cr\u00f3nica que requiere un tratamiento a largo plazo\u201d.<br \/>\nA su vez, el Dr. Valent\u00edn S\u00e1nchez Pedraza, vicepresidente del Colegio de Endocrin\u00f3logos de M\u00e9xico (CEM) reiter\u00f3 que \u201cTratar la obesidad seriamente, es reconocer la complejidad de la enfermedad. Existen estudios de investigaci\u00f3n que han demostrado que tomar acciones contundentes ayuda a cambiar la historia de la enfermedad a corto, mediano y largo plazo\u201d.<br \/>\nEl Dr. Ricardo Luna, presidente de la Sociedad Mexicana de Obesidad (SMO), reiter\u00f3 que el D\u00eda Mundial de la Obesidad es una oportunidad de reconocer que existen barreras importantes para lograr una mejor atenci\u00f3n de la enfermedad, pero tambi\u00e9n de enfatizar la importancia de a toda persona se le pueda garantizar un tratamiento integral que incluya las intervenciones necesarias de acuerdo a sus necesidades, entre las que destacan: cambios en el estilo de vida, actividad f\u00edsica, alimentaci\u00f3n, terapia farmacol\u00f3gica o incluso cirug\u00eda, buscando el m\u00e1ximo beneficio posible para las personas\u201d.<br \/>\nFinalmente, el Dr. Julio Morfin, gerente m\u00e9dico en Ifa Celtics reconoci\u00f3 los esfuerzos de la comunidad de profesionales de la salud y expres\u00f3 el compromiso de este laboratorio farmac\u00e9utico por apoyar de forma \u00e9tica y respetuosa las iniciativas que busquen mejorar la calidad de vida de la poblaci\u00f3n mexicana, en particular aquella que vive con sobrepeso y obesidad. \u201cComo sociedad, podemos trabajar intercambiando perspectivas que nos permitan identificar formas de colaborar y abrazar un mayor bienestar en el corto, mediano y largo plazo para la poblaci\u00f3n, para ello es tiempo de que tomemos acciones\u201d.<br \/>\nIfa Celtics es un laboratorio farmac\u00e9utico mexicano con altos est\u00e1ndares de fabricaci\u00f3n por m\u00e1s de 50 a\u00f1os al servicio de la salud donde tratar la obesidad seriamente es una prioridad. Champion de la World OBesity Federation en el d\u00eda mundial de la obesidad.<br \/>\n#somos un equipo por la vida. #obesidad seriamente<\/p>\n<p>&nbsp;<\/p>\n","protected":false},"excerpt":{"rendered":"<p>La obesidad es una enfermedad compleja y multifactorial que requiere una acci\u00f3n colectiva, intersectorial y transdisciplinaria para su prevenci\u00f3n y control. En el marco del D\u00eda Mundial de la Obesidad 2023, el Instituto Nacional de Salud P\u00fablica en colaboraci\u00f3n con la World Obesity Federation, organismos multilaterales (como OPS\/OMS y UNICEF), asociaciones profesionales (como la Academia [&hellip;]<\/p>\n","protected":false},"author":1,"featured_media":501102,"comment_status":"open","ping_status":"closed","sticky":false,"template":"","format":"standard","meta":{"om_disable_all_campaigns":false,"jnews-multi-image_gallery":[],"jnews_single_post":{"source_name":"","source_url":"","via_name":"","via_url":"","override_template":"0","override":[{"template":"1","single_blog_custom":"","parallax":"1","fullscreen":"1","layout":"right-sidebar","sidebar":"default-sidebar","second_sidebar":"default-sidebar","sticky_sidebar":"1","share_position":"top","share_float_style":"share-monocrhome","show_share_counter":"1","show_view_counter":"1","show_featured":"1","show_post_meta":"1","show_post_author":"1","show_post_author_image":"1","show_post_date":"1","post_date_format":"default","post_date_format_custom":"Y\/m\/d","show_post_category":"1","show_post_reading_time":"0","post_reading_time_wpm":"300","show_zoom_button":"0","zoom_button_out_step":"2","zoom_button_in_step":"3","show_post_tag":"1","show_prev_next_post":"1","show_popup_post":"1","number_popup_post":"1","show_author_box":"0","show_post_related":"0","show_inline_post_related":"0"}],"override_image_size":"0","image_override":[{"single_post_thumbnail_size":"crop-500","single_post_gallery_size":"crop-500"}],"trending_post":"0","trending_post_position":"meta","trending_post_label":"Trending","sponsored_post":"0","sponsored_post_label":"Sponsored by","sponsored_post_name":"","sponsored_post_url":"","sponsored_post_logo_enable":"0","sponsored_post_logo":"","sponsored_post_desc":"","disable_ad":"0"},"jnews_primary_category":{"id":"","hide":""},"jnews_social_meta":{"fb_title":"","fb_description":"","fb_image":"","twitter_title":"","twitter_description":"","twitter_image":""},"footnotes":""},"categories":[40],"tags":[],"class_list":["post-501091","post","type-post","status-publish","format-standard","has-post-thumbnail","hentry","category-industria"],"_links":{"self":[{"href":"https:\/\/dimensionturistica.com\/es\/wp-json\/wp\/v2\/posts\/501091","targetHints":{"allow":["GET"]}}],"collection":[{"href":"https:\/\/dimensionturistica.com\/es\/wp-json\/wp\/v2\/posts"}],"about":[{"href":"https:\/\/dimensionturistica.com\/es\/wp-json\/wp\/v2\/types\/post"}],"author":[{"embeddable":true,"href":"https:\/\/dimensionturistica.com\/es\/wp-json\/wp\/v2\/users\/1"}],"replies":[{"embeddable":true,"href":"https:\/\/dimensionturistica.com\/es\/wp-json\/wp\/v2\/comments?post=501091"}],"version-history":[{"count":0,"href":"https:\/\/dimensionturistica.com\/es\/wp-json\/wp\/v2\/posts\/501091\/revisions"}],"wp:featuredmedia":[{"embeddable":true,"href":"https:\/\/dimensionturistica.com\/es\/wp-json\/wp\/v2\/media\/501102"}],"wp:attachment":[{"href":"https:\/\/dimensionturistica.com\/es\/wp-json\/wp\/v2\/media?parent=501091"}],"wp:term":[{"taxonomy":"category","embeddable":true,"href":"https:\/\/dimensionturistica.com\/es\/wp-json\/wp\/v2\/categories?post=501091"},{"taxonomy":"post_tag","embeddable":true,"href":"https:\/\/dimensionturistica.com\/es\/wp-json\/wp\/v2\/tags?post=501091"}],"curies":[{"name":"wp","href":"https:\/\/api.w.org\/{rel}","templated":true}]}}