{"id":500948,"date":"2023-03-05T17:25:27","date_gmt":"2023-03-05T17:25:27","guid":{"rendered":"https:\/\/dimensionturistica.com\/es\/?p=500948"},"modified":"2023-03-05T17:25:27","modified_gmt":"2023-03-05T17:25:27","slug":"por-la-inseguridad-de-la-cual-se-vive-en-el-pais-las-empresas-y-familias-recurren-mas-a-la-seguridad-privada","status":"publish","type":"post","link":"https:\/\/dimensionturistica.com\/es\/por-la-inseguridad-de-la-cual-se-vive-en-el-pais-las-empresas-y-familias-recurren-mas-a-la-seguridad-privada\/","title":{"rendered":"Por la inseguridad de la cual se vive en el pa\u00eds, las empresas y familias recurren mas a la seguridad privada"},"content":{"rendered":"<p>Por la inseguridad que se vive en el pa\u00eds, la seguridad privada se posiciona como una necesidad recurrente en los programas de inversi\u00f3n de todo tipo de empresas en todas las entidades federativas del pa\u00eds, considera la Asociaci\u00f3n<img decoding=\"async\" class=\"size-medium wp-image-500951 alignright\" src=\"https:\/\/dimensionturistica.com\/es\/wp-content\/uploads\/2023\/03\/SEGURIDAD1-300x199.jpg\" alt=\"\" width=\"300\" height=\"199\" srcset=\"https:\/\/dimensionturistica.com\/es\/wp-content\/uploads\/2023\/03\/SEGURIDAD1-300x199.jpg 300w, https:\/\/dimensionturistica.com\/es\/wp-content\/uploads\/2023\/03\/SEGURIDAD1.jpg 600w\" sizes=\"(max-width: 300px) 100vw, 300px\" \/> Mexicana de Empresas de Seguridad Privada (AMESP). Es tambi\u00e9n un rengl\u00f3n importante en el gasto de las familias, las cuales recurren cada d\u00eda m\u00e1s a la contrataci\u00f3n de guardias de seguridad, alarmas, c\u00e1maras de videovigilancia y otros servicios.<br \/>\nEs, por tanto, un componente estrat\u00e9gico en la econom\u00eda y en el desarrollo nacional. En los \u00faltimos a\u00f1os este sector ha registrado un importante crecimiento y auge no s\u00f3lo por la inseguridad que se vive sino porque se trata de una industria vinculada al desarrollo. Principalmente acompa\u00f1a el crecimiento del pa\u00eds, camina y apoya el nacimiento y progresi\u00f3n de las ciudades y sociedades mexicanas con profesionalismo y con desarrollo tecnol\u00f3gico, la creaci\u00f3n y continuidad de los negocios y las infraestructuras.<br \/>\nEstas empresas han tenido en los \u00faltimos a\u00f1os una gran demanda en los sectores p\u00fablico y privado, a tal grado de que est\u00e1n ya en todos los rubros. Es por ello que los empresarios de la AMESP perciben un impacto en sus operaciones por el alza de los precios y han decidido analizar los factores macroecon\u00f3micos para entender las causas y buscar alternativas para asegurar sus operaciones en beneficio de sus clientes.<br \/>\nPreocupados por esta situaci\u00f3n, la Asociaci\u00f3n Mexicana de Empresas de<img decoding=\"async\" class=\"size-medium wp-image-500949 alignright\" src=\"https:\/\/dimensionturistica.com\/es\/wp-content\/uploads\/2023\/03\/SEURIDAD4-300x199.jpg\" alt=\"\" width=\"300\" height=\"199\" srcset=\"https:\/\/dimensionturistica.com\/es\/wp-content\/uploads\/2023\/03\/SEURIDAD4-300x199.jpg 300w, https:\/\/dimensionturistica.com\/es\/wp-content\/uploads\/2023\/03\/SEURIDAD4.jpg 600w\" sizes=\"(max-width: 300px) 100vw, 300px\" \/> Seguridad Privada (AMESP), que encabeza Gabriel Bernal G\u00f3mez, present\u00f3 en su primera Asamblea General Ordinaria de Asociados 2023 un an\u00e1lisis sobre el Entorno Econ\u00f3mico de M\u00e9xico: desaf\u00edos, perspectivas y an\u00e1lisis.<br \/>\nLa AMESP agrupa actualmente a las 216 empresa de seguridad privada m\u00e1s importantes que operan, debidamente regularizadas, en el pa\u00eds y es el principal promotor de la aprobaci\u00f3n de la Ley General de Seguridad Privada, que permita la legalizaci\u00f3n de las empresas privadas de seguridad que existen en M\u00e9xico, la creaci\u00f3n de una C\u00e1mara Nacional de la Industria de la Seguridad Privada y la profesionalizaci\u00f3n y mejora econ\u00f3mica de todo el personal que labora en estas.<\/p>\n","protected":false},"excerpt":{"rendered":"<p>Por la inseguridad que se vive en el pa\u00eds, la seguridad privada se posiciona como una necesidad recurrente en los programas de inversi\u00f3n de todo tipo de empresas en todas las entidades federativas del pa\u00eds, considera la Asociaci\u00f3n Mexicana de Empresas de Seguridad Privada (AMESP). Es tambi\u00e9n un rengl\u00f3n importante en el gasto de las [&hellip;]<\/p>\n","protected":false},"author":1,"featured_media":500950,"comment_status":"open","ping_status":"closed","sticky":false,"template":"","format":"standard","meta":{"om_disable_all_campaigns":false,"jnews-multi-image_gallery":[],"jnews_single_post":{"source_name":"","source_url":"","via_name":"","via_url":"","override_template":"0","override":[{"template":"1","single_blog_custom":"","parallax":"1","fullscreen":"1","layout":"right-sidebar","sidebar":"default-sidebar","second_sidebar":"default-sidebar","sticky_sidebar":"1","share_position":"top","share_float_style":"share-monocrhome","show_share_counter":"1","show_view_counter":"1","show_featured":"1","show_post_meta":"1","show_post_author":"1","show_post_author_image":"1","show_post_date":"1","post_date_format":"default","post_date_format_custom":"Y\/m\/d","show_post_category":"1","show_post_reading_time":"0","post_reading_time_wpm":"300","show_zoom_button":"0","zoom_button_out_step":"2","zoom_button_in_step":"3","show_post_tag":"1","show_prev_next_post":"1","show_popup_post":"1","number_popup_post":"1","show_author_box":"0","show_post_related":"0","show_inline_post_related":"0"}],"override_image_size":"0","image_override":[{"single_post_thumbnail_size":"crop-500","single_post_gallery_size":"crop-500"}],"trending_post":"0","trending_post_position":"meta","trending_post_label":"Trending","sponsored_post":"0","sponsored_post_label":"Sponsored by","sponsored_post_name":"","sponsored_post_url":"","sponsored_post_logo_enable":"0","sponsored_post_logo":"","sponsored_post_desc":"","disable_ad":"0"},"jnews_primary_category":{"id":"","hide":""},"jnews_social_meta":{"fb_title":"","fb_description":"","fb_image":"","twitter_title":"","twitter_description":"","twitter_image":""},"footnotes":""},"categories":[40],"tags":[],"class_list":["post-500948","post","type-post","status-publish","format-standard","has-post-thumbnail","hentry","category-industria"],"_links":{"self":[{"href":"https:\/\/dimensionturistica.com\/es\/wp-json\/wp\/v2\/posts\/500948","targetHints":{"allow":["GET"]}}],"collection":[{"href":"https:\/\/dimensionturistica.com\/es\/wp-json\/wp\/v2\/posts"}],"about":[{"href":"https:\/\/dimensionturistica.com\/es\/wp-json\/wp\/v2\/types\/post"}],"author":[{"embeddable":true,"href":"https:\/\/dimensionturistica.com\/es\/wp-json\/wp\/v2\/users\/1"}],"replies":[{"embeddable":true,"href":"https:\/\/dimensionturistica.com\/es\/wp-json\/wp\/v2\/comments?post=500948"}],"version-history":[{"count":0,"href":"https:\/\/dimensionturistica.com\/es\/wp-json\/wp\/v2\/posts\/500948\/revisions"}],"wp:featuredmedia":[{"embeddable":true,"href":"https:\/\/dimensionturistica.com\/es\/wp-json\/wp\/v2\/media\/500950"}],"wp:attachment":[{"href":"https:\/\/dimensionturistica.com\/es\/wp-json\/wp\/v2\/media?parent=500948"}],"wp:term":[{"taxonomy":"category","embeddable":true,"href":"https:\/\/dimensionturistica.com\/es\/wp-json\/wp\/v2\/categories?post=500948"},{"taxonomy":"post_tag","embeddable":true,"href":"https:\/\/dimensionturistica.com\/es\/wp-json\/wp\/v2\/tags?post=500948"}],"curies":[{"name":"wp","href":"https:\/\/api.w.org\/{rel}","templated":true}]}}