{"id":500916,"date":"2023-03-05T17:01:30","date_gmt":"2023-03-05T17:01:30","guid":{"rendered":"https:\/\/dimensionturistica.com\/es\/?p=500916"},"modified":"2023-03-05T17:04:43","modified_gmt":"2023-03-05T17:04:43","slug":"eptur-y-la-metro-realizaron-un-encuentro-profesional-de-turismo-2023-edicion-primavera-verano","status":"publish","type":"post","link":"https:\/\/dimensionturistica.com\/es\/eptur-y-la-metro-realizaron-un-encuentro-profesional-de-turismo-2023-edicion-primavera-verano\/","title":{"rendered":"EPTUR y La METRO realizaron un Encuentro Profesional de Turismo 2023 Edici\u00f3n Primavera-Verano"},"content":{"rendered":"<p>Teniendo como sede el hotel Mar\u00eda Isabel Sheraton Ciudad de M\u00e9xico, la<img decoding=\"async\" class=\"size-medium wp-image-500925 alignright\" src=\"https:\/\/dimensionturistica.com\/es\/wp-content\/uploads\/2023\/03\/FB_IMG_1678034525271-300x225.jpg\" alt=\"\" width=\"300\" height=\"225\" srcset=\"https:\/\/dimensionturistica.com\/es\/wp-content\/uploads\/2023\/03\/FB_IMG_1678034525271-300x225.jpg 300w, https:\/\/dimensionturistica.com\/es\/wp-content\/uploads\/2023\/03\/FB_IMG_1678034525271.jpg 720w\" sizes=\"(max-width: 300px) 100vw, 300px\" \/> Asociaci\u00f3n Metropolitana de Agencias de Viajes, A.C. realiz\u00f3 el Encuentro Profesional de Turismo 2023 en su versi\u00f3n primavera-verano.<br \/>\nEl evento consisti\u00f3 de un workshop donde m\u00e1s de 100 expositores mostraron la oferta tur\u00edstica que manejan, a los agentes de viajes de nuestro pa\u00eds que se dieron cita; se ofrecieron tambi\u00e9n 3 seminarios a cargo de Operadora Concierge, Travel Shop y Punta del Este Operadora, con los temas de turismo deportivo; sustentabilidad, comunicaci\u00f3n y turismo; y herramientas para los agentes de viajes hoy; cerrando, con un panel enfocado a los socios Metro<img decoding=\"async\" class=\"size-medium wp-image-500921 alignright\" src=\"https:\/\/dimensionturistica.com\/es\/wp-content\/uploads\/2023\/03\/FB_IMG_1678034512608-300x225.jpg\" alt=\"\" width=\"300\" height=\"225\" srcset=\"https:\/\/dimensionturistica.com\/es\/wp-content\/uploads\/2023\/03\/FB_IMG_1678034512608-300x225.jpg 300w, https:\/\/dimensionturistica.com\/es\/wp-content\/uploads\/2023\/03\/FB_IMG_1678034512608.jpg 720w\" sizes=\"(max-width: 300px) 100vw, 300px\" \/> titulado \u201c13 puentes\u2026con un mismo destino\u201d, en el cual los invitados fueron los expresidentes Virgilio Garza (2002-2003), Lorenzo Salsamendi (2004-2006) y Sonia Maiz (2007-2009); haciendo alusi\u00f3n a los 30 a\u00f1os de vida que celebra la asociaci\u00f3n este a\u00f1o.<br \/>\nEl evento fue inaugurado por el Lic. Miguel Torruco Marqu\u00e9s, acompa\u00f1ado por Jos\u00e9 Luis Medina, Presidente de la Metro; el Excmo. Embajador de Espa\u00f1a en M\u00e9xico, Juan Duarte Cuadrado; Nathalie Desplas, Secretaria de Turismo de la Ciudad de M\u00e9xico; Judith Guerra,<img decoding=\"async\" class=\"size-medium wp-image-500928 alignright\" src=\"https:\/\/dimensionturistica.com\/es\/wp-content\/uploads\/2023\/03\/FB_IMG_1678034536530-300x225.jpg\" alt=\"\" width=\"300\" height=\"225\" srcset=\"https:\/\/dimensionturistica.com\/es\/wp-content\/uploads\/2023\/03\/FB_IMG_1678034536530-300x225.jpg 300w, https:\/\/dimensionturistica.com\/es\/wp-content\/uploads\/2023\/03\/FB_IMG_1678034536530.jpg 720w\" sizes=\"(max-width: 300px) 100vw, 300px\" \/> Presidenta de GMA; Diana Olivares, Presidenta de CANAERO; y Arturo Javier Galicia, Director del Comit\u00e9 Organizador de EPTUR.<br \/>\n\u201cEn esta segunda versi\u00f3n y primera de 2023, EPTUR se consolida con la participaci\u00f3n de 104 empresas tur\u00edsticas en una jornada de encuentros seminarios y networking. Se encuentran las m\u00e1s importantes operadoras mayoristas, agencias de representaciones internacionales, agencias receptivas y DMC; as\u00ed como aseguradoras, navieras, l\u00edneas a\u00e9reas internacionales, hoteles independientes y cadenas, globalizadores, turismo de reuniones, especialistas en<img decoding=\"async\" class=\"size-medium wp-image-500927 alignright\" src=\"https:\/\/dimensionturistica.com\/es\/wp-content\/uploads\/2023\/03\/FB_IMG_1678034530734-300x225.jpg\" alt=\"\" width=\"300\" height=\"225\" srcset=\"https:\/\/dimensionturistica.com\/es\/wp-content\/uploads\/2023\/03\/FB_IMG_1678034530734-300x225.jpg 300w, https:\/\/dimensionturistica.com\/es\/wp-content\/uploads\/2023\/03\/FB_IMG_1678034530734.jpg 720w\" sizes=\"(max-width: 300px) 100vw, 300px\" \/> eventos deportivos y espect\u00e1culos, as\u00ed como, oficinas de turismo de importantes pa\u00edses receptores y emisores de turistas. Es un evento concebido por y para los agentes de viajes, fiel a su premisa de ayudar a la industria a estrechar lazos y generar negocios; la Metro de la mano de Ladevi Medios y Soluciones, sumamos experiencia en beneficio de los agentes y de la industria en general\u201d. declar\u00f3 Jose Luis Medina, Presidente de la Asociaci\u00f3n Metropolitana de Agencias de Viajes, A.C.<br \/>\nOtros momentos importantes del d\u00eda fueron el desayuno patrocinado por Punta del Este Operadora, la comida a cargo de Assist Card y el coctel de cierre gracias a Terrawind.<\/p>\n","protected":false},"excerpt":{"rendered":"<p>Teniendo como sede el hotel Mar\u00eda Isabel Sheraton Ciudad de M\u00e9xico, la Asociaci\u00f3n Metropolitana de Agencias de Viajes, A.C. realiz\u00f3 el Encuentro Profesional de Turismo 2023 en su versi\u00f3n primavera-verano. El evento consisti\u00f3 de un workshop donde m\u00e1s de 100 expositores mostraron la oferta tur\u00edstica que manejan, a los agentes de viajes de nuestro pa\u00eds [&hellip;]<\/p>\n","protected":false},"author":1,"featured_media":500929,"comment_status":"open","ping_status":"closed","sticky":false,"template":"","format":"standard","meta":{"om_disable_all_campaigns":false,"jnews-multi-image_gallery":[],"jnews_single_post":{"source_name":"","source_url":"","via_name":"","via_url":"","override_template":"0","override":[{"template":"1","single_blog_custom":"","parallax":"1","fullscreen":"1","layout":"right-sidebar","sidebar":"default-sidebar","second_sidebar":"default-sidebar","sticky_sidebar":"1","share_position":"top","share_float_style":"share-monocrhome","show_share_counter":"1","show_view_counter":"1","show_featured":"1","show_post_meta":"1","show_post_author":"1","show_post_author_image":"1","show_post_date":"1","post_date_format":"default","post_date_format_custom":"Y\/m\/d","show_post_category":"1","show_post_reading_time":"0","post_reading_time_wpm":"300","show_zoom_button":"0","zoom_button_out_step":"2","zoom_button_in_step":"3","show_post_tag":"1","show_prev_next_post":"1","show_popup_post":"1","number_popup_post":"1","show_author_box":"0","show_post_related":"0","show_inline_post_related":"0"}],"override_image_size":"0","image_override":[{"single_post_thumbnail_size":"crop-500","single_post_gallery_size":"crop-500"}],"trending_post":"0","trending_post_position":"meta","trending_post_label":"Trending","sponsored_post":"0","sponsored_post_label":"Sponsored by","sponsored_post_name":"","sponsored_post_url":"","sponsored_post_logo_enable":"0","sponsored_post_logo":"","sponsored_post_desc":"","disable_ad":"0"},"jnews_primary_category":{"id":"","hide":""},"jnews_social_meta":{"fb_title":"","fb_description":"","fb_image":"","twitter_title":"","twitter_description":"","twitter_image":""},"footnotes":""},"categories":[39],"tags":[],"class_list":["post-500916","post","type-post","status-publish","format-standard","has-post-thumbnail","hentry","category-viajes"],"_links":{"self":[{"href":"https:\/\/dimensionturistica.com\/es\/wp-json\/wp\/v2\/posts\/500916","targetHints":{"allow":["GET"]}}],"collection":[{"href":"https:\/\/dimensionturistica.com\/es\/wp-json\/wp\/v2\/posts"}],"about":[{"href":"https:\/\/dimensionturistica.com\/es\/wp-json\/wp\/v2\/types\/post"}],"author":[{"embeddable":true,"href":"https:\/\/dimensionturistica.com\/es\/wp-json\/wp\/v2\/users\/1"}],"replies":[{"embeddable":true,"href":"https:\/\/dimensionturistica.com\/es\/wp-json\/wp\/v2\/comments?post=500916"}],"version-history":[{"count":0,"href":"https:\/\/dimensionturistica.com\/es\/wp-json\/wp\/v2\/posts\/500916\/revisions"}],"wp:featuredmedia":[{"embeddable":true,"href":"https:\/\/dimensionturistica.com\/es\/wp-json\/wp\/v2\/media\/500929"}],"wp:attachment":[{"href":"https:\/\/dimensionturistica.com\/es\/wp-json\/wp\/v2\/media?parent=500916"}],"wp:term":[{"taxonomy":"category","embeddable":true,"href":"https:\/\/dimensionturistica.com\/es\/wp-json\/wp\/v2\/categories?post=500916"},{"taxonomy":"post_tag","embeddable":true,"href":"https:\/\/dimensionturistica.com\/es\/wp-json\/wp\/v2\/tags?post=500916"}],"curies":[{"name":"wp","href":"https:\/\/api.w.org\/{rel}","templated":true}]}}