{"id":500897,"date":"2023-03-05T16:22:09","date_gmt":"2023-03-05T16:22:09","guid":{"rendered":"https:\/\/dimensionturistica.com\/es\/?p=500897"},"modified":"2023-03-05T16:28:25","modified_gmt":"2023-03-05T16:28:25","slug":"logra-el-calzado-mexicano-la-mayor-exportacion-en-20-anos-con-36-millones-de-pares","status":"publish","type":"post","link":"https:\/\/dimensionturistica.com\/es\/logra-el-calzado-mexicano-la-mayor-exportacion-en-20-anos-con-36-millones-de-pares\/","title":{"rendered":"Logra el calzado mexicano la mayor exportaci\u00f3n en 20 a\u00f1os con 36 millones de pares."},"content":{"rendered":"<p>Durante 2022 la industria mexicana del calzado logro su mayor nivel de exportaciones en los \u00faltimos 20 a\u00f1os, al comercializar en el exterior 36 millones de pares a un precio promedio de 27 d\u00f3lares por par, como resultado de un importante esfuerzo de esta industria que tiene como objetivo incrementar la rentabilidad de las empresas que logran vender en los mercados internacionales.<br \/>\nDurante la conferencia de prensa en la que informaron los pormenores de la<img decoding=\"async\" class=\"size-medium wp-image-500901 alignright\" src=\"https:\/\/dimensionturistica.com\/es\/wp-content\/uploads\/2023\/03\/Presidenta-municipal-de-Leon-300x198.jpg\" alt=\"\" width=\"300\" height=\"198\" srcset=\"https:\/\/dimensionturistica.com\/es\/wp-content\/uploads\/2023\/03\/Presidenta-municipal-de-Leon-300x198.jpg 300w, https:\/\/dimensionturistica.com\/es\/wp-content\/uploads\/2023\/03\/Presidenta-municipal-de-Leon-1024x675.jpg 1024w, https:\/\/dimensionturistica.com\/es\/wp-content\/uploads\/2023\/03\/Presidenta-municipal-de-Leon-768x506.jpg 768w, https:\/\/dimensionturistica.com\/es\/wp-content\/uploads\/2023\/03\/Presidenta-municipal-de-Leon-1536x1012.jpg 1536w, https:\/\/dimensionturistica.com\/es\/wp-content\/uploads\/2023\/03\/Presidenta-municipal-de-Leon-750x494.jpg 750w, https:\/\/dimensionturistica.com\/es\/wp-content\/uploads\/2023\/03\/Presidenta-municipal-de-Leon-1140x751.jpg 1140w, https:\/\/dimensionturistica.com\/es\/wp-content\/uploads\/2023\/03\/Presidenta-municipal-de-Leon.jpg 1600w\" sizes=\"(max-width: 300px) 100vw, 300px\" \/> edici\u00f3n numero 88 del Sal\u00f3n de la Piel y el Calzado (SAPICA), a celebrarse del 7 al 9 de marzo en el Polif\u00f3rum Le\u00f3n, directivos del sector destacaron la calidad y recuperaci\u00f3n del zapato elaborado en Guanajuato y en todo el pa\u00eds.<br \/>\nEn esta edici\u00f3n de SAPICA se espera la presencia de m\u00e1s de 2,300 empresas compradoras \u00fanicas nacionales e internacionales de 30 pa\u00edses como Estados Unidos, Canad\u00e1, Guatemala, Costa Rica. Tambi\u00e9n se contar\u00e1 con la presencia de 350 expositores, 2000 marcas de calzado y marroquiner\u00eda y una asistencia total de 13 mil visitantes Alfredo Padilla Villalpando, presidente de la C\u00e1mara de la Industria del Calzado de Guanajuato, manifest\u00f3 que SAPICA fue la \u00fanica feria de Latinoam\u00e9rica que a pesar de la pandemia no se detuvo y con ello pudo mantener activa a su cadena de valor.<br \/>\nAgradeci\u00f3 el apoyo del gobierno de Guanajuato, a trav\u00e9s de la Secretar\u00eda de Desarrollo Econ\u00f3mico Sustentable y de la de Turismo para la realizaci\u00f3n de una edici\u00f3n m\u00e1s de esta exposici\u00f3n.<img decoding=\"async\" class=\"size-medium wp-image-500903 alignright\" src=\"https:\/\/dimensionturistica.com\/es\/wp-content\/uploads\/2023\/03\/Foto-final-conferencia-300x200.jpg\" alt=\"\" width=\"300\" height=\"200\" srcset=\"https:\/\/dimensionturistica.com\/es\/wp-content\/uploads\/2023\/03\/Foto-final-conferencia-300x200.jpg 300w, https:\/\/dimensionturistica.com\/es\/wp-content\/uploads\/2023\/03\/Foto-final-conferencia-1024x682.jpg 1024w, https:\/\/dimensionturistica.com\/es\/wp-content\/uploads\/2023\/03\/Foto-final-conferencia-768x512.jpg 768w, https:\/\/dimensionturistica.com\/es\/wp-content\/uploads\/2023\/03\/Foto-final-conferencia-1536x1023.jpg 1536w, https:\/\/dimensionturistica.com\/es\/wp-content\/uploads\/2023\/03\/Foto-final-conferencia-750x500.jpg 750w, https:\/\/dimensionturistica.com\/es\/wp-content\/uploads\/2023\/03\/Foto-final-conferencia-1140x760.jpg 1140w, https:\/\/dimensionturistica.com\/es\/wp-content\/uploads\/2023\/03\/Foto-final-conferencia.jpg 1600w\" sizes=\"(max-width: 300px) 100vw, 300px\" \/><br \/>\nMauricio Battaglia, presidente de SAPICA, hizo un reconocimiento a la Universidad La Salle Baj\u00edo, en especial a su Facultad de Dise\u00f1o, por la colaboraci\u00f3n para el concepto general e imagen de la edici\u00f3n 88.<br \/>\n\u201cNuestra visi\u00f3n en CICEG y SAPICA es promover una industria del calzado y marroquiner\u00eda en proceso de evoluci\u00f3n y con un claro rumbo hacia el futuro: ofrecer valor, dise\u00f1o, innovaci\u00f3n y sostenibilidad en sus colecciones\u201d.<br \/>\nAl respecto Javier Pi\u00f1a, director creativo de SAPICA y Monserrat Hern\u00e1ndez, representante del equipo de dise\u00f1adores de la Salle Baj\u00edo, explicaron el desarrollo del Racional Creativo, es decir la informaci\u00f3n que permiti\u00f3 crear un concepto de experiencia para esta feria, como el comportamiento, la psicolog\u00eda y la sociolog\u00eda del consumidor. Ver\u00f3nica Salazar, directora de SAPICA, inform\u00f3 que en el marco de la edici\u00f3n 88 se llevar\u00e1 a cabo un reconocimiento a los forjadores de la industria, al tiempo que en el Pabell\u00f3n de conocimiento se presentaran conferencistas como Nadia T\u00e1mez, Oso Trava, I\u00f1igo Lanz, Javier Pi\u00f1a, Juan Lombana y Ana Mar\u00edn.<br \/>\nEntre los temas que desarrollar\u00e1n est\u00e1n la realidad extendida y el metaverso en las ventas, el futuro del sector calzado, el merchandising 4.0, las macrotendencias en el consumidor y el marketing digital, entre otros.<img decoding=\"async\" class=\"size-medium wp-image-500907 alignright\" src=\"https:\/\/dimensionturistica.com\/es\/wp-content\/uploads\/2023\/03\/Presidente-CICEG-300x190.jpg\" alt=\"\" width=\"300\" height=\"190\" srcset=\"https:\/\/dimensionturistica.com\/es\/wp-content\/uploads\/2023\/03\/Presidente-CICEG-300x190.jpg 300w, https:\/\/dimensionturistica.com\/es\/wp-content\/uploads\/2023\/03\/Presidente-CICEG-1024x648.jpg 1024w, https:\/\/dimensionturistica.com\/es\/wp-content\/uploads\/2023\/03\/Presidente-CICEG-768x486.jpg 768w, https:\/\/dimensionturistica.com\/es\/wp-content\/uploads\/2023\/03\/Presidente-CICEG-1536x972.jpg 1536w, https:\/\/dimensionturistica.com\/es\/wp-content\/uploads\/2023\/03\/Presidente-CICEG-750x474.jpg 750w, https:\/\/dimensionturistica.com\/es\/wp-content\/uploads\/2023\/03\/Presidente-CICEG-1140x721.jpg 1140w, https:\/\/dimensionturistica.com\/es\/wp-content\/uploads\/2023\/03\/Presidente-CICEG.jpg 1600w\" sizes=\"(max-width: 300px) 100vw, 300px\" \/><br \/>\nPor su parte, Daniel Sep\u00falveda, gerente de comercio exterior de CICEG, explico que en esta edici\u00f3n habr\u00e1 un importante n\u00famero de compradores de diversas naciones como Estados Unidos, Canad\u00e1, Per\u00fa, Ecuador, El Salvador y Costa Rica, entre otros, muchos de ellos compradores de boutiques y tiendas independientes.<br \/>\nEl gerente de Servicio a Socios de la C\u00e1mara, Miguel Ram\u00edrez, destac\u00f3 la realizaci\u00f3n del concepto Sapica Session, un coctel de alfombra rosa con la presencia de las influencers Regina Peredo y Sofia Torre, quienes promueven la marca SAPICA en sus distintas redes, as\u00ed como la realizaci\u00f3n del llamado Time Out by Sapica, pabell\u00f3n gastron\u00f3mico en el cual participar\u00e1n dos restaurantes y diez negocios de comida r\u00e1pida con servicio de entrega a los stands.<br \/>\nDe igual manera, Froyl\u00e1n Salas, subsecretario para el Desarrollo de las Mipymes de la Secretar\u00eda de Desarrollo Econ\u00f3mico de Guanajuato, dijo que este sector de las empresas son la base econ\u00f3mica de la entidad y calific\u00f3 a SAPICA un evento que le da identidad a Le\u00f3n y Guanajuato, adem\u00e1s de destacar la creciente oferta de calzado para los mercados mexicano e internacionales.<br \/>\nFinalmente, Alejandra Guti\u00e9rrez, presidenta municipal de Le\u00f3n, asever\u00f3 que el 80 por ciento de las personas que visitan SAPICA suelen regresar al evento, fundamentalmente por la calidad del producto que all\u00ed se vende y destac\u00f3 que Le\u00f3n tiene para sus visitantes 165 hoteles casi 9000 cuartos de hotel disponibles.<\/p>\n","protected":false},"excerpt":{"rendered":"<p>Durante 2022 la industria mexicana del calzado logro su mayor nivel de exportaciones en los \u00faltimos 20 a\u00f1os, al comercializar en el exterior 36 millones de pares a un precio promedio de 27 d\u00f3lares por par, como resultado de un importante esfuerzo de esta industria que tiene como objetivo incrementar la rentabilidad de las empresas [&hellip;]<\/p>\n","protected":false},"author":1,"featured_media":500902,"comment_status":"open","ping_status":"closed","sticky":false,"template":"","format":"standard","meta":{"om_disable_all_campaigns":false,"jnews-multi-image_gallery":[],"jnews_single_post":{"source_name":"","source_url":"","via_name":"","via_url":"","override_template":"0","override":[{"template":"1","single_blog_custom":"","parallax":"1","fullscreen":"1","layout":"right-sidebar","sidebar":"default-sidebar","second_sidebar":"default-sidebar","sticky_sidebar":"1","share_position":"top","share_float_style":"share-monocrhome","show_share_counter":"1","show_view_counter":"1","show_featured":"1","show_post_meta":"1","show_post_author":"1","show_post_author_image":"1","show_post_date":"1","post_date_format":"default","post_date_format_custom":"Y\/m\/d","show_post_category":"1","show_post_reading_time":"0","post_reading_time_wpm":"300","show_zoom_button":"0","zoom_button_out_step":"2","zoom_button_in_step":"3","show_post_tag":"1","show_prev_next_post":"1","show_popup_post":"1","number_popup_post":"1","show_author_box":"0","show_post_related":"0","show_inline_post_related":"0"}],"override_image_size":"0","image_override":[{"single_post_thumbnail_size":"crop-500","single_post_gallery_size":"crop-500"}],"trending_post":"0","trending_post_position":"meta","trending_post_label":"Trending","sponsored_post":"0","sponsored_post_label":"Sponsored by","sponsored_post_name":"","sponsored_post_url":"","sponsored_post_logo_enable":"0","sponsored_post_logo":"","sponsored_post_desc":"","disable_ad":"0"},"jnews_primary_category":{"id":"","hide":""},"jnews_social_meta":{"fb_title":"","fb_description":"","fb_image":"","twitter_title":"","twitter_description":"","twitter_image":""},"footnotes":""},"categories":[40],"tags":[],"class_list":["post-500897","post","type-post","status-publish","format-standard","has-post-thumbnail","hentry","category-industria"],"_links":{"self":[{"href":"https:\/\/dimensionturistica.com\/es\/wp-json\/wp\/v2\/posts\/500897","targetHints":{"allow":["GET"]}}],"collection":[{"href":"https:\/\/dimensionturistica.com\/es\/wp-json\/wp\/v2\/posts"}],"about":[{"href":"https:\/\/dimensionturistica.com\/es\/wp-json\/wp\/v2\/types\/post"}],"author":[{"embeddable":true,"href":"https:\/\/dimensionturistica.com\/es\/wp-json\/wp\/v2\/users\/1"}],"replies":[{"embeddable":true,"href":"https:\/\/dimensionturistica.com\/es\/wp-json\/wp\/v2\/comments?post=500897"}],"version-history":[{"count":0,"href":"https:\/\/dimensionturistica.com\/es\/wp-json\/wp\/v2\/posts\/500897\/revisions"}],"wp:featuredmedia":[{"embeddable":true,"href":"https:\/\/dimensionturistica.com\/es\/wp-json\/wp\/v2\/media\/500902"}],"wp:attachment":[{"href":"https:\/\/dimensionturistica.com\/es\/wp-json\/wp\/v2\/media?parent=500897"}],"wp:term":[{"taxonomy":"category","embeddable":true,"href":"https:\/\/dimensionturistica.com\/es\/wp-json\/wp\/v2\/categories?post=500897"},{"taxonomy":"post_tag","embeddable":true,"href":"https:\/\/dimensionturistica.com\/es\/wp-json\/wp\/v2\/tags?post=500897"}],"curies":[{"name":"wp","href":"https:\/\/api.w.org\/{rel}","templated":true}]}}